{"id":6170,"date":"2026-09-06T06:29:20","date_gmt":"2026-09-06T03:29:20","guid":{"rendered":"https:\/\/zeleka.com\/?p=6170"},"modified":"2026-09-06T06:29:20","modified_gmt":"2026-09-06T03:29:20","slug":"6170","status":"publish","type":"post","link":"https:\/\/zeleka.com\/?p=6170","title":{"rendered":"<div>          <main id=\"sayfacontent\">                                          <div gs-column=\"36\">                        <div data-modulsure=\"0\" gs-x=\"0\" gs-y=\"4\" gs-w=\"24\" gs-h=\"100\" data-gs-autoh=\"1\" data-gs-autokucult=\"0\" data-zeminrenk=\"-1\" data-s"},"content":{"rendered":"<div>          <main id=\"sayfacontent\">                                          <\/p>\n<div gs-column=\"36\">\n<div data-modulsure=\"0\" gs-x=\"0\" gs-y=\"4\" gs-w=\"24\" gs-h=\"100\" data-gs-autoh=\"1\" data-gs-autokucult=\"0\" data-zeminrenk=\"-1\" data-spotrenk=\"0\" data-baslikrenk=\"0\" data-seritrenk=\"-1\" data-hoverrenk=\"-1\" data-font1=\"1\" data-baslikkalinlik=\"4\" data-spotkalinlik=\"2\" data-baslikbold=\"4\" data-spotbold=\"3\" data-cogaltx=\"0\" data-cogalty=\"0\" data-border=\"0\" data-borderrenk=\"0\" data-baslikls=\"0\" data-basliklh=\"0\" data-spotls=\"0\" data-spotlh=\"0\" data-metin1renk=\"-1\" data-metin1ls=\"0\" data-metin1lh=\"0\" data-metin1kalinlik=\"0\" data-metin1bold=\"0\" data-metin2renk=\"-1\" data-metin2ls=\"0\" data-metin2lh=\"0\" data-metin2kalinlik=\"0\" data-metin2bold=\"0\" data-sticky=\"0\" data-tamgenislik=\"0\" data-icegirinti=\"0\" data-arkarenk=\"1\" data-baslikharfduzeni=\"0\">\n<div>\n<p><nav>                               <a title=\"G\u00dcNCEL\" href=\"http:\/\/caykaragundem.com\/haber\/kategori\/guncel-22\">G\u00dcNCEL<\/a>          <\/nav>\n<\/p>\n<div>\n<p><time>Tarih: 5.09.2026 13:20:00 <\/time>              <time>  0 Yorum  <\/time>              <\/p>\n<\/p><\/div>\n<div>\n<p><img decoding=\"async\" src=\"http:\/\/caykaragundem.com\/resimler\/2026-9\/5\/94321222890397.webp\"   width=\"1000\" height=\"640\" alt=\"\u00c7aykara'l\u0131 K\u0131rmac\u0131 Kemalpa\u015fa M\u00fcft\u00fcl\u00fc\u011f\u00fc G\u00f6revine Atand\u0131\" fetchpriority=\"high\"><\/p>\n<h2>              \u00c7aykara&#8217;l\u0131 K\u0131rmac\u0131 Kemalpa\u015fa M\u00fcft\u00fcl\u00fc\u011f\u00fc G\u00f6revine Atand\u0131          <\/h2>\n<div id=\"detaymetin\">\n<p>\u00c7aykara\u2019l\u0131 Mustafa \u0130dris K\u0131rmac\u0131 Artvin ili Kemalpa\u015fa \u0130l\u00e7esi \u0130l\u00e7e M\u00fcft\u00fcl\u00fc\u011f\u00fc g\u00f6revine atand\u0131.<br \/>\u00c7aykara G\u00fcndem Gazetesi olarak K\u0131ymetli M\u00fcft\u00fcm\u00fcz\u00fc yeni g\u00f6revinden dolay\u0131 tebrik ediyor,g\u00f6revinde \u00fcst\u00fcn ba\u015far\u0131lar diliyoruz.<br \/>MUSTAFA \u0130DR\u0130S KIRMACI K\u0130MD\u0130R?<br \/>1995 y\u0131l\u0131nda Trabzon\u2019un \u00c7aykara il\u00e7esinde do\u011fdu. Orta\u00f6\u011frenimini 2013 y\u0131l\u0131nda \u00c7aykara \u0130mam Hatip Lisesinde tamamlad\u0131. 2019 y\u0131l\u0131nda Samsun Ondokuz May\u0131s \u00dcniversitesi \u0130lahiyat Fak\u00fcltesinden mezun oldu. Lisans e\u011fitimi s\u00fcrecinde klasik usulde \u0130slami ilimler tahsil ederek icazet ald\u0131.<br \/>2019 y\u0131l\u0131nda Erzurum&#8217;un Olur il\u00e7esinde imam hatip olarak meslek hayat\u0131na ba\u015flad\u0131. 2020 y\u0131l\u0131nda Kocaeli Dini Y\u00fcksek \u0130htisas Merkezinde ba\u015flad\u0131\u011f\u0131 ihtisas e\u011fitimini 2023 y\u0131l\u0131nda tamamlay\u0131p G\u00fcm\u00fc\u015fhane\u2019nin Torul il\u00e7esine vaiz olarak atand\u0131.<br \/>2024 y\u0131l\u0131nda Yalova \u00dcniversitesinde \u0130slam Mezhepleri Tarihi alan\u0131nda y\u00fcksek lisans\u0131n\u0131 tamamlad\u0131. Halen ayn\u0131 alanda Doktora e\u011fitimine devam etmektedir.<br \/>Diyanet \u0130\u015fleri Ba\u015fkanl\u0131\u011f\u0131n\u0131n 2025 y\u0131l\u0131 Hac organizasyonunda sa\u011fl\u0131k terc\u00fcman\u0131 olarak g\u00f6rev ald\u0131.<br \/>Torul \u0130l\u00e7e Vaizi olarak g\u00f6rev yapmaktayken Kemalpa\u015fa \u0130l\u00e7e M\u00fcft\u00fcs\u00fc olarak atand\u0131.<br \/>\u0130leri seviyede Arap\u00e7a, iyi seviyede \u0130ngilizce ve temel seviyede Fars\u00e7a bilmektedir.<br \/>Evli ve iki \u00e7ocuk babas\u0131d\u0131r.<\/p>\n<p>          <\/div>\n<\/p><\/div>\n<\/p><\/div>\n<p>          <\/div>\n<div data-modulsure=\"1\" gs-x=\"24\" gs-y=\"54\" gs-w=\"12\" gs-h=\"44\" data-gs-autoh=\"-1\" data-gs-autokucult=\"0\" data-zeminrenk=\"-1\" data-spotrenk=\"-1\" data-baslikrenk=\"0\" data-seritrenk=\"-1\" data-hoverrenk=\"10\" data-font1=\"0\" data-baslikkalinlik=\"0\" data-spotkalinlik=\"0\" data-baslikbold=\"0\" data-spotbold=\"0\" data-cogaltx=\"0\" data-cogalty=\"0\" data-border=\"0\" data-borderrenk=\"-1\" data-baslikls=\"0\" data-basliklh=\"0\" data-spotls=\"0\" data-spotlh=\"0\" data-metin1renk=\"-1\" data-metin1ls=\"0\" data-metin1lh=\"0\" data-metin1kalinlik=\"0\" data-metin1bold=\"0\" data-metin2renk=\"-1\" data-metin2ls=\"0\" data-metin2lh=\"0\" data-metin2kalinlik=\"0\" data-metin2bold=\"0\" data-sticky=\"0\" data-tamgenislik=\"0\" data-icegirinti=\"0\" data-arkarenk=\"1\" data-baslikharfduzeni=\"0\">\n<figure>                          <a aria-label=\"\u00c7aykara'l\u0131 K\u0131rmac\u0131 Kemalpa\u015fa M\u00fcft\u00fcl\u00fc\u011f\u00fc G\u00f6revine Atand\u0131\" href=\"http:\/\/caykaragundem.com\/haber\/caykarali-kirmaci-kemalpasa-muftulugu-gorevine-atandi-12831\"><\/a>                          <\/p>\n<p><img decoding=\"async\" src=\"http:\/\/caykaragundem.com\/resimler\/2026-9\/5\/94321222890397.webp\"   width=\"1000\" height=\"640\" alt=\"\u00c7aykara'l\u0131 K\u0131rmac\u0131 Kemalpa\u015fa M\u00fcft\u00fcl\u00fc\u011f\u00fc G\u00f6revine Atand\u0131\" fetchpriority=\"high\"><\/p>\n<\/figure><\/div>\n<\/p><\/div>\n<p>          <\/main>      <\/div>\n","protected":false},"excerpt":{"rendered":"<p>G\u00dcNCEL Tarih: 5.09.2026 13:20:00 0 Yorum \u00c7aykara&#8217;l\u0131 K\u0131rmac\u0131 Kemalpa\u015fa M\u00fcft\u00fcl\u00fc\u011f\u00fc G\u00f6revine Atand\u0131 \u00c7aykara\u2019l\u0131 Mustafa \u0130dris K\u0131rmac\u0131 Artvin ili Kemalpa\u015fa \u0130l\u00e7esi \u0130l\u00e7e M\u00fcft\u00fcl\u00fc\u011f\u00fc g\u00f6revine atand\u0131.\u00c7aykara G\u00fcndem Gazetesi olarak K\u0131ymetli M\u00fcft\u00fcm\u00fcz\u00fc yeni g\u00f6revinden dolay\u0131 tebrik ediyor,g\u00f6revinde \u00fcst\u00fcn ba\u015far\u0131lar diliyoruz.MUSTAFA \u0130DR\u0130S KIRMACI K\u0130MD\u0130R?1995 y\u0131l\u0131nda Trabzon\u2019un \u00c7aykara il\u00e7esinde do\u011fdu. Orta\u00f6\u011frenimini 2013 y\u0131l\u0131nda \u00c7aykara \u0130mam Hatip Lisesinde tamamlad\u0131. 2019 y\u0131l\u0131nda [&hellip;]<\/p>\n","protected":false},"author":1,"featured_media":6171,"comment_status":"open","ping_status":"open","sticky":false,"template":"","format":"standard","meta":{"tdm_status":"","tdm_grid_status":"","footnotes":""},"categories":[40],"tags":[],"class_list":["post-6170","post","type-post","status-publish","format-standard","has-post-thumbnail","category-caykara"],"_links":{"self":[{"href":"https:\/\/zeleka.com\/index.php?rest_route=\/wp\/v2\/posts\/6170","targetHints":{"allow":["GET"]}}],"collection":[{"href":"https:\/\/zeleka.com\/index.php?rest_route=\/wp\/v2\/posts"}],"about":[{"href":"https:\/\/zeleka.com\/index.php?rest_route=\/wp\/v2\/types\/post"}],"author":[{"embeddable":true,"href":"https:\/\/zeleka.com\/index.php?rest_route=\/wp\/v2\/users\/1"}],"replies":[{"embeddable":true,"href":"https:\/\/zeleka.com\/index.php?rest_route=%2Fwp%2Fv2%2Fcomments&post=6170"}],"version-history":[{"count":0,"href":"https:\/\/zeleka.com\/index.php?rest_route=\/wp\/v2\/posts\/6170\/revisions"}],"wp:featuredmedia":[{"embeddable":true,"href":"https:\/\/zeleka.com\/index.php?rest_route=\/wp\/v2\/media\/6171"}],"wp:attachment":[{"href":"https:\/\/zeleka.com\/index.php?rest_route=%2Fwp%2Fv2%2Fmedia&parent=6170"}],"wp:term":[{"taxonomy":"category","embeddable":true,"href":"https:\/\/zeleka.com\/index.php?rest_route=%2Fwp%2Fv2%2Fcategories&post=6170"},{"taxonomy":"post_tag","embeddable":true,"href":"https:\/\/zeleka.com\/index.php?rest_route=%2Fwp%2Fv2%2Ftags&post=6170"}],"curies":[{"name":"wp","href":"https:\/\/api.w.org\/{rel}","templated":true}]}}