{"id":6168,"date":"2026-09-04T06:29:10","date_gmt":"2026-09-04T03:29:10","guid":{"rendered":"https:\/\/zeleka.com\/?p=6168"},"modified":"2026-09-04T06:29:10","modified_gmt":"2026-09-04T03:29:10","slug":"aysegul-ozbek-ile-ahmet-sahin-kina-ve-dugun-torenlerine-tum-gonul-dostlarini-davet-ediyorlar-aysegul-ozbek-ile-ahmet-sahin-van-ozalp-donerdere-ve-trabzon","status":"publish","type":"post","link":"https:\/\/zeleka.com\/?p=6168","title":{"rendered":"<div id=\"detaymetin\">                            <div><p><span>Ay\u015feg\u00fcl \u00d6zbek ile Ahmet \u015eahin K\u0131na ve D\u00fc\u011f\u00fcn T\u00f6renlerine t\u00fcm g\u00f6n\u00fcl dostlar\u0131n\u0131 davet ediyorlar.<\/span><\/p><p><span>Ay\u015feg\u00fcl \u00d6zbek \u00a0\u00a0ile Ahmet \u015eahin Van \u00d6zalp D\u00f6nerdere ve Trabzon\u2019da \u00a0ger\u00e7ekle\u015ftir"},"content":{"rendered":"<div id=\"detaymetin\">\n<div>\n<p><span>Ay\u015feg\u00fcl \u00d6zbek ile Ahmet \u015eahin K\u0131na ve D\u00fc\u011f\u00fcn T\u00f6renlerine t\u00fcm g\u00f6n\u00fcl dostlar\u0131n\u0131 davet ediyorlar.<\/span><\/p>\n<p><span>Ay\u015feg\u00fcl \u00d6zbek \u00a0\u00a0ile Ahmet \u015eahin Van \u00d6zalp D\u00f6nerdere ve Trabzon\u2019da \u00a0ger\u00e7ekle\u015ftirilecek olan K\u0131na ve D\u00fc\u011f\u00fcn t\u00f6renlerine t\u00fcm g\u00f6n\u00fcl dostlar\u0131n\u0131 davet ediyorlar.<\/span><\/p>\n<p><span>\u0130l\u00e7emiz Uzung\u00f6l Mahallesinin sevilen isimlerinden ve sevilen esnaflar\u0131ndan Hatice &#038; Fatih \u015eahin \u00a0\u00a0\u00e7iftinin \u00a0yak\u0131\u015f\u0131kl\u0131 delikanl\u0131lar\u0131 \u00a0Ahmet \u015eahin \u00a0ile \u00a0\u00a0Van \u00d6zalp D\u00f6nerdere\u2019de ya\u015fayan Karadeniz K\u00fclt\u00fcr\u00fcn\u00fcn Do\u011fu Anadolu B\u00f6lgesinde ya\u015fat\u0131lmas\u0131 ve K\u00fclt\u00fcrel anlamda Karadeniz ile Do\u011fu Anadolu B\u00f6lgesi aras\u0131nda bir g\u00f6n\u00fcl k\u00f6pr\u00fcs\u00fc kurulmas\u0131 anlam\u0131nda \u00e7ok b\u00fcy\u00fck emekleri olan Ayhan &#038; Cevher \u00d6zbek \u00e7iftinin D\u00fcnyalar g\u00fczeli k\u0131zlar\u0131 Ay\u015feg\u00fcl \u00a0\u00a0g\u00f6n\u00fcl dostlar\u0131na \u015fu \u015fekilde sesleniyorlar.<\/span><\/p>\n<p><span>\u201cBir \u00d6m\u00fcr boyu birlikteli\u011fimize imza ataca\u011f\u0131m\u0131z hayat\u0131m\u0131z\u0131n en \u00f6nemli g\u00fcnlerinde siz k\u0131ymetli g\u00f6n\u00fcl dostlar\u0131m\u0131z\u0131 yan\u0131m\u0131zda g\u00f6rmek mutlulu\u011fumuzu ikiye katlayacakt\u0131r.<\/span><\/p>\n<p><span>T\u00fcm G\u00f6n\u00fcl Dostlar\u0131m\u0131z\u0131 K\u0131na ve D\u00fc\u011f\u00fcn t\u00f6renimize davet ediyoruz.\u201d<\/span><\/p>\n<p><span>Damad\u0131n babas\u0131 Uzung\u00f6l\u2019\u00fcn sevilen isimlerinden ve sevilen esnaflar\u0131ndan Fatih \u015eahin ile gelinin babas\u0131 D\u00f6nerdere K\u00fclt\u00fcr\u00fcn\u00fcn temel yap\u0131 ta\u015f\u0131 Ayhan \u00d6zbek \u00a0\u00a0\u00a0gazetemize yapt\u0131klar\u0131 a\u00e7\u0131klamada \u015fu ifadelere yer verdi.<\/span><\/p>\n<p><span>\u00d6zbek ve \u015eahin \u00a0\u00a0\u00a0aileleri olarak aylard\u0131r tatl\u0131 bir tela\u015f ve ko\u015fu\u015fturma s\u00fcreci i\u00e7erisindeyiz.Her iki aile olarak bu tatl\u0131 tela\u015f ve ko\u015fu\u015fturma s\u00fcreci i\u00e7erisinde imkanlar\u0131m\u0131z \u00f6l\u00e7\u00fcs\u00fcnde t\u00fcm g\u00f6n\u00fcl dostlar\u0131m\u0131za ula\u015fmaya ve gen\u00e7lerimizin mutlulu\u011funu payla\u015fmak \u00fczere aram\u0131zda bulunmalar\u0131n\u0131 sa\u011flayacak olan d\u00fc\u011f\u00fcn davetiyemizi kendilerine ula\u015ft\u0131rmaya \u00e7al\u0131\u015ft\u0131k<\/span><\/p>\n<p><span>Ancak,sizler de takdir edersiniz ki, bu tatl\u0131 tela\u015f ve ko\u015fu\u015fturma s\u00fcreci i\u00e7erisinde g\u00f6zden ka\u00e7an ya da unutmu\u015f olabilece\u011fimiz g\u00f6n\u00fcl dostlar\u0131m\u0131z bulunabilir.<\/span><\/p>\n<p><span>Bu vesile ile \u00c7aykara G\u00fcndem Gazetemizde yay\u0131nlanacak olan bu d\u00fc\u011f\u00fcn haberimizin misafirlerimiz taraf\u0131ndan bir d\u00fc\u011f\u00fcn davetiyesi olarak kabul edilmesini ve haberi okuyan t\u00fcm g\u00f6n\u00fcl dostlar\u0131m\u0131z\u0131n d\u00fc\u011f\u00fcn t\u00f6renlerimize davetli olduklar\u0131n\u0131 her iki aile olarak ifade etmek isteriz.<\/span><\/p>\n<p><span><strong>KINA<\/strong><\/span><\/p>\n<p><span><strong>TAR\u0130H:06 Eyl\u00fcl 2026 PAZAR<\/strong><\/span><\/p>\n<p><span><strong>SAAT:19.00<\/strong><\/span><\/p>\n<p><span><strong>YER:D\u00f6nerdere K\u00f6y\u00fc D\u00fc\u011f\u00fcn Salonu \u00d6zalp\/VAN<\/strong><\/span><\/p>\n<p><span><strong>D\u00dc\u011e\u00dcN:<\/strong><\/span><\/p>\n<p><span><strong>TAR\u0130H:13 Eyl\u00fcl 2026 PAZAR\u00a0<\/strong><\/span><\/p>\n<p><span><strong>SAAT:14.00<\/strong><\/span><\/p>\n<p><span><strong>YER:\u00c7ak\u0131rbey D\u00fc\u011f\u00fcn Salonu YOMRA\/TRABZON<\/strong><\/span><\/p>\n<\/div>\n<p>          <\/div>\n","protected":false},"excerpt":{"rendered":"<p>Ay\u015feg\u00fcl \u00d6zbek ile Ahmet \u015eahin K\u0131na ve D\u00fc\u011f\u00fcn T\u00f6renlerine t\u00fcm g\u00f6n\u00fcl dostlar\u0131n\u0131 davet ediyorlar. Ay\u015feg\u00fcl \u00d6zbek \u00a0\u00a0ile Ahmet \u015eahin Van \u00d6zalp D\u00f6nerdere ve Trabzon\u2019da \u00a0ger\u00e7ekle\u015ftirilecek olan K\u0131na ve D\u00fc\u011f\u00fcn t\u00f6renlerine t\u00fcm g\u00f6n\u00fcl dostlar\u0131n\u0131 davet ediyorlar. \u0130l\u00e7emiz Uzung\u00f6l Mahallesinin sevilen isimlerinden ve sevilen esnaflar\u0131ndan Hatice &#038; Fatih \u015eahin \u00a0\u00a0\u00e7iftinin \u00a0yak\u0131\u015f\u0131kl\u0131 delikanl\u0131lar\u0131 \u00a0Ahmet \u015eahin \u00a0ile \u00a0\u00a0Van \u00d6zalp [&hellip;]<\/p>\n","protected":false},"author":1,"featured_media":6169,"comment_status":"open","ping_status":"open","sticky":false,"template":"","format":"standard","meta":{"tdm_status":"","tdm_grid_status":"","footnotes":""},"categories":[40],"tags":[],"class_list":["post-6168","post","type-post","status-publish","format-standard","has-post-thumbnail","category-caykara"],"_links":{"self":[{"href":"https:\/\/zeleka.com\/index.php?rest_route=\/wp\/v2\/posts\/6168","targetHints":{"allow":["GET"]}}],"collection":[{"href":"https:\/\/zeleka.com\/index.php?rest_route=\/wp\/v2\/posts"}],"about":[{"href":"https:\/\/zeleka.com\/index.php?rest_route=\/wp\/v2\/types\/post"}],"author":[{"embeddable":true,"href":"https:\/\/zeleka.com\/index.php?rest_route=\/wp\/v2\/users\/1"}],"replies":[{"embeddable":true,"href":"https:\/\/zeleka.com\/index.php?rest_route=%2Fwp%2Fv2%2Fcomments&post=6168"}],"version-history":[{"count":0,"href":"https:\/\/zeleka.com\/index.php?rest_route=\/wp\/v2\/posts\/6168\/revisions"}],"wp:featuredmedia":[{"embeddable":true,"href":"https:\/\/zeleka.com\/index.php?rest_route=\/wp\/v2\/media\/6169"}],"wp:attachment":[{"href":"https:\/\/zeleka.com\/index.php?rest_route=%2Fwp%2Fv2%2Fmedia&parent=6168"}],"wp:term":[{"taxonomy":"category","embeddable":true,"href":"https:\/\/zeleka.com\/index.php?rest_route=%2Fwp%2Fv2%2Fcategories&post=6168"},{"taxonomy":"post_tag","embeddable":true,"href":"https:\/\/zeleka.com\/index.php?rest_route=%2Fwp%2Fv2%2Ftags&post=6168"}],"curies":[{"name":"wp","href":"https:\/\/api.w.org\/{rel}","templated":true}]}}