{"id":6166,"date":"2026-09-02T05:30:45","date_gmt":"2026-09-02T02:30:45","guid":{"rendered":"https:\/\/zeleka.com\/?p=6166"},"modified":"2026-09-02T05:30:45","modified_gmt":"2026-09-02T02:30:45","slug":"6166","status":"publish","type":"post","link":"https:\/\/zeleka.com\/?p=6166","title":{"rendered":"<div>          <main id=\"sayfacontent\">                                          <div gs-column=\"36\">                        <div data-modulsure=\"0\" gs-x=\"0\" gs-y=\"4\" gs-w=\"24\" gs-h=\"100\" data-gs-autoh=\"1\" data-gs-autokucult=\"0\" data-zeminrenk=\"-1\" data-s"},"content":{"rendered":"<div>          <main id=\"sayfacontent\">                                          <\/p>\n<div gs-column=\"36\">\n<div data-modulsure=\"0\" gs-x=\"0\" gs-y=\"4\" gs-w=\"24\" gs-h=\"100\" data-gs-autoh=\"1\" data-gs-autokucult=\"0\" data-zeminrenk=\"-1\" data-spotrenk=\"0\" data-baslikrenk=\"0\" data-seritrenk=\"-1\" data-hoverrenk=\"-1\" data-font1=\"1\" data-baslikkalinlik=\"4\" data-spotkalinlik=\"2\" data-baslikbold=\"4\" data-spotbold=\"3\" data-cogaltx=\"0\" data-cogalty=\"0\" data-border=\"0\" data-borderrenk=\"0\" data-baslikls=\"0\" data-basliklh=\"0\" data-spotls=\"0\" data-spotlh=\"0\" data-metin1renk=\"-1\" data-metin1ls=\"0\" data-metin1lh=\"0\" data-metin1kalinlik=\"0\" data-metin1bold=\"0\" data-metin2renk=\"-1\" data-metin2ls=\"0\" data-metin2lh=\"0\" data-metin2kalinlik=\"0\" data-metin2bold=\"0\" data-sticky=\"0\" data-tamgenislik=\"0\" data-icegirinti=\"0\" data-arkarenk=\"1\" data-baslikharfduzeni=\"0\">\n<div>\n<div>\n<p><time>Tarih: 1.09.2026 11:07:00 <\/time>              <time>  0 Yorum  <\/time>              <\/p>\n<\/p><\/div>\n<div>\n<p><img decoding=\"async\" src=\"http:\/\/caykaragundem.com\/resimler\/2026-9\/1\/25100548451192.webp\"   width=\"662\" height=\"1000\" alt=\"So\u011fanl\u0131 Mahallesinden Dursun Ali Yan\u0131lmaz Vefat Etti\" fetchpriority=\"high\"><\/p>\n<h2>              So\u011fanl\u0131 Mahallesinden Dursun Ali Yan\u0131lmaz Vefat Etti          <\/h2>\n<div id=\"detaymetin\">\n<div>\n<p>\u0130l\u00e7emiz So\u011fanl\u0131 mahallesi&#8217;nden Dursun Ali Yan\u0131lmaz \u00a0vefat etti.<\/p>\n<p>Merhum Dursun Ali Yan\u0131lmaz 1 Eyl\u00fcl sal\u0131 g\u00fcn\u00fc saat 15.00&#8217;da So\u011fanl\u0131 Mahallesi&#8217;nde k\u0131l\u0131nacak olan cenaze namaz\u0131n\u0131n ard\u0131ndan \u00a0ayn\u0131 yerdeki aile mezarl\u0131\u011f\u0131na defnedilecektir.<\/p>\n<p>\u00c7aykara G\u00fcndem Gazetesi olarak merhum Dursun Ali Yan\u0131lmaz\u2019a Allah\u2019tan rahmet,kederli ailesine ba\u015f sa\u011fl\u0131\u011f\u0131 dileklerimizi iletiyoruz.<\/p>\n<p>\u0130LET\u0130\u015e\u0130M<\/p>\n<p>Davut Yan\u0131lmaz -O\u011flu-0 532 6424061<\/p>\n<p>Tuncay Yan\u0131lmaz -O\u011flu-0 537 6805694<\/p>\n<p>\u015eeref Yan\u0131lmaz O\u011flu-0 533 1979161<\/p>\n<\/div>\n<p>          <\/div>\n<\/p><\/div>\n<\/p><\/div>\n<p>          <\/div>\n<div data-modulsure=\"0\" gs-x=\"24\" gs-y=\"50\" gs-w=\"12\" gs-h=\"4\" data-gs-autoh=\"2\" data-gs-autokucult=\"0\" data-zeminrenk=\"10\" data-spotrenk=\"-1\" data-baslikrenk=\"0\" data-seritrenk=\"-1\" data-hoverrenk=\"-1\" data-font1=\"0\" data-baslikkalinlik=\"0\" data-spotkalinlik=\"0\" data-baslikbold=\"0\" data-spotbold=\"0\" data-cogaltx=\"0\" data-cogalty=\"0\" data-border=\"0\" data-borderrenk=\"-1\" data-baslikls=\"0\" data-basliklh=\"0\" data-spotls=\"0\" data-spotlh=\"0\" data-metin1renk=\"-1\" data-metin1ls=\"0\" data-metin1lh=\"0\" data-metin1kalinlik=\"0\" data-metin1bold=\"0\" data-metin2renk=\"-1\" data-metin2ls=\"0\" data-metin2lh=\"0\" data-metin2kalinlik=\"0\" data-metin2bold=\"0\" data-sticky=\"0\" data-tamgenislik=\"0\" data-icegirinti=\"0\" data-arkarenk=\"1\" data-baslikharfduzeni=\"-1\">\n<header>\n<p><h2>\u0130lginizi \u00c7ekebilir<\/h2>\n<hr>\n<\/header><\/div>\n<\/p><\/div>\n<p>          <\/main>      <\/div>\n","protected":false},"excerpt":{"rendered":"<p>Tarih: 1.09.2026 11:07:00 0 Yorum So\u011fanl\u0131 Mahallesinden Dursun Ali Yan\u0131lmaz Vefat Etti \u0130l\u00e7emiz So\u011fanl\u0131 mahallesi&#8217;nden Dursun Ali Yan\u0131lmaz \u00a0vefat etti. Merhum Dursun Ali Yan\u0131lmaz 1 Eyl\u00fcl sal\u0131 g\u00fcn\u00fc saat 15.00&#8217;da So\u011fanl\u0131 Mahallesi&#8217;nde k\u0131l\u0131nacak olan cenaze namaz\u0131n\u0131n ard\u0131ndan \u00a0ayn\u0131 yerdeki aile mezarl\u0131\u011f\u0131na defnedilecektir. \u00c7aykara G\u00fcndem Gazetesi olarak merhum Dursun Ali Yan\u0131lmaz\u2019a Allah\u2019tan rahmet,kederli ailesine ba\u015f sa\u011fl\u0131\u011f\u0131 [&hellip;]<\/p>\n","protected":false},"author":1,"featured_media":6167,"comment_status":"open","ping_status":"open","sticky":false,"template":"","format":"standard","meta":{"tdm_status":"","tdm_grid_status":"","footnotes":""},"categories":[40],"tags":[],"class_list":["post-6166","post","type-post","status-publish","format-standard","has-post-thumbnail","category-caykara"],"_links":{"self":[{"href":"https:\/\/zeleka.com\/index.php?rest_route=\/wp\/v2\/posts\/6166","targetHints":{"allow":["GET"]}}],"collection":[{"href":"https:\/\/zeleka.com\/index.php?rest_route=\/wp\/v2\/posts"}],"about":[{"href":"https:\/\/zeleka.com\/index.php?rest_route=\/wp\/v2\/types\/post"}],"author":[{"embeddable":true,"href":"https:\/\/zeleka.com\/index.php?rest_route=\/wp\/v2\/users\/1"}],"replies":[{"embeddable":true,"href":"https:\/\/zeleka.com\/index.php?rest_route=%2Fwp%2Fv2%2Fcomments&post=6166"}],"version-history":[{"count":0,"href":"https:\/\/zeleka.com\/index.php?rest_route=\/wp\/v2\/posts\/6166\/revisions"}],"wp:featuredmedia":[{"embeddable":true,"href":"https:\/\/zeleka.com\/index.php?rest_route=\/wp\/v2\/media\/6167"}],"wp:attachment":[{"href":"https:\/\/zeleka.com\/index.php?rest_route=%2Fwp%2Fv2%2Fmedia&parent=6166"}],"wp:term":[{"taxonomy":"category","embeddable":true,"href":"https:\/\/zeleka.com\/index.php?rest_route=%2Fwp%2Fv2%2Fcategories&post=6166"},{"taxonomy":"post_tag","embeddable":true,"href":"https:\/\/zeleka.com\/index.php?rest_route=%2Fwp%2Fv2%2Ftags&post=6166"}],"curies":[{"name":"wp","href":"https:\/\/api.w.org\/{rel}","templated":true}]}}