{"id":6164,"date":"2026-09-01T05:29:13","date_gmt":"2026-09-01T02:29:13","guid":{"rendered":"https:\/\/zeleka.com\/?p=6164"},"modified":"2026-09-01T05:29:13","modified_gmt":"2026-09-01T02:29:13","slug":"zuleyha-simsek-ile-furkan-karaca-uzungolde-gerceklestirilen-dugun-toreni-ile-bir-omur-boyu-birliktelige-evet-dedilerilcemiz-uzungol-mahallesinin","status":"publish","type":"post","link":"https:\/\/zeleka.com\/?p=6164","title":{"rendered":"<div id=\"detaymetin\">                            <div><p><span>Z\u00fcleyha \u015eim\u015fek \u00a0 ile Furkan Karaca \u00a0Uzung\u00f6l\u2019de ger\u00e7ekle\u015ftirilen \u00a0D\u00fc\u011f\u00fcn t\u00f6reni ile Bir \u00d6m\u00fcr Boyu Birlikteli\u011fe EVET dediler<\/span><\/p><p><span>\u0130l\u00e7emiz Uzung\u00f6l Mahallesinin sevilen isimlerinden E"},"content":{"rendered":"<div id=\"detaymetin\">\n<div>\n<p><span>Z\u00fcleyha \u015eim\u015fek \u00a0 ile Furkan Karaca \u00a0Uzung\u00f6l\u2019de ger\u00e7ekle\u015ftirilen \u00a0D\u00fc\u011f\u00fcn t\u00f6reni ile Bir \u00d6m\u00fcr Boyu Birlikteli\u011fe EVET dediler<\/span><\/p>\n<p><span>\u0130l\u00e7emiz Uzung\u00f6l Mahallesinin sevilen isimlerinden Emine &#038; Merhum Mustafa Karaca \u00a0 \u00a0\u00e7iftinin\u00a0 yak\u0131\u015f\u0131kl\u0131 delikanl\u0131lar\u0131\u00a0 Uzung\u00f6l\u2019\u00fcn sevilen esnaflar\u0131ndan Furkan Karaca \u00a0ile\u00a0 \u00a0yine Uzung\u00f6l\u2019\u00fcn \u00e7ok sevilen isimlerinden merhum Hamit &#038; Rabiye \u015eim\u015fek \u00a0\u00c7iftinin d\u00fcnyalar g\u00fczeli \u00f6\u011fretmen \u00a0k\u0131zlar\u0131 Uzung\u00f6l Turizminin Ba\u015f Mimar\u0131 Dursun Ali \u0130nan\u2019\u0131n torunu Z\u00fcleyha \u015eim\u015fek Turizm Merkezi Uzung\u00f6l\u2019de ger\u00e7ekle\u015ftirilen D\u00fc\u011f\u00fcn T\u00f6reni ile evlendiler.<\/span><\/p>\n<figure><img loading=\"lazy\" decoding=\"async\" src=\"https:\/\/caykaragundem.com\/resimler\/2026-8\/31\/120261891509794.webp\" width=\"900\" height=\"600\"><\/figure>\n<p><span>Gen\u00e7 \u00e7iftlerin D\u00fc\u011f\u00fcn T\u00f6renlerineUzung\u00f6l Turizminin Ba\u015f Mimar\u0131 Dursun Ali \u0130nan, Uzung\u00f6l Muhtar\u0131 Selman Dilek ,\u00c7aykara Belediyesi Meclis \u00dcyesi ve Uzung\u00f6l Turizmciler Derne\u011fi Ba\u015fkan\u0131 Mehmet Kele\u015f,K\u00f6seli Mahallesi Muhtar\u0131 Mustafa \u00d6zen kat\u0131l\u0131m sa\u011flarken yo\u011fun bir kat\u0131l\u0131m\u0131n ger\u00e7ekle\u015fti\u011fi d\u00fc\u011f\u00fcn t\u00f6renine G\u00fcm\u00fc\u015fhane \u015eiran\u2019dan gelen gelin taraf\u0131 yak\u0131nlar\u0131n\u0131n da yo\u011fun kat\u0131l\u0131m sa\u011flamas\u0131 g\u00f6zlerden ka\u00e7mad\u0131.<\/span><\/p>\n<p><span>Gen\u00e7 \u00e7iftlerin D\u00fc\u011f\u00fcn T\u00f6renlerinde Uzung\u00f6l D\u00fc\u011f\u00fcnlerinin Ba\u015f Tac\u0131 Erol Aky\u00fcz,Karadeniz M\u00fczi\u011fi\u011fnin \u00f6nemli isimlerinden Kemen\u00e7e \u00dcstad\u0131 Hasan Ya\u011f\u0131z ve Kaval enstr\u00fcnman\u0131n\u0131n \u00fcstatlar\u0131ndan Karadeniz M\u00fczi\u011finin g\u00fc\u00e7l\u00fc sesi Nurettin Kahveci \u00a0sahne ald\u0131.<\/span><\/p>\n<figure><img loading=\"lazy\" decoding=\"async\" src=\"https:\/\/caykaragundem.com\/resimler\/2026-8\/31\/98955124462664.webp\" width=\"900\" height=\"600\"><\/figure>\n<p><span>Gen\u00e7 \u00e7iftlerin D\u00fc\u011f\u00fcn Merasimlerinde Karadeniz M\u00fczi\u011finin \u00f6nde gelen isimlerinden Ahmet Karaca ve Be\u015fk\u00f6yl\u00fc Adem Ekiz sahne al\u0131rken muhte\u015fem sahne performanslar\u0131 ile misafirlerin saatlerce ve g\u00f6n\u00fcllerince e\u011flenmelerini sa\u011flad\u0131lar.\u00a0<\/span><\/p>\n<p><span>Ya\u015f pasta ve tak\u0131 t\u00f6reni ile devam eden gen\u00e7 \u00e7iftlerin D\u00fc\u011f\u00fcn Merasimlerinde \u00f6zellikle Tak\u0131 T\u00f6reni esnas\u0131nda misafirler \u00e7ok uzun kuyruklar olu\u015fturarak hem gelin ve damad\u0131 tebrik ettiler hem de mutluluklar\u0131n\u0131 payla\u015ft\u0131lar.<\/span><\/p>\n<p><span>Gen\u00e7 \u00e7iftlerin d\u00fc\u011f\u00fcn t\u00f6renleri gecenin ilerleyen saatlerine kadar devam ederken aile foto\u011fraflar\u0131n\u0131n \u00e7ekilmesi ile sona erdi.<\/span><\/p>\n<p><span>\u00c7aykara G\u00fcndem Gazetesi olarak evlilik karar\u0131 ile \u00f6m\u00fcrlerinin en g\u00fczel en anlaml\u0131 ve de en do\u011fru kararlar\u0131n\u0131 veren Z\u00fcleyha &#038; Furkan Karaca \u00a0\u00e7iftini bu anlaml\u0131 ve g\u00fczel kararlar\u0131ndan dolay\u0131 tebrik ediyor,gen\u00e7 \u00e7iftlerimize sa\u011fl\u0131k,mutluluk ve ba\u015far\u0131 dolu uzun bir ya\u015fam diliyoruz.<\/span><\/p>\n<\/div>\n<p>          <\/div>\n","protected":false},"excerpt":{"rendered":"<p>Z\u00fcleyha \u015eim\u015fek \u00a0 ile Furkan Karaca \u00a0Uzung\u00f6l\u2019de ger\u00e7ekle\u015ftirilen \u00a0D\u00fc\u011f\u00fcn t\u00f6reni ile Bir \u00d6m\u00fcr Boyu Birlikteli\u011fe EVET dediler \u0130l\u00e7emiz Uzung\u00f6l Mahallesinin sevilen isimlerinden Emine &#038; Merhum Mustafa Karaca \u00a0 \u00a0\u00e7iftinin\u00a0 yak\u0131\u015f\u0131kl\u0131 delikanl\u0131lar\u0131\u00a0 Uzung\u00f6l\u2019\u00fcn sevilen esnaflar\u0131ndan Furkan Karaca \u00a0ile\u00a0 \u00a0yine Uzung\u00f6l\u2019\u00fcn \u00e7ok sevilen isimlerinden merhum Hamit &#038; Rabiye \u015eim\u015fek \u00a0\u00c7iftinin d\u00fcnyalar g\u00fczeli \u00f6\u011fretmen \u00a0k\u0131zlar\u0131 Uzung\u00f6l Turizminin Ba\u015f [&hellip;]<\/p>\n","protected":false},"author":1,"featured_media":6165,"comment_status":"open","ping_status":"open","sticky":false,"template":"","format":"standard","meta":{"tdm_status":"","tdm_grid_status":"","footnotes":""},"categories":[40],"tags":[],"class_list":["post-6164","post","type-post","status-publish","format-standard","has-post-thumbnail","category-caykara"],"_links":{"self":[{"href":"https:\/\/zeleka.com\/index.php?rest_route=\/wp\/v2\/posts\/6164","targetHints":{"allow":["GET"]}}],"collection":[{"href":"https:\/\/zeleka.com\/index.php?rest_route=\/wp\/v2\/posts"}],"about":[{"href":"https:\/\/zeleka.com\/index.php?rest_route=\/wp\/v2\/types\/post"}],"author":[{"embeddable":true,"href":"https:\/\/zeleka.com\/index.php?rest_route=\/wp\/v2\/users\/1"}],"replies":[{"embeddable":true,"href":"https:\/\/zeleka.com\/index.php?rest_route=%2Fwp%2Fv2%2Fcomments&post=6164"}],"version-history":[{"count":0,"href":"https:\/\/zeleka.com\/index.php?rest_route=\/wp\/v2\/posts\/6164\/revisions"}],"wp:featuredmedia":[{"embeddable":true,"href":"https:\/\/zeleka.com\/index.php?rest_route=\/wp\/v2\/media\/6165"}],"wp:attachment":[{"href":"https:\/\/zeleka.com\/index.php?rest_route=%2Fwp%2Fv2%2Fmedia&parent=6164"}],"wp:term":[{"taxonomy":"category","embeddable":true,"href":"https:\/\/zeleka.com\/index.php?rest_route=%2Fwp%2Fv2%2Fcategories&post=6164"},{"taxonomy":"post_tag","embeddable":true,"href":"https:\/\/zeleka.com\/index.php?rest_route=%2Fwp%2Fv2%2Ftags&post=6164"}],"curies":[{"name":"wp","href":"https:\/\/api.w.org\/{rel}","templated":true}]}}