{"id":6161,"date":"2026-08-31T05:29:12","date_gmt":"2026-08-31T02:29:12","guid":{"rendered":"https:\/\/zeleka.com\/?p=6161"},"modified":"2026-08-31T05:29:12","modified_gmt":"2026-08-31T02:29:12","slug":"ilcemiz-uzungol-mahallesinden-omer-faruk-inci-ile-gumushane-sirandan-humeyra-topal-uzungolde-gerceklestirilen-dillere-destan-muhtesem-bir-dugun-toreni-ile","status":"publish","type":"post","link":"https:\/\/zeleka.com\/?p=6161","title":{"rendered":"<div id=\"detaymetin\">                            <div><p><span>\u0130l\u00e7emiz Uzung\u00f6l Mahallesinden \u00d6mer Faruk \u0130nci ile G\u00fcm\u00fc\u015fhane \u015eiran\u2019dan H\u00fcmeyra Topal Uzung\u00f6l\u2019de ger\u00e7ekle\u015ftirilen dillere destan muhte\u015fem bir d\u00fc\u011f\u00fcn t\u00f6reni ile evlendiler.<\/span><\/p><p><span>Uzun"},"content":{"rendered":"<div id=\"detaymetin\">\n<div>\n<p><span>\u0130l\u00e7emiz Uzung\u00f6l Mahallesinden \u00d6mer Faruk \u0130nci ile G\u00fcm\u00fc\u015fhane \u015eiran\u2019dan H\u00fcmeyra Topal Uzung\u00f6l\u2019de ger\u00e7ekle\u015ftirilen dillere destan muhte\u015fem bir d\u00fc\u011f\u00fcn t\u00f6reni ile evlendiler.<\/span><\/p>\n<p><span>Uzung\u00f6l\u2019\u00fcn\u00a0 sevilen isimlerinden \u015ei\u015fe &#038; Cemal \u0130nci \u00a0\u00a0\u00e7iftinin \u00a0yak\u0131\u015f\u0131kl\u0131 delikanl\u0131lar\u0131 \u00a0\u00d6mer Faruk \u0130nci ile \u00a0\u00a0G\u00fcm\u00fc\u015fhane\u2019den Fatma Hasan Topal \u00a0\u00c7iftinin d\u00fcnyalar g\u00fczeli k\u0131zlar\u0131 H\u00fcmeyra \u00a029 A\u011fustos2026 Cumartesi ak\u015fam\u0131 Uzung\u00f6l SZEzgin Otel Restaurant\u2019ta d\u00fczenlenen muhte\u015fem bir d\u00fc\u011f\u00fcn t\u00f6reni ile bir \u00d6m\u00fcr boyu birlikteli\u011fe EVET dediler.<\/span><\/p>\n<figure><img loading=\"lazy\" decoding=\"async\" src=\"https:\/\/caykaragundem.com\/resimler\/2026-8\/30\/102512880491172.webp\" width=\"402\" height=\"300\"><\/figure>\n<p><span>Gen\u00e7 \u00e7iftlerin D\u00fc\u011f\u00fcn T\u00f6renlerine Uzung\u00f6l Muhtar\u0131 Selman Dilek kat\u0131l\u0131m sa\u011flarken yo\u011fun bir kat\u0131l\u0131m\u0131n ger\u00e7ekle\u015fti\u011fi d\u00fc\u011f\u00fcn t\u00f6renine G\u00fcm\u00fc\u015fhane \u015eiran\u2019dan gelen gelin taraf\u0131 yak\u0131nlar\u0131n\u0131n da yo\u011fun kat\u0131l\u0131m sa\u011flamas\u0131 g\u00f6zlerden ka\u00e7mad\u0131.<\/span><\/p>\n<p><span>D\u00fc\u011f\u00fcn T\u00f6reninde gelinin babas\u0131 Hasan Topal ile Damad\u0131n babas\u0131 Uzung\u00f6l\u2019\u00fcn sevilen ismi Cemal \u0130nci\u2019nin tatl\u0131 heyecanlar\u0131 y\u00fczlerinden okunurken iki d\u00fcn\u00fcr\u00fcn misafirlerini kap\u0131da tek tek kar\u015f\u0131lamas\u0131,D\u00fc\u011f\u00fcn T\u00f6reni boyunca misafirler ile tek tek ilgilenmeleri ve D\u00fc\u011f\u00fcn T\u00f6reni sonunda misafirlerini kap\u0131da u\u011furlamalar\u0131 D\u00fc\u011f\u00fcn T\u00f6renine kat\u0131l\u0131m sa\u011flayan misafirler taraf\u0131ndan takdir ile kar\u015f\u0131land\u0131.<\/span><\/p>\n<figure><img loading=\"lazy\" decoding=\"async\" src=\"https:\/\/caykaragundem.com\/resimler\/2026-8\/30\/29777303063048.webp\" width=\"600\" height=\"900\"><\/figure>\n<p><span>Gen\u00e7 \u00e7iftlerin D\u00fc\u011f\u00fcn T\u00f6renlerinde Uzung\u00f6l D\u00fc\u011f\u00fcnlerinin Ba\u015f Tac\u0131 Erol Aky\u00fcz,Karadeniz M\u00fczi\u011fi\u011fnin \u00f6nemli isimlerinden Kemen\u00e7e \u00dcstad\u0131 Dursun Aky\u00fcz ve Kaval enstr\u00fcnman\u0131n\u0131n gen\u00e7 jenerasyonlar\u0131ndan Emre \u00c7etinkaya sahne al\u0131rken Karadeniz M\u00fczi\u011finin g\u00fc\u00e7l\u00fc sesi Sanat\u00e7\u0131 E\u00c7\u0130NOS her zaman oldu\u011fu gibi muhte\u015fem sahne performans\u0131 ile misafirlere unutamayacaklar\u0131 muhte\u015fem bir ak\u015fam ya\u015fatt\u0131.<\/span><\/p>\n<figure><img loading=\"lazy\" decoding=\"async\" src=\"https:\/\/caykaragundem.com\/resimler\/2026-8\/30\/771811106362163.webp\" width=\"402\" height=\"300\"><\/figure>\n<p><span>Ya\u015f pasta ve tak\u0131 t\u00f6reni ile devam eden gen\u00e7 \u00e7iftlerin D\u00fc\u011f\u00fcn Merasimlerinde \u00f6zellikle Tak\u0131 T\u00f6reni esnas\u0131nda misafirler \u00e7ok uzun kuyruklar olu\u015fturarak hem gelin ve damad\u0131 tebrik ettiler hem de mutluluklar\u0131n\u0131 payla\u015ft\u0131lar.<\/span><\/p>\n<p><span>Gen\u00e7 \u00e7iftlerin d\u00fc\u011f\u00fcn t\u00f6renleri gecenin ilerleyen saatlerine kadar devam ederken aile foto\u011fraflar\u0131n\u0131n \u00e7ekilmesi ile sona erdi.<\/span><\/p>\n<p><span>\u00c7aykara G\u00fcndem Gazetesi olarak evlilik karar\u0131 ile \u00f6m\u00fcrlerinin en g\u00fczel en anlaml\u0131 ve de en do\u011fru kararlar\u0131n\u0131 veren H\u00fcmeyra &#038; \u00d6mer \u0130nci \u00e7iftini bu anlaml\u0131 ve g\u00fczel kararlar\u0131ndan dolay\u0131 tebrik ediyor,gen\u00e7 \u00e7iftlerimize sa\u011fl\u0131k,mutluluk ve ba\u015far\u0131 dolu uzun bir ya\u015fam diliyoruz.<\/span><\/p>\n<figure><img loading=\"lazy\" decoding=\"async\" src=\"https:\/\/caykaragundem.com\/resimler\/2026-8\/30\/10789357848449.webp\" width=\"402\" height=\"300\"><\/figure>\n<\/div>\n<p>          <\/div>\n","protected":false},"excerpt":{"rendered":"<p>\u0130l\u00e7emiz Uzung\u00f6l Mahallesinden \u00d6mer Faruk \u0130nci ile G\u00fcm\u00fc\u015fhane \u015eiran\u2019dan H\u00fcmeyra Topal Uzung\u00f6l\u2019de ger\u00e7ekle\u015ftirilen dillere destan muhte\u015fem bir d\u00fc\u011f\u00fcn t\u00f6reni ile evlendiler. Uzung\u00f6l\u2019\u00fcn\u00a0 sevilen isimlerinden \u015ei\u015fe &#038; Cemal \u0130nci \u00a0\u00a0\u00e7iftinin \u00a0yak\u0131\u015f\u0131kl\u0131 delikanl\u0131lar\u0131 \u00a0\u00d6mer Faruk \u0130nci ile \u00a0\u00a0G\u00fcm\u00fc\u015fhane\u2019den Fatma Hasan Topal \u00a0\u00c7iftinin d\u00fcnyalar g\u00fczeli k\u0131zlar\u0131 H\u00fcmeyra \u00a029 A\u011fustos2026 Cumartesi ak\u015fam\u0131 Uzung\u00f6l SZEzgin Otel Restaurant\u2019ta d\u00fczenlenen muhte\u015fem bir [&hellip;]<\/p>\n","protected":false},"author":1,"featured_media":6162,"comment_status":"open","ping_status":"open","sticky":false,"template":"","format":"standard","meta":{"tdm_status":"","tdm_grid_status":"","footnotes":""},"categories":[40],"tags":[],"class_list":["post-6161","post","type-post","status-publish","format-standard","has-post-thumbnail","category-caykara"],"_links":{"self":[{"href":"https:\/\/zeleka.com\/index.php?rest_route=\/wp\/v2\/posts\/6161","targetHints":{"allow":["GET"]}}],"collection":[{"href":"https:\/\/zeleka.com\/index.php?rest_route=\/wp\/v2\/posts"}],"about":[{"href":"https:\/\/zeleka.com\/index.php?rest_route=\/wp\/v2\/types\/post"}],"author":[{"embeddable":true,"href":"https:\/\/zeleka.com\/index.php?rest_route=\/wp\/v2\/users\/1"}],"replies":[{"embeddable":true,"href":"https:\/\/zeleka.com\/index.php?rest_route=%2Fwp%2Fv2%2Fcomments&post=6161"}],"version-history":[{"count":0,"href":"https:\/\/zeleka.com\/index.php?rest_route=\/wp\/v2\/posts\/6161\/revisions"}],"wp:featuredmedia":[{"embeddable":true,"href":"https:\/\/zeleka.com\/index.php?rest_route=\/wp\/v2\/media\/6162"}],"wp:attachment":[{"href":"https:\/\/zeleka.com\/index.php?rest_route=%2Fwp%2Fv2%2Fmedia&parent=6161"}],"wp:term":[{"taxonomy":"category","embeddable":true,"href":"https:\/\/zeleka.com\/index.php?rest_route=%2Fwp%2Fv2%2Fcategories&post=6161"},{"taxonomy":"post_tag","embeddable":true,"href":"https:\/\/zeleka.com\/index.php?rest_route=%2Fwp%2Fv2%2Ftags&post=6161"}],"curies":[{"name":"wp","href":"https:\/\/api.w.org\/{rel}","templated":true}]}}