{"id":5844,"date":"2026-05-02T05:29:13","date_gmt":"2026-05-02T02:29:13","guid":{"rendered":"https:\/\/zeleka.com\/?p=5844"},"modified":"2026-05-02T05:29:13","modified_gmt":"2026-05-02T02:29:13","slug":"trabzonun-caykara-ilcesinde-ogrenciler-icin-sinema-etkinligi-gerceklestirildi-karadeniz-ve-ulke-turizminin-en-onemli-merkezlerinden-uzungolde-bulunan-sehi","status":"publish","type":"post","link":"https:\/\/zeleka.com\/?p=5844","title":{"rendered":"<div id=\"detaymetin\">                            <div><p>Trabzon\u2019un \u00c7aykara \u0130l\u00e7esinde \u00f6\u011frenciler i\u00e7in Sinema etkinli\u011fi ger\u00e7ekle\u015ftirildi.<\/p><p>Karadeniz ve \u00dclke Turizminin en \u00f6nemli Merkezlerinden Uzung\u00f6l\u2019de bulunan \u015eehit Mehmet Ayg\u00fcn \u0130lkokulu ve \u015eehit Me"},"content":{"rendered":"<div id=\"detaymetin\">\n<div>\n<p>Trabzon\u2019un \u00c7aykara \u0130l\u00e7esinde \u00f6\u011frenciler i\u00e7in Sinema etkinli\u011fi ger\u00e7ekle\u015ftirildi.<\/p>\n<p>Karadeniz ve \u00dclke Turizminin en \u00f6nemli Merkezlerinden Uzung\u00f6l\u2019de bulunan \u015eehit Mehmet Ayg\u00fcn \u0130lkokulu ve \u015eehit Mehmet Ayg\u00fcn \u0130mam Hatip Ortaokulunda yap\u0131lan Sinema etkinli\u011fi G\u00f6n\u00fcll\u00fc \u0130\u015f Kad\u0131n\u0131 Arzu Manavo\u011flu taraf\u0131ndan 30.04.2026 tarihinde ger\u00e7ekle\u015ftirildi.<\/p>\n<figure><img loading=\"lazy\" decoding=\"async\" src=\"https:\/\/caykaragundem.com\/resimler\/2026-5\/1\/1037381724926063.webp\" width=\"900\" height=\"600\"><\/figure>\n<p>\u0130\u015f Kad\u0131n\u0131 Manavo\u011flu taraf\u0131ndan her ay d\u00fczenli olarak ger\u00e7ekle\u015ftirilen Sinema etkinli\u011fi kapsam\u0131nda okulun yemekhane salonuna projeksiyon cihaz\u0131 yerle\u015ftiriliyor.<\/p>\n<p>Yemekhanede bulunan oturma sistemi de\u011fi\u015ftirilerek yemekhane sinema salonuna d\u00f6n\u00fc\u015ft\u00fcr\u00fcl\u00fcyor.<\/p>\n<figure><img loading=\"lazy\" decoding=\"async\" src=\"https:\/\/caykaragundem.com\/resimler\/2026-5\/1\/673491451623398.webp\" width=\"900\" height=\"600\"><\/figure>\n<p>Daha sonra Manavo\u011flu taraf\u0131ndan getirilen e\u011fitici filmler projeksiyon arac\u0131l\u0131\u011f\u0131 ile beyaz perdeye aktar\u0131larak okulda \u00f6\u011frenciler i\u00e7in sinema ortam\u0131 olu\u015fturuluyor.<\/p>\n<p>\u00d6\u011frenciler sinema filmini izlerken \u0130\u015f Kad\u0131n\u0131 Manavo\u011flu taraf\u0131ndan \u00a0\u00f6\u011frencilere patlam\u0131\u015f m\u0131s\u0131r,kek ve meyve suyu ikram\u0131 da ger\u00e7ekle\u015ftiriliyor.<\/p>\n<p>Ger\u00e7ekle\u015ftirilen Sinema Organizasyonu ile ilgili olarak gazetemize a\u00e7\u0131klamalarda bulunan Okul M\u00fcd\u00fcr\u00fc \u0130dris Hac\u0131mahmuto\u011flu\u00a0 \u00f6\u011frencilere y\u00f6nelik olarak ger\u00e7ekle\u015ftirilen sinema etkinli\u011finden duydu\u011fu memnuniyeti ifade ederek \u015fu ifadelere yer verdi.<\/p>\n<figure><img loading=\"lazy\" decoding=\"async\" src=\"https:\/\/caykaragundem.com\/resimler\/2026-5\/1\/875141461572252.webp\" width=\"900\" height=\"600\"><\/figure>\n<p>\u015eehit Mehmet Ayg\u00fcn E\u011fitim Kurumlar\u0131 olarak \u00f6\u011frencilerimize y\u00f6nelik sosyal ve k\u00fclt\u00fcrel etkinliklere \u00e7ok b\u00fcy\u00fck bir \u00f6nem veriyoruz.\u0130l\u00e7emizde sinema yok.\u00d6\u011frencilerimiz sinema ortam\u0131n\u0131 tan\u0131m\u0131yor.Hay\u0131rsever \u0130\u015f Kad\u0131n\u0131 Arzu Manavo\u011flu sayesinde her ay \u00f6\u011frencilerimize okul ortam\u0131nda sinema keyfi ya\u015fat\u0131yoruz.<\/p>\n<p>Ger\u00e7ekle\u015ftirilen bu \u00f6rnek organizasyondan dolay\u0131 \u00f6\u011frencilerim ve okulum ad\u0131na Arzu Manavo\u011flu\u2019na te\u015fekk\u00fcr ediyoruz.<\/p>\n<\/div>\n<p>          <\/div>\n","protected":false},"excerpt":{"rendered":"<p>Trabzon\u2019un \u00c7aykara \u0130l\u00e7esinde \u00f6\u011frenciler i\u00e7in Sinema etkinli\u011fi ger\u00e7ekle\u015ftirildi. Karadeniz ve \u00dclke Turizminin en \u00f6nemli Merkezlerinden Uzung\u00f6l\u2019de bulunan \u015eehit Mehmet Ayg\u00fcn \u0130lkokulu ve \u015eehit Mehmet Ayg\u00fcn \u0130mam Hatip Ortaokulunda yap\u0131lan Sinema etkinli\u011fi G\u00f6n\u00fcll\u00fc \u0130\u015f Kad\u0131n\u0131 Arzu Manavo\u011flu taraf\u0131ndan 30.04.2026 tarihinde ger\u00e7ekle\u015ftirildi. \u0130\u015f Kad\u0131n\u0131 Manavo\u011flu taraf\u0131ndan her ay d\u00fczenli olarak ger\u00e7ekle\u015ftirilen Sinema etkinli\u011fi kapsam\u0131nda okulun yemekhane salonuna [&hellip;]<\/p>\n","protected":false},"author":1,"featured_media":5845,"comment_status":"open","ping_status":"open","sticky":false,"template":"","format":"standard","meta":{"tdm_status":"","tdm_grid_status":"","footnotes":""},"categories":[40],"tags":[],"class_list":{"0":"post-5844","1":"post","2":"type-post","3":"status-publish","4":"format-standard","5":"has-post-thumbnail","7":"category-caykara"},"_links":{"self":[{"href":"https:\/\/zeleka.com\/index.php?rest_route=\/wp\/v2\/posts\/5844","targetHints":{"allow":["GET"]}}],"collection":[{"href":"https:\/\/zeleka.com\/index.php?rest_route=\/wp\/v2\/posts"}],"about":[{"href":"https:\/\/zeleka.com\/index.php?rest_route=\/wp\/v2\/types\/post"}],"author":[{"embeddable":true,"href":"https:\/\/zeleka.com\/index.php?rest_route=\/wp\/v2\/users\/1"}],"replies":[{"embeddable":true,"href":"https:\/\/zeleka.com\/index.php?rest_route=%2Fwp%2Fv2%2Fcomments&post=5844"}],"version-history":[{"count":0,"href":"https:\/\/zeleka.com\/index.php?rest_route=\/wp\/v2\/posts\/5844\/revisions"}],"wp:featuredmedia":[{"embeddable":true,"href":"https:\/\/zeleka.com\/index.php?rest_route=\/wp\/v2\/media\/5845"}],"wp:attachment":[{"href":"https:\/\/zeleka.com\/index.php?rest_route=%2Fwp%2Fv2%2Fmedia&parent=5844"}],"wp:term":[{"taxonomy":"category","embeddable":true,"href":"https:\/\/zeleka.com\/index.php?rest_route=%2Fwp%2Fv2%2Fcategories&post=5844"},{"taxonomy":"post_tag","embeddable":true,"href":"https:\/\/zeleka.com\/index.php?rest_route=%2Fwp%2Fv2%2Ftags&post=5844"}],"curies":[{"name":"wp","href":"https:\/\/api.w.org\/{rel}","templated":true}]}}