{"id":5842,"date":"2026-05-02T05:29:14","date_gmt":"2026-05-02T02:29:14","guid":{"rendered":"https:\/\/zeleka.com\/?p=5842"},"modified":"2026-05-02T05:29:14","modified_gmt":"2026-05-02T02:29:14","slug":"dogu-anadolu-bolgesinden-100-ogrenci-karadeniz-ve-ulke-turizminin-en-onemli-merkezlerinden-uzungolu-ziyaret-ettiler-milli-egitim-mudurlugu-tarafindan-gerceklestiri","status":"publish","type":"post","link":"https:\/\/zeleka.com\/?p=5842","title":{"rendered":"<div id=\"detaymetin\">                            <div><p>Do\u011fu Anadolu B\u00f6lgesinden 100 \u00f6\u011frenci Karadeniz ve \u00dclke Turizminin en \u00f6nemli Merkezlerinden Uzung\u00f6l\u2019\u00fc ziyaret ettiler.<\/p><p>Milli E\u011fitim M\u00fcd\u00fcrl\u00fc\u011f\u00fc taraf\u0131ndan ger\u00e7ekle\u015ftirilen Maziden Atiye Trabzon P"},"content":{"rendered":"<div id=\"detaymetin\">\n<div>\n<p>Do\u011fu Anadolu B\u00f6lgesinden 100 \u00f6\u011frenci Karadeniz ve \u00dclke Turizminin en \u00f6nemli Merkezlerinden Uzung\u00f6l\u2019\u00fc ziyaret ettiler.<\/p>\n<p>Milli E\u011fitim M\u00fcd\u00fcrl\u00fc\u011f\u00fc taraf\u0131ndan ger\u00e7ekle\u015ftirilen Maziden Atiye Trabzon Projesi kapsam\u0131nda I\u011fd\u0131r,Kars,Ardahan,Mu\u015f,Bing\u00f6l,Siirt,Van,Bitlis illerinden gelen ve 26 Nisan Pazar G\u00fcn\u00fcnden bu yana Trabzon\u2019da bulunan \u00d6\u011frenciler Turizm Merkezi Uzung\u00f6l\u2019\u00fc ziyaret ettiler.<\/p>\n<figure><img loading=\"lazy\" decoding=\"async\" src=\"https:\/\/caykaragundem.com\/resimler\/2026-5\/1\/9727336535550.webp\" width=\"900\" height=\"600\"><\/figure>\n<p>\u00d6\u011frenciler Proje kapsam\u0131nda \u00c7aykara \u0130l\u00e7e Milli E\u011fitim M\u00fcd\u00fcr\u00fc Ahmet \u00c7amurali taraf\u0131ndan misafir edilerek \u00f6\u011frencilere y\u00f6nelik \u015eehit Mehmet Ayg\u00fcn \u0130mam Hatip Ortaokulunda yemek ikram\u0131 ger\u00e7ekle\u015ftirildi.<\/p>\n<p>Ger\u00e7ekle\u015ftirilen etkinli\u011fe \u00c7aykara \u0130l\u00e7e Milli E\u011fitim M\u00fcd\u00fcr\u00fc Ahmet \u00c7amurali Okul M\u00fcd\u00fcr\u00fc \u0130dris Hac\u0131mahmuto\u011flu ile \u00f6\u011fretmen ve \u00f6\u011frenciler kat\u0131l\u0131m sa\u011flad\u0131.<\/p>\n<figure><img loading=\"lazy\" decoding=\"async\" src=\"https:\/\/caykaragundem.com\/resimler\/2026-5\/1\/1155121430694514.webp\" width=\"900\" height=\"600\"><\/figure>\n<p>Ayr\u0131ca \u015eehit Mehmet Ayg\u00fcn \u0130mam Hatip Ortaokulu Halkoyunlar\u0131 ekibi taraf\u0131ndan \u00f6\u011frencilere y\u00f6nelik olarak Halkoyunlar\u0131 g\u00f6sterisi ger\u00e7ekle\u015ftirilirken \u00f6\u011frencilerin de Halkoyunlar\u0131 ekibi ile birlikte oynamas\u0131 renkli g\u00f6r\u00fcnt\u00fclerin ortaya \u00e7\u0131kmas\u0131na sebep oldu.<\/p>\n<p>\u00c7aykara \u0130l\u00e7e Milli E\u011fitim M\u00fcd\u00fcr\u00fc Ahmet \u00c7amurali ger\u00e7ekle\u015ftirilen etkinlik ile ilgili yapt\u0131\u011f\u0131 a\u00e7\u0131klamada \u015fu ifadelere yer verdi.<\/p>\n<figure><img loading=\"lazy\" decoding=\"async\" src=\"https:\/\/caykaragundem.com\/resimler\/2026-5\/1\/70274801213644.webp\" width=\"900\" height=\"600\"><\/figure>\n<p>Milli E\u011fitim Bakanl\u0131\u011f\u0131 taraf\u0131ndan ger\u00e7ekle\u015ftirilen Maziden Atiye Projesi kapsam\u0131nda bu g\u00fcn 90 \u00d6\u011frencimizi turizm merkezi Uzung\u00f6l\u2019de misafir ettik.<\/p>\n<p>\u00d6\u011frencilerimizin y\u00fczlerindeki mutluluk bizleri de \u00e7ok fazla mutlu etti.<\/p>\n<figure><\/figure>\n<p>\u00c7aykara \u0130l\u00e7e Milli E\u011fitim M\u00fcd\u00fcrl\u00fc\u011f\u00fc olarak \u00f6\u011frencilerimizi gelece\u011fe haz\u0131rlayacak olan Sosyal Sorumluluk projelerine \u00e7ok b\u00fcy\u00fck \u00f6nem vermekteyiz.<\/p>\n<p>Bu bak\u0131mdan her projede oldu\u011fu gibi bu projede de \u00f6\u011frencilerimiz ile bir arada bulunmak bizim i\u00e7in \u00e7ok b\u00fcy\u00fck bir mutluluk<\/p>\n<\/div>\n<p>          <\/div>\n","protected":false},"excerpt":{"rendered":"<p>Do\u011fu Anadolu B\u00f6lgesinden 100 \u00f6\u011frenci Karadeniz ve \u00dclke Turizminin en \u00f6nemli Merkezlerinden Uzung\u00f6l\u2019\u00fc ziyaret ettiler. Milli E\u011fitim M\u00fcd\u00fcrl\u00fc\u011f\u00fc taraf\u0131ndan ger\u00e7ekle\u015ftirilen Maziden Atiye Trabzon Projesi kapsam\u0131nda I\u011fd\u0131r,Kars,Ardahan,Mu\u015f,Bing\u00f6l,Siirt,Van,Bitlis illerinden gelen ve 26 Nisan Pazar G\u00fcn\u00fcnden bu yana Trabzon\u2019da bulunan \u00d6\u011frenciler Turizm Merkezi Uzung\u00f6l\u2019\u00fc ziyaret ettiler. \u00d6\u011frenciler Proje kapsam\u0131nda \u00c7aykara \u0130l\u00e7e Milli E\u011fitim M\u00fcd\u00fcr\u00fc Ahmet \u00c7amurali taraf\u0131ndan misafir [&hellip;]<\/p>\n","protected":false},"author":1,"featured_media":5843,"comment_status":"open","ping_status":"open","sticky":false,"template":"","format":"standard","meta":{"tdm_status":"","tdm_grid_status":"","footnotes":""},"categories":[40],"tags":[],"class_list":{"0":"post-5842","1":"post","2":"type-post","3":"status-publish","4":"format-standard","5":"has-post-thumbnail","7":"category-caykara"},"_links":{"self":[{"href":"https:\/\/zeleka.com\/index.php?rest_route=\/wp\/v2\/posts\/5842","targetHints":{"allow":["GET"]}}],"collection":[{"href":"https:\/\/zeleka.com\/index.php?rest_route=\/wp\/v2\/posts"}],"about":[{"href":"https:\/\/zeleka.com\/index.php?rest_route=\/wp\/v2\/types\/post"}],"author":[{"embeddable":true,"href":"https:\/\/zeleka.com\/index.php?rest_route=\/wp\/v2\/users\/1"}],"replies":[{"embeddable":true,"href":"https:\/\/zeleka.com\/index.php?rest_route=%2Fwp%2Fv2%2Fcomments&post=5842"}],"version-history":[{"count":0,"href":"https:\/\/zeleka.com\/index.php?rest_route=\/wp\/v2\/posts\/5842\/revisions"}],"wp:featuredmedia":[{"embeddable":true,"href":"https:\/\/zeleka.com\/index.php?rest_route=\/wp\/v2\/media\/5843"}],"wp:attachment":[{"href":"https:\/\/zeleka.com\/index.php?rest_route=%2Fwp%2Fv2%2Fmedia&parent=5842"}],"wp:term":[{"taxonomy":"category","embeddable":true,"href":"https:\/\/zeleka.com\/index.php?rest_route=%2Fwp%2Fv2%2Fcategories&post=5842"},{"taxonomy":"post_tag","embeddable":true,"href":"https:\/\/zeleka.com\/index.php?rest_route=%2Fwp%2Fv2%2Ftags&post=5842"}],"curies":[{"name":"wp","href":"https:\/\/api.w.org\/{rel}","templated":true}]}}