{"id":5840,"date":"2026-04-30T04:29:04","date_gmt":"2026-04-30T01:29:04","guid":{"rendered":"https:\/\/zeleka.com\/?p=5840"},"modified":"2026-04-30T04:29:04","modified_gmt":"2026-04-30T01:29:04","slug":"uzungol-turizm-isletmeleri-dernegi-baskani-mustafa-akyuz-tarafindan-iyi-parti-kadin-aile-ve-sosyal-hizmetler-baskani-kevser-ofluogluna-tepki-dolu-yanit-geldi-uzungol-turizm-isletmecileri-dern","status":"publish","type":"post","link":"https:\/\/zeleka.com\/?p=5840","title":{"rendered":"<div><p>Uzung\u00f6l Turizm \u0130\u015fletmeleri Derne\u011fi Ba\u015fkan\u0131 Mustafa Aky\u00fcz taraf\u0131ndan \u0130yi Parti Kad\u0131n Aile ve Sosyal Hizmetler Ba\u015fkan\u0131 Kevser Ofluo\u011flu\u2019na tepki dolu yan\u0131t geldi.<\/p><p>Uzung\u00f6l Turizm \u0130\u015fletmecileri Derne\u011fi, son g\u00fcnlerde siyaset g\u00fcndeminde yer alan Uz"},"content":{"rendered":"<div>\n<p>Uzung\u00f6l Turizm \u0130\u015fletmeleri Derne\u011fi Ba\u015fkan\u0131 Mustafa Aky\u00fcz taraf\u0131ndan \u0130yi Parti Kad\u0131n Aile ve Sosyal Hizmetler Ba\u015fkan\u0131 Kevser Ofluo\u011flu\u2019na tepki dolu yan\u0131t geldi.<\/p>\n<p>Uzung\u00f6l Turizm \u0130\u015fletmecileri Derne\u011fi, son g\u00fcnlerde siyaset g\u00fcndeminde yer alan Uzung\u00f6l iddialar\u0131 \u00fczerine yaz\u0131l\u0131 bir a\u00e7\u0131klama yay\u0131mlad\u0131.<\/p>\n<p>Dernek Ba\u015fkan\u0131 Mustafa Aky\u00fcz, b\u00f6lge \u00fczerinden y\u00fcr\u00fct\u00fclen &#8220;alg\u0131 operasyonlar\u0131na&#8221; m\u00fcsaade etmeyeceklerini belirterek, Ofluo\u011flu\u2019nun a\u00e7\u0131klamalar\u0131n\u0131 \u00fcz\u00fcnt\u00fcyle kar\u015f\u0131lad\u0131klar\u0131n\u0131 ifade etti.<\/p>\n<p>Kevser Ofluo\u011flu\u2019nun Uzung\u00f6l ile ilgili yapt\u0131\u011f\u0131 a\u00e7\u0131klamalar\u0131n\u0131 hayretle ve \u00fcz\u00fclerek kar\u015f\u0131l\u0131yoruz.<\/p>\n<p>Kamuoyuna a\u00e7\u0131k ve net \u015fekilde ifade ediyoruz: Yap\u0131lan bu a\u00e7\u0131klamalar ger\u00e7ek d\u0131\u015f\u0131, haks\u0131z ve kamuoyunda bilin\u00e7li bir \u015fekilde yanl\u0131\u015f imaj olu\u015fturmaya y\u00f6neliktir.<\/p>\n<p>Uzung\u00f6l \u00fczerinden alg\u0131 olu\u015fturulmas\u0131na m\u00fcsaade etmeyiz.<\/p>\n<p>\u00d6zellikle alt\u0131n\u0131 \u00e7iziyoruz; Uzung\u00f6l yabanc\u0131lara bir kar\u0131\u015f topra\u011f\u0131n\u0131 satmam\u0131\u015ft\u0131r. Bu topraklar, y\u0131llard\u0131r kendi insan\u0131n\u0131n eme\u011fiyle ayakta durmaktad\u0131r. Uzung\u00f6l halk\u0131, do\u011fas\u0131na sahip \u00e7\u0131km\u0131\u015f; yap\u0131lmas\u0131 planlanan HES projelerine kar\u015f\u0131 tek y\u00fcrek olup m\u00fccadele etmi\u015f ve bu projeleri iptal ettirmi\u015ftir. Bu ger\u00e7ek ortadayken, Uzung\u00f6l\u2019\u00fc do\u011fas\u0131n\u0131 kaybetmi\u015f gibi g\u00f6stermek en hafif tabirle haks\u0131zl\u0131kt\u0131r.<\/p>\n<p>Ayr\u0131ca \u0130Y\u0130 Parti Genel Ba\u015fkan Yard\u0131mc\u0131s\u0131 olarak yap\u0131lan bu a\u00e7\u0131klamalarda, Orta Do\u011fu ba\u015fta olmak \u00fczere yurt d\u0131\u015f\u0131ndan gelen misafirler \u00fczerinden olu\u015fturulmaya \u00e7al\u0131\u015f\u0131lan alg\u0131y\u0131 da kesin bir dille reddediyoruz. Bu misafirler; Trabzon ve Uzung\u00f6l ekonomisine b\u00fcy\u00fck katk\u0131 sa\u011flamaktad\u0131r. B\u00f6lge turizmi her y\u0131l b\u00fcy\u00fcmekte, y\u00fcz binlerce yabanc\u0131 turist Trabzon\u2019u tercih etmekte ve bu hareketlilik esnaf\u0131ndan konaklamas\u0131na kadar geni\u015f bir ekonomik de\u011fer \u00fcretmektedir. Bu katk\u0131y\u0131 g\u00f6rmezden gelmek, b\u00f6lge halk\u0131n\u0131n eme\u011fini yok saymakt\u0131r.<\/p>\n<p>Uzung\u00f6l Turizm \u0130\u015fletmecileri Derne\u011fi olarak bir kez daha vurguluyoruz:<\/p>\n<p>Bizim \u00f6nceli\u011fimiz do\u011fay\u0131 koruyarak turizmi b\u00fcy\u00fctmektir. Yap\u0131lan yat\u0131r\u0131mlar\u0131n amac\u0131 Uzung\u00f6l\u2019\u00fc \u201cteslim etmek\u201d de\u011fil, g\u00fc\u00e7lendirmektir.<\/p>\n<p>Son olarak a\u00e7\u0131k\u00e7a ifade ediyoruz; Uzung\u00f6l siyasi malzeme yap\u0131lacak bir yer de\u011fildir. Uzung\u00f6l \u00fczerinden siyaset \u00fcretmeye \u00e7al\u0131\u015fanlar, b\u00f6lgeye de\u011fil sadece kendi g\u00fcndemlerine hizmet etmektedir.<\/p>\n<p>Uzung\u00f6l sahipsiz de\u011fildir.<\/p>\n<p>Kamuoyuna sayg\u0131yla duyurulur.<\/p>\n<p>Mustafa Aky\u00fcz<\/p>\n<p>Uzung\u00f6l Turizm \u0130\u015fletmecileri Derne\u011fi Ba\u015fkan\u0131<\/p>\n<\/div>\n","protected":false},"excerpt":{"rendered":"<p>Uzung\u00f6l Turizm \u0130\u015fletmeleri Derne\u011fi Ba\u015fkan\u0131 Mustafa Aky\u00fcz taraf\u0131ndan \u0130yi Parti Kad\u0131n Aile ve Sosyal Hizmetler Ba\u015fkan\u0131 Kevser Ofluo\u011flu\u2019na tepki dolu yan\u0131t geldi. Uzung\u00f6l Turizm \u0130\u015fletmecileri Derne\u011fi, son g\u00fcnlerde siyaset g\u00fcndeminde yer alan Uzung\u00f6l iddialar\u0131 \u00fczerine yaz\u0131l\u0131 bir a\u00e7\u0131klama yay\u0131mlad\u0131. Dernek Ba\u015fkan\u0131 Mustafa Aky\u00fcz, b\u00f6lge \u00fczerinden y\u00fcr\u00fct\u00fclen &#8220;alg\u0131 operasyonlar\u0131na&#8221; m\u00fcsaade etmeyeceklerini belirterek, Ofluo\u011flu\u2019nun a\u00e7\u0131klamalar\u0131n\u0131 \u00fcz\u00fcnt\u00fcyle kar\u015f\u0131lad\u0131klar\u0131n\u0131 [&hellip;]<\/p>\n","protected":false},"author":1,"featured_media":5841,"comment_status":"open","ping_status":"open","sticky":false,"template":"","format":"standard","meta":{"tdm_status":"","tdm_grid_status":"","footnotes":""},"categories":[40],"tags":[],"class_list":{"0":"post-5840","1":"post","2":"type-post","3":"status-publish","4":"format-standard","5":"has-post-thumbnail","7":"category-caykara"},"_links":{"self":[{"href":"https:\/\/zeleka.com\/index.php?rest_route=\/wp\/v2\/posts\/5840","targetHints":{"allow":["GET"]}}],"collection":[{"href":"https:\/\/zeleka.com\/index.php?rest_route=\/wp\/v2\/posts"}],"about":[{"href":"https:\/\/zeleka.com\/index.php?rest_route=\/wp\/v2\/types\/post"}],"author":[{"embeddable":true,"href":"https:\/\/zeleka.com\/index.php?rest_route=\/wp\/v2\/users\/1"}],"replies":[{"embeddable":true,"href":"https:\/\/zeleka.com\/index.php?rest_route=%2Fwp%2Fv2%2Fcomments&post=5840"}],"version-history":[{"count":0,"href":"https:\/\/zeleka.com\/index.php?rest_route=\/wp\/v2\/posts\/5840\/revisions"}],"wp:featuredmedia":[{"embeddable":true,"href":"https:\/\/zeleka.com\/index.php?rest_route=\/wp\/v2\/media\/5841"}],"wp:attachment":[{"href":"https:\/\/zeleka.com\/index.php?rest_route=%2Fwp%2Fv2%2Fmedia&parent=5840"}],"wp:term":[{"taxonomy":"category","embeddable":true,"href":"https:\/\/zeleka.com\/index.php?rest_route=%2Fwp%2Fv2%2Fcategories&post=5840"},{"taxonomy":"post_tag","embeddable":true,"href":"https:\/\/zeleka.com\/index.php?rest_route=%2Fwp%2Fv2%2Ftags&post=5840"}],"curies":[{"name":"wp","href":"https:\/\/api.w.org\/{rel}","templated":true}]}}