{"id":5838,"date":"2026-04-30T04:29:05","date_gmt":"2026-04-30T01:29:05","guid":{"rendered":"https:\/\/zeleka.com\/?p=5838"},"modified":"2026-04-30T04:29:05","modified_gmt":"2026-04-30T01:29:05","slug":"trabzonda-ogrenciler-tarafindan-of-fidanlik-senligi-ziyareti-gerceklestirildi-28-nisan-2026-sali-gunu-gerceklestirilen-egitim-gezisi-etkinligine-taskiran-imam-hatip-ortaokulu-ve-sehit-mehmet","status":"publish","type":"post","link":"https:\/\/zeleka.com\/?p=5838","title":{"rendered":"<div><p>Trabzon\u2019da \u00f6\u011frenciler taraf\u0131ndan Of Fidanl\u0131k \u015eenli\u011fi ziyareti ger\u00e7ekle\u015ftirildi.<\/p><p>28 Nisan 2026 Sal\u0131 g\u00fcn\u00fc ger\u00e7ekle\u015ftirilen e\u011fitim gezisi etkinli\u011fine Ta\u015fk\u0131ran \u0130mam Hatip Ortaokulu ve \u015eehit Mehmet Ayg\u00fcn \u0130mam Hatip Ortaokulu y\u00f6netici \u00f6\u011fretmen ve"},"content":{"rendered":"<div>\n<p>Trabzon\u2019da \u00f6\u011frenciler taraf\u0131ndan Of Fidanl\u0131k \u015eenli\u011fi ziyareti ger\u00e7ekle\u015ftirildi.<\/p>\n<p>28 Nisan 2026 Sal\u0131 g\u00fcn\u00fc ger\u00e7ekle\u015ftirilen e\u011fitim gezisi etkinli\u011fine Ta\u015fk\u0131ran \u0130mam Hatip Ortaokulu ve \u015eehit Mehmet Ayg\u00fcn \u0130mam Hatip Ortaokulu y\u00f6netici \u00f6\u011fretmen ve \u00f6\u011frencileri kat\u0131l\u0131m sa\u011flad\u0131.<\/p>\n<figure><img loading=\"lazy\" decoding=\"async\" src=\"https:\/\/caykaragundem.com\/resimler\/2026-4\/29\/681292071597800.webp\" width=\"900\" height=\"600\"><\/figure>\n<p>Okul M\u00fcd\u00fcr\u00fc \u0130dris Hac\u0131mahmuto\u011flu taraf\u0131ndan ger\u00e7ekle\u015ftirilen organizasyonda \u00f6\u011frencilerin ta\u015f\u0131malar\u0131 Trabzon B\u00fcy\u00fck\u015fehir Belediyesi ve Mahalli imkanlar ile sa\u011fland\u0131.<\/p>\n<p>Ger\u00e7ekle\u015ftirilen etkinlik kapsam\u0131nda Of Tar\u0131m ve Ormnan \u0130l\u00e7e M\u00fcd\u00fcrl\u00fc\u011f\u00fc Uzman Personeli rehberli\u011finde \u00f6\u011frencilere Tohum Stok Merkezi,Tohum t\u00fcrleri,tohum \u00fcretim alan\u0131 ziyareti ve \u00fcretici ile sohbet,Tohum ekim ve saklama \u00fcnitesi ziyareti etkinlikleri ger\u00e7ekle\u015ftirildi.<\/p>\n<figure><img loading=\"lazy\" decoding=\"async\" src=\"https:\/\/caykaragundem.com\/resimler\/2026-4\/29\/49386901811543.webp\" width=\"900\" height=\"600\"><\/figure>\n<p>Ziyaret esnas\u0131nda g\u00f6revli personeller taraf\u0131ndan \u00f6\u011frencilere hem teorik bilgi hem de uygulamal\u0131 e\u011fitim \u00e7al\u0131\u015fmas\u0131 ger\u00e7ekle\u015ftirildi.<\/p>\n<p>\u00d6\u011frencilerin Tohum Stok Merkezi ziyaretlerinde Uzman personel taraf\u0131ndan\u00a0 tohumlar\u0131n \u00fcretilmesi ve stoklanmas\u0131 ile ilgili bilgi v erilirken ayn\u0131 zamanda \u00f6\u011frencilerin uygulama ile ilgili merakl\u0131 sorular\u0131 cevapland\u0131.<\/p>\n<p>Tohum T\u00fcrleri ziyaretinde g\u00f6revliler taraf\u0131ndan b\u00f6lgemizde yeti\u015ftirilebilecek olan Tohum T\u00fcrleri ile ilgili olarak \u00f6\u011frencilere uygulamal\u0131 e\u011fitim \u00e7al\u0131\u015fmas\u0131 ger\u00e7ekle\u015ftirildi.<\/p>\n<figure><img loading=\"lazy\" decoding=\"async\" src=\"https:\/\/caykaragundem.com\/resimler\/2026-4\/29\/4971170006301.webp\" width=\"900\" height=\"600\"><\/figure>\n<p>Tohum \u00dcretim alan\u0131 ziyaretinde \u00fcreticiler taraf\u0131ndan \u00fcretilen \u00fcr\u00fcnler ile ilgili \u00f6\u011frenciler bilgilendirildi.Uygulamal\u0131 E\u011fitim \u00e7al\u0131\u015fmas\u0131 ger\u00e7ekle\u015ftirildi.<\/p>\n<p>Tohum ekim ve saklama \u00fcnitesinde ise tohumlar\u0131n usul\u00fcne uygun \u015fekilde ekilmesi ve saklanmas\u0131na ili\u015fkin olarak g\u00f6revli\u00a0 personel taraf\u0131ndan \u00f6\u011frencilere y\u00f6nelik uygulamal\u0131 e\u011fitim \u00e7al\u0131\u015fmas\u0131 ger\u00e7ekle\u015ftirildi.<\/p>\n<p>Ger\u00e7ekle\u015ftirilen e\u011fitim \u00e7al\u0131\u015fmas\u0131 ile ilgili olarak a\u00e7\u0131klamalarda bulunan Okul M\u00fcd\u00fcr\u00fc \u0130dris Hac\u0131mahmuto\u011flu \u015fu ifadelere yer verdi.<\/p>\n<figure><img loading=\"lazy\" decoding=\"async\" src=\"https:\/\/caykaragundem.com\/resimler\/2026-4\/29\/737812124536217.webp\" width=\"900\" height=\"600\"><\/figure>\n<p>Ta\u015fk\u0131ran E\u011fitim Kurumlar\u0131 ve \u015eehit Mehmet Ayg\u00fcn E\u011fitim Kurumlar\u0131 olarak \u00d6\u011frencilerimizin akademik ba\u015far\u0131lar\u0131n\u0131n yan\u0131 s\u0131ra sosyal ve k\u00fclt\u00fcrel anlamda da kendilerini yeti\u015ftirebilmelerine \u00e7ok b\u00fcy\u00fck \u00f6nem veriyoruz.<\/p>\n<p>Bu anlamda \u00f6\u011frencilerimizin hem do\u011fa ve orman sevgisini benimsemeleri hem de \u00e7evremizde yeti\u015fen tohum t\u00fcrleri ve bu tohum t\u00fcrlerinin \u00fcretim saklanma ve ekilmesi ile ilgili olarak Of Fidanl\u0131k \u015eenli\u011fi ziyaretini ger\u00e7ekle\u015ftirdik.<\/p>\n<p>\u00d6ncelikle sa\u011flam\u0131\u015f olduklar\u0131 Ula\u015f\u0131m deste\u011finden dolay\u0131 Trabzon B\u00fcy\u00fck\u015fehir Belediyesi Ula\u015f\u0131m Daire Ba\u015fkanl\u0131\u011f\u0131na ve Of \u0130l\u00e7e Tar\u0131m ve Orman M\u00fcd\u00fcrl\u00fc\u011f\u00fc y\u00f6netici ve personeline \u00f6\u011frencilerim ad\u0131na te\u015fekk\u00fcr etmeyi bir g\u00f6rev kabul ediyoruz.<\/p>\n<figure><img loading=\"lazy\" decoding=\"async\" src=\"https:\/\/caykaragundem.com\/resimler\/2026-4\/29\/356981745759697.webp\" width=\"900\" height=\"600\"><\/figure>\n<p>\u00d6\u011frencilerimiz a\u00e7\u0131s\u0131ndan son derece verimli bir etkinlik ger\u00e7ekle\u015ftirdik.<\/p>\n<p>Ger\u00e7ekle\u015ftirilen bu etkinlik ile \u00f6\u011frencilerimiz b\u00f6lgemizde yeti\u015fen tohum t\u00fcrlerini daha yak\u0131ndan tan\u0131ma ve g\u00f6rme imkan\u0131 yakalad\u0131.<\/p>\n<\/div>\n","protected":false},"excerpt":{"rendered":"<p>Trabzon\u2019da \u00f6\u011frenciler taraf\u0131ndan Of Fidanl\u0131k \u015eenli\u011fi ziyareti ger\u00e7ekle\u015ftirildi. 28 Nisan 2026 Sal\u0131 g\u00fcn\u00fc ger\u00e7ekle\u015ftirilen e\u011fitim gezisi etkinli\u011fine Ta\u015fk\u0131ran \u0130mam Hatip Ortaokulu ve \u015eehit Mehmet Ayg\u00fcn \u0130mam Hatip Ortaokulu y\u00f6netici \u00f6\u011fretmen ve \u00f6\u011frencileri kat\u0131l\u0131m sa\u011flad\u0131. Okul M\u00fcd\u00fcr\u00fc \u0130dris Hac\u0131mahmuto\u011flu taraf\u0131ndan ger\u00e7ekle\u015ftirilen organizasyonda \u00f6\u011frencilerin ta\u015f\u0131malar\u0131 Trabzon B\u00fcy\u00fck\u015fehir Belediyesi ve Mahalli imkanlar ile sa\u011fland\u0131. Ger\u00e7ekle\u015ftirilen etkinlik kapsam\u0131nda Of [&hellip;]<\/p>\n","protected":false},"author":1,"featured_media":5839,"comment_status":"open","ping_status":"open","sticky":false,"template":"","format":"standard","meta":{"tdm_status":"","tdm_grid_status":"","footnotes":""},"categories":[40],"tags":[],"class_list":{"0":"post-5838","1":"post","2":"type-post","3":"status-publish","4":"format-standard","5":"has-post-thumbnail","7":"category-caykara"},"_links":{"self":[{"href":"https:\/\/zeleka.com\/index.php?rest_route=\/wp\/v2\/posts\/5838","targetHints":{"allow":["GET"]}}],"collection":[{"href":"https:\/\/zeleka.com\/index.php?rest_route=\/wp\/v2\/posts"}],"about":[{"href":"https:\/\/zeleka.com\/index.php?rest_route=\/wp\/v2\/types\/post"}],"author":[{"embeddable":true,"href":"https:\/\/zeleka.com\/index.php?rest_route=\/wp\/v2\/users\/1"}],"replies":[{"embeddable":true,"href":"https:\/\/zeleka.com\/index.php?rest_route=%2Fwp%2Fv2%2Fcomments&post=5838"}],"version-history":[{"count":0,"href":"https:\/\/zeleka.com\/index.php?rest_route=\/wp\/v2\/posts\/5838\/revisions"}],"wp:featuredmedia":[{"embeddable":true,"href":"https:\/\/zeleka.com\/index.php?rest_route=\/wp\/v2\/media\/5839"}],"wp:attachment":[{"href":"https:\/\/zeleka.com\/index.php?rest_route=%2Fwp%2Fv2%2Fmedia&parent=5838"}],"wp:term":[{"taxonomy":"category","embeddable":true,"href":"https:\/\/zeleka.com\/index.php?rest_route=%2Fwp%2Fv2%2Fcategories&post=5838"},{"taxonomy":"post_tag","embeddable":true,"href":"https:\/\/zeleka.com\/index.php?rest_route=%2Fwp%2Fv2%2Ftags&post=5838"}],"curies":[{"name":"wp","href":"https:\/\/api.w.org\/{rel}","templated":true}]}}