{"id":5836,"date":"2026-04-30T04:29:06","date_gmt":"2026-04-30T01:29:06","guid":{"rendered":"https:\/\/zeleka.com\/?p=5836"},"modified":"2026-04-30T04:29:06","modified_gmt":"2026-04-30T01:29:06","slug":"karadeniz-ve-ulke-turizminin-en-onemli-merkezlerinden-uzungolde-turizmci-huseyin-inanin-esi-cevriye-inan-yakalandigi-amansiz-hastaliktan-kurtulamayarak-te","status":"publish","type":"post","link":"https:\/\/zeleka.com\/?p=5836","title":{"rendered":"<div id=\"detaymetin\">                            <div><p>Karadeniz ve \u00dclke Turizminin en \u00f6nemli merkezlerinden Uzung\u00f6l\u2019de Turizmci H\u00fcseyin \u0130nan\u2019\u0131n e\u015fi Cevriye \u0130NAN yakaland\u0131\u011f\u0131 amans\u0131z hastal\u0131ktan kurtulamayarak tedavi g\u00f6rd\u00fc\u011f\u00fc hastanede ya\u015fam sava\u015f\u0131n\u0131 kayb"},"content":{"rendered":"<div id=\"detaymetin\">\n<div>\n<p>Karadeniz ve \u00dclke Turizminin en \u00f6nemli merkezlerinden Uzung\u00f6l\u2019de Turizmci H\u00fcseyin \u0130nan\u2019\u0131n e\u015fi Cevriye \u0130NAN yakaland\u0131\u011f\u0131 amans\u0131z hastal\u0131ktan kurtulamayarak tedavi g\u00f6rd\u00fc\u011f\u00fc hastanede ya\u015fam sava\u015f\u0131n\u0131 kaybetti.<\/p>\n<p>Merhume Cevriye \u0130nan yakla\u015f\u0131k 15 g\u00fcn \u00f6nce rahats\u0131zlanarak hastaneye kald\u0131r\u0131ld\u0131.<\/p>\n<p>Hastanede yo\u011fun bak\u0131m servisine al\u0131nan Cevriye \u0130nan doktorlar\u0131n t\u00fcm m\u00fcdahalelerine ra\u011fmen ne yaz\u0131k ki kurtar\u0131lamayarak tedavi g\u00f6rd\u00fc\u011f\u00fc hastanede ya\u015fam sava\u015f\u0131n\u0131 kaybetti.<\/p>\n<p>1955\u00a0 Do\u011fumlu olan merhume Cevriye \u0130nan 71 ya\u015f\u0131nda hayat\u0131n\u0131 kaybederek Uzung\u00f6l\u2019\u00fc g\u00f6z ya\u015flar\u0131na bo\u011fdu.<\/p>\n<p>Merhume Cevriye \u0130nan \u00a0Merhum Abdi Kaya\u2019\u0131n k\u0131z\u0131,\u00c7aykara Belediyesi Meclis \u00dcyesi Seyfullah Kaya\u2019n\u0131n ablas\u0131,Uzung\u00f6l Turizminin Ba\u015f Mimar\u0131 Dursun Ali \u0130nan\u2019\u0131n Karde\u015finin e\u015fi,Uzung\u00f6l \u0130lk\u00f6\u011fretim Okulu M\u00fcd\u00fcr\u00fc Abd\u00fclkadir Kaya\u2019n\u0131n amcas\u0131n\u0131n k\u0131z\u0131,Uzung\u00f6l Turizminin Ba\u015f Mimarlar\u0131ndan H\u00fcseyin \u0130nan\u2019\u0131n han\u0131m\u0131,Uzung\u00f6l Turizminin en aktif isimlerinden temsil anlam\u0131nda Trabzon\u2019da Uzung\u00f6l ve \u00c7aykara\u2019y\u0131 en iyi \u015fekilde temsil eden Trabzon Ticaret ve Sanayi Odas\u0131 Meclis \u00dcyelerinden Hamit \u0130nan , Asl\u0131han \u0130nan ve Sebahat Uyan\u0131k\u2019\u0131n \u00a0\u00a0anneleri Uzung\u00f6l\u2019\u00fcn gen\u00e7 turizmcilerinden Mehmet,Sinan ve Yavuz \u0130nan\u2019\u0131n amcalar\u0131n\u0131n han\u0131m\u0131yd\u0131.<\/p>\n<p>Merhume Cevriye \u0130nan, 29 Nisan 2026 Per\u015fembe G\u00fcn\u00fc saat 13.30\u2019da \u0130nan Karde\u015fler Otel Bah\u00e7esinde k\u0131l\u0131nacak olan cenaze namaz\u0131n\u0131n ard\u0131ndan ayn\u0131 yerde bulunan aile kabristanl\u0131\u011f\u0131nda son yolculu\u011funa u\u011furlanacak.<\/p>\n<p>\u00c7aykara G\u00fcndem Gazetesi olarak aram\u0131zdan \u00e7ok zamans\u0131z ayr\u0131lan merhume Cevriye \u0130nan\u2019a Allah\u2019tan rahmet,kederli ailesine ba\u015f sa\u011fl\u0131\u011f\u0131 dileklerimizi iletiyoruz.<\/p>\n<p><strong>\u0130LET\u0130\u015e\u0130M<\/strong><\/p>\n<p><strong>Seyfullah Kaya-Karde\u015fi-\u00c7aykara Belediyesi Meclis \u00dcyesi-0 533 3438410<\/strong><\/p>\n<p><strong>H\u00fcseyin \u0130nan-E\u015fi-0 538 5845639<\/strong><\/p>\n<p><strong>Hamit \u0130nan-O\u011flu-0 532 4462295<\/strong><\/p>\n<p><strong>Mehmet \u0130nan-E\u015finin Ye\u011feni-0 532 6207117<\/strong><\/p>\n<p><strong>Sinan \u0130nan-E\u015finin Ye\u011feni-0 532 7113664<\/strong><\/p>\n<p><strong>Yavuz \u0130nan-E\u015finin Ye\u011feni-0 541 6566021<\/strong><\/p>\n<p><strong>Abd\u00fclkadir Kaya-Amcas\u0131n\u0131n o\u011flu-05055267429<\/strong><\/p>\n<\/div>\n<p>          <\/div>\n","protected":false},"excerpt":{"rendered":"<p>Karadeniz ve \u00dclke Turizminin en \u00f6nemli merkezlerinden Uzung\u00f6l\u2019de Turizmci H\u00fcseyin \u0130nan\u2019\u0131n e\u015fi Cevriye \u0130NAN yakaland\u0131\u011f\u0131 amans\u0131z hastal\u0131ktan kurtulamayarak tedavi g\u00f6rd\u00fc\u011f\u00fc hastanede ya\u015fam sava\u015f\u0131n\u0131 kaybetti. Merhume Cevriye \u0130nan yakla\u015f\u0131k 15 g\u00fcn \u00f6nce rahats\u0131zlanarak hastaneye kald\u0131r\u0131ld\u0131. Hastanede yo\u011fun bak\u0131m servisine al\u0131nan Cevriye \u0130nan doktorlar\u0131n t\u00fcm m\u00fcdahalelerine ra\u011fmen ne yaz\u0131k ki kurtar\u0131lamayarak tedavi g\u00f6rd\u00fc\u011f\u00fc hastanede ya\u015fam sava\u015f\u0131n\u0131 kaybetti. [&hellip;]<\/p>\n","protected":false},"author":1,"featured_media":5837,"comment_status":"open","ping_status":"open","sticky":false,"template":"","format":"standard","meta":{"tdm_status":"","tdm_grid_status":"","footnotes":""},"categories":[40],"tags":[],"class_list":{"0":"post-5836","1":"post","2":"type-post","3":"status-publish","4":"format-standard","5":"has-post-thumbnail","7":"category-caykara"},"_links":{"self":[{"href":"https:\/\/zeleka.com\/index.php?rest_route=\/wp\/v2\/posts\/5836","targetHints":{"allow":["GET"]}}],"collection":[{"href":"https:\/\/zeleka.com\/index.php?rest_route=\/wp\/v2\/posts"}],"about":[{"href":"https:\/\/zeleka.com\/index.php?rest_route=\/wp\/v2\/types\/post"}],"author":[{"embeddable":true,"href":"https:\/\/zeleka.com\/index.php?rest_route=\/wp\/v2\/users\/1"}],"replies":[{"embeddable":true,"href":"https:\/\/zeleka.com\/index.php?rest_route=%2Fwp%2Fv2%2Fcomments&post=5836"}],"version-history":[{"count":0,"href":"https:\/\/zeleka.com\/index.php?rest_route=\/wp\/v2\/posts\/5836\/revisions"}],"wp:featuredmedia":[{"embeddable":true,"href":"https:\/\/zeleka.com\/index.php?rest_route=\/wp\/v2\/media\/5837"}],"wp:attachment":[{"href":"https:\/\/zeleka.com\/index.php?rest_route=%2Fwp%2Fv2%2Fmedia&parent=5836"}],"wp:term":[{"taxonomy":"category","embeddable":true,"href":"https:\/\/zeleka.com\/index.php?rest_route=%2Fwp%2Fv2%2Fcategories&post=5836"},{"taxonomy":"post_tag","embeddable":true,"href":"https:\/\/zeleka.com\/index.php?rest_route=%2Fwp%2Fv2%2Ftags&post=5836"}],"curies":[{"name":"wp","href":"https:\/\/api.w.org\/{rel}","templated":true}]}}