{"id":5834,"date":"2026-04-30T04:29:07","date_gmt":"2026-04-30T01:29:07","guid":{"rendered":"https:\/\/zeleka.com\/?p=5834"},"modified":"2026-04-30T04:29:07","modified_gmt":"2026-04-30T01:29:07","slug":"5834","status":"publish","type":"post","link":"https:\/\/zeleka.com\/?p=5834","title":{"rendered":"<div>          <main id=\"sayfacontent\">                <div data-gs-column=\"36\">                        <div data-modulsure=\"0\" data-gs-x=\"0\" data-gs-y=\"4\" data-gs-width=\"24\" data-gs-height=\"100\" data-gs-autoh=\"1\" data-zeminrenk=\"-1\" data-spotrenk=\"0\" dat"},"content":{"rendered":"<div>          <main id=\"sayfacontent\">                <\/p>\n<div data-gs-column=\"36\">\n<div data-modulsure=\"0\" data-gs-x=\"0\" data-gs-y=\"4\" data-gs-width=\"24\" data-gs-height=\"100\" data-gs-autoh=\"1\" data-zeminrenk=\"-1\" data-spotrenk=\"0\" data-baslikrenk=\"0\" data-seritrenk=\"-1\" data-hoverrenk=\"-1\" data-font1=\"1\" data-baslikkalinlik=\"4\" data-spotkalinlik=\"2\" data-baslikbold=\"4\" data-spotbold=\"3\" data-cogaltx=\"0\" data-cogalty=\"0\" data-border=\"0\" data-borderrenk=\"0\" data-baslikls=\"0\" data-basliklh=\"0\" data-spotls=\"0\" data-spotlh=\"0\" data-metin1renk=\"-1\" data-metin1ls=\"0\" data-metin1lh=\"0\" data-metin1kalinlik=\"0\" data-metin1bold=\"0\" data-metin2renk=\"-1\" data-metin2ls=\"0\" data-metin2lh=\"0\" data-metin2kalinlik=\"0\" data-metin2bold=\"0\" data-sticky=\"0\">\n<div>\n<div>\n<p><time>Tarih: 29.04.2026 19:16:00 <\/time>              <time>  0 Yorum  <\/time>              <\/p>\n<\/p><\/div>\n<div>\n<p><img decoding=\"async\" src=\"http:\/\/caykaragundem.com\/resimler\/2026-4\/29\/77975752320163.webp\" alt=\"Dernekpazar\u0131 \u0130l\u00e7esinde 23 Nisan Kutlamas\u0131\" fetchpriority=\"high\"><\/p>\n<h2>              Dernekpazar\u0131 \u0130l\u00e7esinde 23 Nisan Kutlamas\u0131          <\/h2>\n<div id=\"detaymetin\">\n<div>\n<p>Ulusal Egemenlik ve \u00c7ocuk Bayram\u0131n\u0131n 126. Y\u0131l\u0131n\u0131n kutlamas\u0131 saat 10,15te Okul bah\u00e7esindeki Atat\u00fcrk B\u00fcst\u00fcne konan Milli E\u011fitim \u00e7elengi, sayg\u0131 duru\u015fu ve \u0130stiklal Mar\u015f\u0131 e\u015fli\u011finde g\u00f6ndere \u00e7ekilen bayrakla ba\u015flad\u0131.\u00a0<\/p>\n<figure><img loading=\"lazy\" decoding=\"async\" src=\"https:\/\/caykaragundem.com\/resimler\/2026-4\/29\/51951208247327.webp\" width=\"900\" height=\"600\"><\/figure>\n<p>\u00a0 \u00a0 10,30 da Atat\u00fcrk \u0130lkokulu Konferans salonunda devam eden t\u00f6ren ve etkinliklerle devam etti. \u00c7ocuklar\u0131n \u00f6\u011fretmenleri ile birlikte haz\u0131rlad\u0131klar\u0131 birbirinden g\u00fczel g\u00f6sterileri izleyicilerin b\u00fcy\u00fck be\u011fenisini kazand\u0131.<\/p>\n<figure><img loading=\"lazy\" decoding=\"async\" src=\"https:\/\/caykaragundem.com\/resimler\/2026-4\/29\/656571562149967.webp\" width=\"900\" height=\"600\"><\/figure>\n<p>\u00a0 \u00a0 Bayramla ilgili yap\u0131lan yar\u0131\u015fmalarda kazanan \u00f6\u011frencilerin \u00f6d\u00fclleri, \u0130l\u00e7e Milli E\u011fitim M\u00fcd\u00fcr\u00fc Ya\u015far Osmano\u011flu, Belediye Ba\u015fkan Vekili Osman Ek\u015fio\u011fu ve Kaymakam \u00c7a\u011flar Ustao\u011flu taraf\u0131ndan verildikten sonra kutlama program\u0131 sona erdi.\u00a0<\/p>\n<\/div>\n<p>          <\/div>\n<\/p><\/div>\n<\/p><\/div>\n<p>          <\/div>\n<div data-modulsure=\"0\" data-gs-x=\"24\" data-gs-y=\"54\" data-gs-width=\"12\" data-gs-height=\"44\" data-gs-autoh=\"-1\" data-zeminrenk=\"-1\" data-spotrenk=\"-1\" data-baslikrenk=\"0\" data-seritrenk=\"-1\" data-hoverrenk=\"10\" data-font1=\"0\" data-baslikkalinlik=\"0\" data-spotkalinlik=\"0\" data-baslikbold=\"0\" data-spotbold=\"0\" data-cogaltx=\"0\" data-cogalty=\"0\" data-border=\"0\" data-borderrenk=\"-1\" data-baslikls=\"0\" data-basliklh=\"0\" data-spotls=\"0\" data-spotlh=\"0\" data-metin1renk=\"-1\" data-metin1ls=\"0\" data-metin1lh=\"0\" data-metin1kalinlik=\"0\" data-metin1bold=\"0\" data-metin2renk=\"-1\" data-metin2ls=\"0\" data-metin2lh=\"0\" data-metin2kalinlik=\"0\" data-metin2bold=\"0\" data-sticky=\"0\">\n<figure>                          <a aria-label=\"Dernekpazar\u0131 \u0130l\u00e7esinde 23 Nisan Kutlamas\u0131\" href=\"http:\/\/caykaragundem.com\/haber\/dernekpazari-ilcesinde-23-nisan-kutlamasi-12675\"><\/a>                          <\/p>\n<p><img decoding=\"async\" src=\"http:\/\/caykaragundem.com\/resimler\/2026-4\/29\/77975752320163.webp\" alt fetchpriority=\"high\"><\/p>\n<\/figure><\/div>\n<\/p><\/div>\n<p>          <\/main>      <\/div>\n","protected":false},"excerpt":{"rendered":"<p>Tarih: 29.04.2026 19:16:00 0 Yorum Dernekpazar\u0131 \u0130l\u00e7esinde 23 Nisan Kutlamas\u0131 Ulusal Egemenlik ve \u00c7ocuk Bayram\u0131n\u0131n 126. Y\u0131l\u0131n\u0131n kutlamas\u0131 saat 10,15te Okul bah\u00e7esindeki Atat\u00fcrk B\u00fcst\u00fcne konan Milli E\u011fitim \u00e7elengi, sayg\u0131 duru\u015fu ve \u0130stiklal Mar\u015f\u0131 e\u015fli\u011finde g\u00f6ndere \u00e7ekilen bayrakla ba\u015flad\u0131.\u00a0 \u00a0 \u00a0 10,30 da Atat\u00fcrk \u0130lkokulu Konferans salonunda devam eden t\u00f6ren ve etkinliklerle devam etti. \u00c7ocuklar\u0131n \u00f6\u011fretmenleri [&hellip;]<\/p>\n","protected":false},"author":1,"featured_media":5835,"comment_status":"open","ping_status":"open","sticky":false,"template":"","format":"standard","meta":{"tdm_status":"","tdm_grid_status":"","footnotes":""},"categories":[40],"tags":[],"class_list":{"0":"post-5834","1":"post","2":"type-post","3":"status-publish","4":"format-standard","5":"has-post-thumbnail","7":"category-caykara"},"_links":{"self":[{"href":"https:\/\/zeleka.com\/index.php?rest_route=\/wp\/v2\/posts\/5834","targetHints":{"allow":["GET"]}}],"collection":[{"href":"https:\/\/zeleka.com\/index.php?rest_route=\/wp\/v2\/posts"}],"about":[{"href":"https:\/\/zeleka.com\/index.php?rest_route=\/wp\/v2\/types\/post"}],"author":[{"embeddable":true,"href":"https:\/\/zeleka.com\/index.php?rest_route=\/wp\/v2\/users\/1"}],"replies":[{"embeddable":true,"href":"https:\/\/zeleka.com\/index.php?rest_route=%2Fwp%2Fv2%2Fcomments&post=5834"}],"version-history":[{"count":0,"href":"https:\/\/zeleka.com\/index.php?rest_route=\/wp\/v2\/posts\/5834\/revisions"}],"wp:featuredmedia":[{"embeddable":true,"href":"https:\/\/zeleka.com\/index.php?rest_route=\/wp\/v2\/media\/5835"}],"wp:attachment":[{"href":"https:\/\/zeleka.com\/index.php?rest_route=%2Fwp%2Fv2%2Fmedia&parent=5834"}],"wp:term":[{"taxonomy":"category","embeddable":true,"href":"https:\/\/zeleka.com\/index.php?rest_route=%2Fwp%2Fv2%2Fcategories&post=5834"},{"taxonomy":"post_tag","embeddable":true,"href":"https:\/\/zeleka.com\/index.php?rest_route=%2Fwp%2Fv2%2Ftags&post=5834"}],"curies":[{"name":"wp","href":"https:\/\/api.w.org\/{rel}","templated":true}]}}