{"id":5832,"date":"2026-04-26T04:29:09","date_gmt":"2026-04-26T01:29:09","guid":{"rendered":"https:\/\/zeleka.com\/?p=5832"},"modified":"2026-04-26T04:29:09","modified_gmt":"2026-04-26T01:29:09","slug":"ilcemiz-elmali-mahallesi-halkindan-omer-bektas-vefat-etti-bir-sureden-bu-yana-amansiz-kanser-hastaligi-ile-mucadele-eden-omer-bektas-yakalandigi-amansiz-hastaliktan-kurtula","status":"publish","type":"post","link":"https:\/\/zeleka.com\/?p=5832","title":{"rendered":"<div id=\"detaymetin\">                            <div><p>\u0130l\u00e7emiz Elmal\u0131 Mahallesi halk\u0131ndan \u00d6mer Bekta\u015f Vefat etti.<\/p><p>Bir s\u00fcreden bu yana amans\u0131z kanser hastal\u0131\u011f\u0131 ile m\u00fccadele eden \u00d6mer Bekta\u015f yakaland\u0131\u011f\u0131 amans\u0131z hastal\u0131ktan kurtulamayarak hayat\u0131n\u0131 ka"},"content":{"rendered":"<div id=\"detaymetin\">\n<div>\n<p>\u0130l\u00e7emiz Elmal\u0131 Mahallesi halk\u0131ndan \u00d6mer Bekta\u015f Vefat etti.<\/p>\n<p>Bir s\u00fcreden bu yana amans\u0131z kanser hastal\u0131\u011f\u0131 ile m\u00fccadele eden \u00d6mer Bekta\u015f yakaland\u0131\u011f\u0131 amans\u0131z hastal\u0131ktan kurtulamayarak hayat\u0131n\u0131 kaybetti.<\/p>\n<p>\u00c7ok uzun seneler Of \u00c7ay Fabrikas\u0131nda \u00e7al\u0131\u015ft\u0131ktan sonra emekliye ayr\u0131lan merhum \u00d6mer Bekta\u015f,\u00f6rnek insan yap\u0131s\u0131,karakterli duru\u015fu,insanlara olan sevgi ve sayg\u0131s\u0131,payla\u015fma ve dayan\u0131\u015fma \u00f6zellikleri ile toplum taraf\u0131ndan \u00e7ok sevilen ve sayg\u0131 duyulan bir insan olarak tan\u0131n\u0131yordu.<\/p>\n<p>Merhum \u00d6mer Bekta\u015f,Ahmet,Hamit ve Soner Bekta\u015f\u2019\u0131n babalar\u0131yd\u0131.<\/p>\n<p>Merhum \u00d6mer Bekta\u015f \u00a025.04.2026 Cumartesi g\u00fcn\u00fc \u00f6\u011fle namaz\u0131na m\u00fcteakip Elmal\u0131 Mahalle Camisinde k\u0131l\u0131nacak olan cenaze namaz\u0131n\u0131n ard\u0131ndan ayn\u0131 yerde bulunan aile kabristanl\u0131\u011f\u0131nda son yolculu\u011funa u\u011furlanacak.<\/p>\n<p>\u00c7aykara G\u00fcndem Gazetesi olarak iyilik misali olarek \u00f6rnek bir insan yap\u0131s\u0131 ile ya\u015fam\u0131n\u0131 tamamlayan Merhum \u00d6mer Bekta\u015f\u2019a Allah\u2019tan rahmet,kederli ailesine ba\u015f sa\u011fl\u0131\u011f\u0131 dileklerimizi iletiyoruz.<\/p>\n<p><strong>\u0130LET\u0130\u015e\u0130M<\/strong><\/p>\n<p><strong>\u00a0 \u00a0 \u00a0 \u00a0 \u00a0 \u00a0 \u00a0 \u00a0 Ahmet Bekta\u015f: 0530 923 78 81<\/strong><\/p>\n<p><strong>\u00a0 \u00a0 \u00a0 \u00a0 \u00a0 \u00a0 \u00a0 \u00a0Hamit Bekta\u015f: 0532 665 27 62<\/strong><\/p>\n<p><strong>\u00a0 \u00a0 \u00a0 \u00a0 \u00a0 \u00a0 \u00a0 \u00a0 Soner Bekta\u015f:0530 735 43 61<\/strong><\/p>\n<\/div>\n<p>          <\/div>\n","protected":false},"excerpt":{"rendered":"<p>\u0130l\u00e7emiz Elmal\u0131 Mahallesi halk\u0131ndan \u00d6mer Bekta\u015f Vefat etti. Bir s\u00fcreden bu yana amans\u0131z kanser hastal\u0131\u011f\u0131 ile m\u00fccadele eden \u00d6mer Bekta\u015f yakaland\u0131\u011f\u0131 amans\u0131z hastal\u0131ktan kurtulamayarak hayat\u0131n\u0131 kaybetti. \u00c7ok uzun seneler Of \u00c7ay Fabrikas\u0131nda \u00e7al\u0131\u015ft\u0131ktan sonra emekliye ayr\u0131lan merhum \u00d6mer Bekta\u015f,\u00f6rnek insan yap\u0131s\u0131,karakterli duru\u015fu,insanlara olan sevgi ve sayg\u0131s\u0131,payla\u015fma ve dayan\u0131\u015fma \u00f6zellikleri ile toplum taraf\u0131ndan \u00e7ok sevilen ve [&hellip;]<\/p>\n","protected":false},"author":1,"featured_media":5833,"comment_status":"open","ping_status":"open","sticky":false,"template":"","format":"standard","meta":{"tdm_status":"","tdm_grid_status":"","footnotes":""},"categories":[40],"tags":[],"class_list":{"0":"post-5832","1":"post","2":"type-post","3":"status-publish","4":"format-standard","5":"has-post-thumbnail","7":"category-caykara"},"_links":{"self":[{"href":"https:\/\/zeleka.com\/index.php?rest_route=\/wp\/v2\/posts\/5832","targetHints":{"allow":["GET"]}}],"collection":[{"href":"https:\/\/zeleka.com\/index.php?rest_route=\/wp\/v2\/posts"}],"about":[{"href":"https:\/\/zeleka.com\/index.php?rest_route=\/wp\/v2\/types\/post"}],"author":[{"embeddable":true,"href":"https:\/\/zeleka.com\/index.php?rest_route=\/wp\/v2\/users\/1"}],"replies":[{"embeddable":true,"href":"https:\/\/zeleka.com\/index.php?rest_route=%2Fwp%2Fv2%2Fcomments&post=5832"}],"version-history":[{"count":0,"href":"https:\/\/zeleka.com\/index.php?rest_route=\/wp\/v2\/posts\/5832\/revisions"}],"wp:featuredmedia":[{"embeddable":true,"href":"https:\/\/zeleka.com\/index.php?rest_route=\/wp\/v2\/media\/5833"}],"wp:attachment":[{"href":"https:\/\/zeleka.com\/index.php?rest_route=%2Fwp%2Fv2%2Fmedia&parent=5832"}],"wp:term":[{"taxonomy":"category","embeddable":true,"href":"https:\/\/zeleka.com\/index.php?rest_route=%2Fwp%2Fv2%2Fcategories&post=5832"},{"taxonomy":"post_tag","embeddable":true,"href":"https:\/\/zeleka.com\/index.php?rest_route=%2Fwp%2Fv2%2Ftags&post=5832"}],"curies":[{"name":"wp","href":"https:\/\/api.w.org\/{rel}","templated":true}]}}