{"id":5830,"date":"2026-04-26T04:29:10","date_gmt":"2026-04-26T01:29:10","guid":{"rendered":"https:\/\/zeleka.com\/?p=5830"},"modified":"2026-04-26T04:29:10","modified_gmt":"2026-04-26T01:29:10","slug":"ilcemiz-uzungol-elmali-mahallesinden-omer-bektaselmali-mahallesinde-kilinan-cenaze-namazinin-ardindan-ayni-mahallede-bulunan-aile-kabristanliginda-son-yolculuguna-ugurland","status":"publish","type":"post","link":"https:\/\/zeleka.com\/?p=5830","title":{"rendered":"<div id=\"detaymetin\">                            <div><p><span>\u0130l\u00e7emiz Uzung\u00f6l Elmal\u0131 Mahallesinden \u00d6mer Bekta\u015f,Elmal\u0131 Mahallesinde k\u0131l\u0131nan cenaze namaz\u0131n\u0131n ard\u0131ndan ayn\u0131 mahallede bulunan aile kabristanl\u0131\u011f\u0131nda son yolculu\u011funa u\u011furland\u0131.<\/span><\/p><p><spa"},"content":{"rendered":"<div id=\"detaymetin\">\n<div>\n<p><span>\u0130l\u00e7emiz Uzung\u00f6l Elmal\u0131 Mahallesinden \u00d6mer Bekta\u015f,Elmal\u0131 Mahallesinde k\u0131l\u0131nan cenaze namaz\u0131n\u0131n ard\u0131ndan ayn\u0131 mahallede bulunan aile kabristanl\u0131\u011f\u0131nda son yolculu\u011funa u\u011furland\u0131.<\/span><\/p>\n<p><span>Bir s\u00fcreden bu yana amans\u0131z kanser hastal\u0131\u011f\u0131 ile m\u00fccadele eden \u00d6mer Bekta\u015f yakaland\u0131\u011f\u0131 amans\u0131z hastal\u0131ktan kurtulamayarak hayat\u0131n\u0131 kaybetmi\u015fti.<\/span><\/p>\n<figure><img loading=\"lazy\" decoding=\"async\" src=\"https:\/\/caykaragundem.com\/resimler\/2026-4\/25\/573201583274544.webp\" width=\"900\" height=\"506\"><\/figure>\n<p><span>\u00c7ok uzun seneler Of \u00c7ay Fabrikas\u0131nda \u00e7al\u0131\u015ft\u0131ktan sonra emekliye ayr\u0131lan merhum \u00d6mer Bekta\u015f,\u00f6rnek insan yap\u0131s\u0131,karakterli duru\u015fu,insanlara olan sevgi ve sayg\u0131s\u0131,payla\u015fma ve dayan\u0131\u015fma \u00f6zellikleri ile toplum taraf\u0131ndan \u00e7ok sevilen ve sayg\u0131 duyulan bir insan olarak tan\u0131n\u0131yordu.<\/span><\/p>\n<p><span>Merhum \u00d6mer Bekta\u015f,Ahmet,Hamit ve Soner Bekta\u015f\u2019\u0131n babalar\u0131yd\u0131.<\/span><\/p>\n<figure><img loading=\"lazy\" decoding=\"async\" src=\"https:\/\/caykaragundem.com\/resimler\/2026-4\/25\/8534210462509.webp\" width=\"900\" height=\"506\"><\/figure>\n<p><span>Merhum \u00d6mer Bekta\u015f \u00a025.04.2026 Cumartesi g\u00fcn\u00fc \u00f6\u011fle namaz\u0131na m\u00fcteakip Elmal\u0131 Mahalle Camisinde k\u0131l\u0131nan cenaze namaz\u0131n\u0131n ard\u0131ndan ayn\u0131 yerde bulunan aile kabristanl\u0131\u011f\u0131nda son yolculu\u011funa u\u011furland\u0131.<\/span><\/p>\n<p><span>Merhum \u00d6mer Bekta\u015f\u2019\u0131n cenaze namaz\u0131na \u00c7aykara Belediye Ba\u015fkan\u0131 Hanefi Tok,\u00c7aykara Belediye Ba\u015fkan Yard\u0131mc\u0131s\u0131 Temel \u015eim\u015fek,AK Parti \u00c7aykara \u0130l\u00e7e Ba\u015fkan\u0131 Muhammet Sel\u00e7uk,Uzung\u00f6l Muhtar\u0131 Selman Dilek,Ta\u015fk\u0131ran mUhtar\u0131 H\u00fcseyin Alamano\u011flu ve \u00e7ok kalabal\u0131k bir vatanda\u015f toplulu\u011fu kat\u0131l\u0131m sa\u011flad\u0131.<\/span><\/p>\n<p><span>\u00c7aykara G\u00fcndem Gazetesi olarak iyilik misali olarek \u00f6rnek bir insan yap\u0131s\u0131 ile ya\u015fam\u0131n\u0131 tamamlayan Merhum \u00d6mer Bekta\u015f\u2019a Allah\u2019tan rahmet,kederli ailesine ba\u015f sa\u011fl\u0131\u011f\u0131 dileklerimizi iletiyoruz.<\/span><\/p>\n<p><span><strong>\u0130LET\u0130\u015e\u0130M<\/strong><\/span><\/p>\n<p><span><strong>\u00a0 \u00a0 \u00a0 \u00a0 \u00a0 \u00a0 \u00a0 \u00a0 Ahmet Bekta\u015f: 0530 923 78 81<\/strong><\/span><\/p>\n<p><span><strong>\u00a0 \u00a0 \u00a0 \u00a0 \u00a0 \u00a0 \u00a0 \u00a0Hamit Bekta\u015f: 0532 665 27 62<\/strong><\/span><\/p>\n<p><span><strong>\u00a0 \u00a0 \u00a0 \u00a0 \u00a0 \u00a0 \u00a0 \u00a0 Soner Bekta\u015f:0530 735 43 61<\/strong><\/span><\/p>\n<\/div>\n<p>          <\/div>\n","protected":false},"excerpt":{"rendered":"<p>\u0130l\u00e7emiz Uzung\u00f6l Elmal\u0131 Mahallesinden \u00d6mer Bekta\u015f,Elmal\u0131 Mahallesinde k\u0131l\u0131nan cenaze namaz\u0131n\u0131n ard\u0131ndan ayn\u0131 mahallede bulunan aile kabristanl\u0131\u011f\u0131nda son yolculu\u011funa u\u011furland\u0131. Bir s\u00fcreden bu yana amans\u0131z kanser hastal\u0131\u011f\u0131 ile m\u00fccadele eden \u00d6mer Bekta\u015f yakaland\u0131\u011f\u0131 amans\u0131z hastal\u0131ktan kurtulamayarak hayat\u0131n\u0131 kaybetmi\u015fti. \u00c7ok uzun seneler Of \u00c7ay Fabrikas\u0131nda \u00e7al\u0131\u015ft\u0131ktan sonra emekliye ayr\u0131lan merhum \u00d6mer Bekta\u015f,\u00f6rnek insan yap\u0131s\u0131,karakterli duru\u015fu,insanlara olan sevgi [&hellip;]<\/p>\n","protected":false},"author":1,"featured_media":5831,"comment_status":"open","ping_status":"open","sticky":false,"template":"","format":"standard","meta":{"tdm_status":"","tdm_grid_status":"","footnotes":""},"categories":[40],"tags":[],"class_list":{"0":"post-5830","1":"post","2":"type-post","3":"status-publish","4":"format-standard","5":"has-post-thumbnail","7":"category-caykara"},"_links":{"self":[{"href":"https:\/\/zeleka.com\/index.php?rest_route=\/wp\/v2\/posts\/5830","targetHints":{"allow":["GET"]}}],"collection":[{"href":"https:\/\/zeleka.com\/index.php?rest_route=\/wp\/v2\/posts"}],"about":[{"href":"https:\/\/zeleka.com\/index.php?rest_route=\/wp\/v2\/types\/post"}],"author":[{"embeddable":true,"href":"https:\/\/zeleka.com\/index.php?rest_route=\/wp\/v2\/users\/1"}],"replies":[{"embeddable":true,"href":"https:\/\/zeleka.com\/index.php?rest_route=%2Fwp%2Fv2%2Fcomments&post=5830"}],"version-history":[{"count":0,"href":"https:\/\/zeleka.com\/index.php?rest_route=\/wp\/v2\/posts\/5830\/revisions"}],"wp:featuredmedia":[{"embeddable":true,"href":"https:\/\/zeleka.com\/index.php?rest_route=\/wp\/v2\/media\/5831"}],"wp:attachment":[{"href":"https:\/\/zeleka.com\/index.php?rest_route=%2Fwp%2Fv2%2Fmedia&parent=5830"}],"wp:term":[{"taxonomy":"category","embeddable":true,"href":"https:\/\/zeleka.com\/index.php?rest_route=%2Fwp%2Fv2%2Fcategories&post=5830"},{"taxonomy":"post_tag","embeddable":true,"href":"https:\/\/zeleka.com\/index.php?rest_route=%2Fwp%2Fv2%2Ftags&post=5830"}],"curies":[{"name":"wp","href":"https:\/\/api.w.org\/{rel}","templated":true}]}}