{"id":5631,"date":"2026-03-14T23:30:03","date_gmt":"2026-03-14T20:30:03","guid":{"rendered":"https:\/\/zeleka.com\/?p=5631"},"modified":"2026-03-14T23:30:03","modified_gmt":"2026-03-14T20:30:03","slug":"ilhami-albayrak-hakka-yurudu-caykara-taskiran-mahallesinden-merhum-sakir","status":"publish","type":"post","link":"https:\/\/zeleka.com\/?p=5631","title":{"rendered":"<div id=\"detaymetin\">                            <p>\u0130LHAM\u0130 ALBAYRAK HAKKA Y\u00dcR\u00dcD\u00dc; \u00a0 \u00a0 \u00a0 \u00a0 \u00a0 \u00a0 \u00a0 \u00a0 \u00a0 \u00a0 \u00a0 \u00a0 \u00a0 \u00a0\u00c7aykara -Ta\u015fk\u0131ran mahallesinden Merhum \u015eakir o\u011flu \u0130lhami ( Vahap) Albayrak 72 \u00a0ya\u015f\u0131nda idi. Bir s\u00fcredir yatmakta oldu\u011fu Karadeniz Teknik \u00dcnivrsite"},"content":{"rendered":"<div id=\"detaymetin\">\n<p>\u0130LHAM\u0130 ALBAYRAK HAKKA Y\u00dcR\u00dcD\u00dc; \u00a0 \u00a0 \u00a0 \u00a0 \u00a0 \u00a0 \u00a0 \u00a0 \u00a0 \u00a0 \u00a0 \u00a0 \u00a0 \u00a0\u00c7aykara -Ta\u015fk\u0131ran mahallesinden Merhum \u015eakir o\u011flu \u0130lhami ( Vahap) Albayrak 72 \u00a0ya\u015f\u0131nda idi. Bir s\u00fcredir yatmakta oldu\u011fu Karadeniz Teknik \u00dcnivrsitesi Farabi T\u0131p Fak\u00fcltesinde \u00e7oklu organ yetmezli\u011fi nedeniyle hayata g\u00f6zlerini yumdu..1992 y\u0131l\u0131nda \u00a0ge\u00e7irdi\u011f Trafik kazas\u0131 nedeniyle \u00a0k\u0131sm\u0131 fel\u00e7 olmu\u015ftu. Y\u0131llard\u0131r yata\u011fa ba\u011f\u0131ml\u0131 olarak ya\u015fam\u0131n\u0131 s\u00fcrd\u00fcr\u00fcyordu. Gen\u00e7lik d\u00f6nemleinde de K\u00f6y \u0130khtiyar Heyetlerinde g\u00f6rev alm\u0131\u015f, Ta\u015fk\u0131ran mahallesinde baz\u0131 sosyal sorumluluk projelerinde \u00f6nde \u00a0olmu\u015f, \u00a0g\u00fczel bir cemiyet insan\u0131 olarak biliniyordu. \u00a0Yazd\u0131\u011f\u0131 g\u00fczel \u015fiirlerlede \u00a0tan\u0131n\u0131rd\u0131.\u00d6\u011fretmen Mustafa Albayrak&#8217;\u0131n abisi, Emekli \u00f6\u011fretmenler; Abd\u00fclkadir, Ahmet Cevat , \u00a0Faruk Albayrak, Mali M\u00fc\u015favir Nejdet Albayrak&#8217;\u0131n hem amcalar\u0131n\u0131 o\u011flu hemde k\u0131zkarde\u015flerinin beyi idi. Demirkap\u0131 mahallesinden Osman Abanoz ve \u00d6mer(Selim) \u00a0Abanoz \u00a0hocan\u0131n teyzesinin e\u015fi, \u00a0Emekli \u00f6\u011fretmen \u0130rfan \u015eahin&#8217;in bacana\u011f\u0131 idi. Cenazesi 15.03.2026 \u00a0pazar g\u00fcn\u00fc Trabzon &#8216;da meydan mevkiindeki \u0130skenderpa\u015fa camisinde \u00f6\u011fle namaz\u0131na m\u00fcteakip k\u0131l\u0131nacak cenaze namaz\u0131ndan sonra \u00a0yeni Boztepe mezarl\u0131\u011f\u0131nda Ebediyete u\u011furlanacakt\u0131r. Allah rahmet \u00a0eylesin. Mekan\u0131 cennet olsun.<\/p>\n<p>\u0130LET\u0130\u015e\u0130M<\/p>\n<p>Mustafa Albayrak \u015eakiro\u011flu-<a href=\"http:\/\/caykaragundem.com\/tel:0535 233 15 25\">0535 233 15 25<\/a><\/p>\n<p>Abd\u00fclkadir Albayrak-Kay\u0131n\u0131-<a href=\"http:\/\/caykaragundem.com\/tel:0533 369 22 18\">0533 369 22 18<\/a><\/p>\n<p>Ahmet Cevat Albayrak-Kay\u0131n\u0131-<a href=\"http:\/\/caykaragundem.com\/tel:0535 793 18 65\">0535 793 18 65<\/a><\/p>\n<p>Faruk Albayrak-Kay\u0131n\u0131-<a href=\"http:\/\/caykaragundem.com\/tel:0532 523 77 65\">0532 523 77 65<\/a><\/p>\n<p>          <\/div>\n","protected":false},"excerpt":{"rendered":"<p>\u0130LHAM\u0130 ALBAYRAK HAKKA Y\u00dcR\u00dcD\u00dc; \u00a0 \u00a0 \u00a0 \u00a0 \u00a0 \u00a0 \u00a0 \u00a0 \u00a0 \u00a0 \u00a0 \u00a0 \u00a0 \u00a0\u00c7aykara -Ta\u015fk\u0131ran mahallesinden Merhum \u015eakir o\u011flu \u0130lhami ( Vahap) Albayrak 72 \u00a0ya\u015f\u0131nda idi. Bir s\u00fcredir yatmakta oldu\u011fu Karadeniz Teknik \u00dcnivrsitesi Farabi T\u0131p Fak\u00fcltesinde \u00e7oklu organ yetmezli\u011fi nedeniyle hayata g\u00f6zlerini yumdu..1992 y\u0131l\u0131nda \u00a0ge\u00e7irdi\u011f Trafik kazas\u0131 nedeniyle \u00a0k\u0131sm\u0131 fel\u00e7 olmu\u015ftu. [&hellip;]<\/p>\n","protected":false},"author":1,"featured_media":5632,"comment_status":"open","ping_status":"open","sticky":false,"template":"","format":"standard","meta":{"tdm_status":"","tdm_grid_status":"","footnotes":""},"categories":[40],"tags":[],"class_list":{"0":"post-5631","1":"post","2":"type-post","3":"status-publish","4":"format-standard","5":"has-post-thumbnail","7":"category-caykara"},"_links":{"self":[{"href":"https:\/\/zeleka.com\/index.php?rest_route=\/wp\/v2\/posts\/5631","targetHints":{"allow":["GET"]}}],"collection":[{"href":"https:\/\/zeleka.com\/index.php?rest_route=\/wp\/v2\/posts"}],"about":[{"href":"https:\/\/zeleka.com\/index.php?rest_route=\/wp\/v2\/types\/post"}],"author":[{"embeddable":true,"href":"https:\/\/zeleka.com\/index.php?rest_route=\/wp\/v2\/users\/1"}],"replies":[{"embeddable":true,"href":"https:\/\/zeleka.com\/index.php?rest_route=%2Fwp%2Fv2%2Fcomments&post=5631"}],"version-history":[{"count":0,"href":"https:\/\/zeleka.com\/index.php?rest_route=\/wp\/v2\/posts\/5631\/revisions"}],"wp:featuredmedia":[{"embeddable":true,"href":"https:\/\/zeleka.com\/index.php?rest_route=\/wp\/v2\/media\/5632"}],"wp:attachment":[{"href":"https:\/\/zeleka.com\/index.php?rest_route=%2Fwp%2Fv2%2Fmedia&parent=5631"}],"wp:term":[{"taxonomy":"category","embeddable":true,"href":"https:\/\/zeleka.com\/index.php?rest_route=%2Fwp%2Fv2%2Fcategories&post=5631"},{"taxonomy":"post_tag","embeddable":true,"href":"https:\/\/zeleka.com\/index.php?rest_route=%2Fwp%2Fv2%2Ftags&post=5631"}],"curies":[{"name":"wp","href":"https:\/\/api.w.org\/{rel}","templated":true}]}}