{"id":5629,"date":"2026-03-13T23:29:26","date_gmt":"2026-03-13T20:29:26","guid":{"rendered":"https:\/\/zeleka.com\/?p=5629"},"modified":"2026-03-13T23:29:26","modified_gmt":"2026-03-13T20:29:26","slug":"ilcemiz-demirkapi-eski-muhtarlarindan-ve-sevilen-isimlerinden-mehmet-ali-kaya-vefat-etti-merhum-mehmet-ali-kayacemil-kayanin-babasiydi-07-06-1987-27-03-199","status":"publish","type":"post","link":"https:\/\/zeleka.com\/?p=5629","title":{"rendered":"<div id=\"detaymetin\">                            <p>\u0130l\u00e7emiz Demirkap\u0131 eski muhtarlar\u0131ndan ve sevilen isimlerinden \u00a0Mehmet Ali kaya vefat etti.<\/p><p>Merhum Mehmet Ali Kaya,Cemil Kaya\u2019n\u0131n babas\u0131yd\u0131.<\/p><p>07.06.1987 -27.03.1994 tarihleri aras\u0131nda \u0130l\u00e7emiz D"},"content":{"rendered":"<div id=\"detaymetin\">\n<p>\u0130l\u00e7emiz Demirkap\u0131 eski muhtarlar\u0131ndan ve sevilen isimlerinden \u00a0Mehmet Ali kaya vefat etti.<\/p>\n<p>Merhum Mehmet Ali Kaya,Cemil Kaya\u2019n\u0131n babas\u0131yd\u0131.<\/p>\n<p>07.06.1987 -27.03.1994 tarihleri aras\u0131nda \u0130l\u00e7emiz Demirkap\u0131 Mahallesi Muhtarl\u0131\u011f\u0131 g\u00f6revini y\u00fcr\u00fcten ve toplum taraf\u0131ndan \u00e7ok sevilen bir insan olarak tan\u0131nan Merhum Mehmet Ali Kaya, Trabzon\u2019lu \u00a0i\u015f adamlar\u0131ndan ayn\u0131 zamanda Lalezar pastane sahibiydi.<\/p>\n<p>Merhum Mehmet Ali Kaya \u00a014.03.2026 Cumartesi g\u00fcn\u00fc \u00f6\u011fle namaz\u0131na m\u00fcreakip Trabzon \u00a0iskenderpa\u015fa camiinde k\u0131l\u0131nacak olan cenaze namaz\u0131n\u0131n ard\u0131ndan \u00a0Demirkap\u0131 \u00a0Mahallesinde bulunan aile mezarl\u0131\u011f\u0131na defnedilecek.<\/p>\n<p>\u00c7aykara G\u00fcndem Gazetesi olarak Merhum Mehmet Ali Kaya\u2019ya Allah\u2019tan rahmet,kederli ailesine ba\u015f sa\u011fl\u0131\u011f\u0131 dileklerimizi iletiyoruz.<\/p>\n<p><strong>\u0130LET\u0130\u015e\u0130M<\/strong><\/p>\n<p><strong>O\u011flu Cemil Kaya 0 (561) 618 66 65<\/strong><\/p>\n<p>          <\/div>\n","protected":false},"excerpt":{"rendered":"<p>\u0130l\u00e7emiz Demirkap\u0131 eski muhtarlar\u0131ndan ve sevilen isimlerinden \u00a0Mehmet Ali kaya vefat etti. Merhum Mehmet Ali Kaya,Cemil Kaya\u2019n\u0131n babas\u0131yd\u0131. 07.06.1987 -27.03.1994 tarihleri aras\u0131nda \u0130l\u00e7emiz Demirkap\u0131 Mahallesi Muhtarl\u0131\u011f\u0131 g\u00f6revini y\u00fcr\u00fcten ve toplum taraf\u0131ndan \u00e7ok sevilen bir insan olarak tan\u0131nan Merhum Mehmet Ali Kaya, Trabzon\u2019lu \u00a0i\u015f adamlar\u0131ndan ayn\u0131 zamanda Lalezar pastane sahibiydi. Merhum Mehmet Ali Kaya \u00a014.03.2026 Cumartesi [&hellip;]<\/p>\n","protected":false},"author":1,"featured_media":5630,"comment_status":"open","ping_status":"open","sticky":false,"template":"","format":"standard","meta":{"tdm_status":"","tdm_grid_status":"","footnotes":""},"categories":[40],"tags":[],"class_list":{"0":"post-5629","1":"post","2":"type-post","3":"status-publish","4":"format-standard","5":"has-post-thumbnail","7":"category-caykara"},"_links":{"self":[{"href":"https:\/\/zeleka.com\/index.php?rest_route=\/wp\/v2\/posts\/5629","targetHints":{"allow":["GET"]}}],"collection":[{"href":"https:\/\/zeleka.com\/index.php?rest_route=\/wp\/v2\/posts"}],"about":[{"href":"https:\/\/zeleka.com\/index.php?rest_route=\/wp\/v2\/types\/post"}],"author":[{"embeddable":true,"href":"https:\/\/zeleka.com\/index.php?rest_route=\/wp\/v2\/users\/1"}],"replies":[{"embeddable":true,"href":"https:\/\/zeleka.com\/index.php?rest_route=%2Fwp%2Fv2%2Fcomments&post=5629"}],"version-history":[{"count":0,"href":"https:\/\/zeleka.com\/index.php?rest_route=\/wp\/v2\/posts\/5629\/revisions"}],"wp:featuredmedia":[{"embeddable":true,"href":"https:\/\/zeleka.com\/index.php?rest_route=\/wp\/v2\/media\/5630"}],"wp:attachment":[{"href":"https:\/\/zeleka.com\/index.php?rest_route=%2Fwp%2Fv2%2Fmedia&parent=5629"}],"wp:term":[{"taxonomy":"category","embeddable":true,"href":"https:\/\/zeleka.com\/index.php?rest_route=%2Fwp%2Fv2%2Fcategories&post=5629"},{"taxonomy":"post_tag","embeddable":true,"href":"https:\/\/zeleka.com\/index.php?rest_route=%2Fwp%2Fv2%2Ftags&post=5629"}],"curies":[{"name":"wp","href":"https:\/\/api.w.org\/{rel}","templated":true}]}}