{"id":5627,"date":"2026-03-12T23:29:11","date_gmt":"2026-03-12T20:29:11","guid":{"rendered":"https:\/\/zeleka.com\/?p=5627"},"modified":"2026-03-12T23:29:11","modified_gmt":"2026-03-12T20:29:11","slug":"karadeniz-ve-ulke-turizminin-en-onemli-merkezlerinden-uzungolde-12-mart-istiklal-marsinin-kabulu-ve-18-mart-canakkale-sehitlerini-anma-gunu-programi-gerce","status":"publish","type":"post","link":"https:\/\/zeleka.com\/?p=5627","title":{"rendered":"<div id=\"detaymetin\">                            <p>Karadeniz ve \u00dclke Turizminin en \u00f6nemli Merkezlerinden Uzung\u00f6l\u2019de 12 Mart \u0130stiklal Mar\u015f\u0131\u2019n\u0131n Kabul\u00fc ve 18 Mart \u00c7anakkale \u015eehitlerini Anma G\u00fcn\u00fc Program\u0131 ger\u00e7ekle\u015ftirildi.<\/p><figure><img src=\"https:\/\/cayka"},"content":{"rendered":"<div id=\"detaymetin\">\n<p>Karadeniz ve \u00dclke Turizminin en \u00f6nemli Merkezlerinden Uzung\u00f6l\u2019de 12 Mart \u0130stiklal Mar\u015f\u0131\u2019n\u0131n Kabul\u00fc ve 18 Mart \u00c7anakkale \u015eehitlerini Anma G\u00fcn\u00fc Program\u0131 ger\u00e7ekle\u015ftirildi.<\/p>\n<figure><img decoding=\"async\" src=\"https:\/\/caykaragundem.com\/resimler\/2026-3\/12\/298341232816722.webp\"><\/figure>\n<p>18 Mart \u00c7anakkale \u015eehitlerini Anma G\u00fcn\u00fc ara tatile denk gelmesi sebebi ile Okulda iki etkinlik bir arada ger\u00e7ekle\u015ftirildi.<\/p>\n<figure><img decoding=\"async\" src=\"https:\/\/caykaragundem.com\/resimler\/2026-3\/12\/44983117721185.webp\"><\/figure>\n<p>12 Mart 2026 Per\u015fembe G\u00fcn\u00fc ger\u00e7ekle\u015ftirilen programa Okul M\u00fcd\u00fcr\u00fc \u0130dris Hac\u0131mahmuto\u011flu ile \u00d6\u011fretmenler,\u00f6\u011frenciler ve \u00f6\u011frenci velileri kat\u0131l\u0131m sa\u011flad\u0131.<\/p>\n<figure><\/figure>\n<p>Programda \u00f6\u011frenciler taraf\u0131ndan g\u00fcn\u00fcn anlam\u0131na uygun olarak haz\u0131rlanan etkinlikler,dramatizasyon g\u00f6sterileri \u00a0sahneye konularak \u00f6\u011frencilerde fark\u0131ndal\u0131k olu\u015fturuldu.<\/p>\n<p>          <\/div>\n","protected":false},"excerpt":{"rendered":"<p>Karadeniz ve \u00dclke Turizminin en \u00f6nemli Merkezlerinden Uzung\u00f6l\u2019de 12 Mart \u0130stiklal Mar\u015f\u0131\u2019n\u0131n Kabul\u00fc ve 18 Mart \u00c7anakkale \u015eehitlerini Anma G\u00fcn\u00fc Program\u0131 ger\u00e7ekle\u015ftirildi. 18 Mart \u00c7anakkale \u015eehitlerini Anma G\u00fcn\u00fc ara tatile denk gelmesi sebebi ile Okulda iki etkinlik bir arada ger\u00e7ekle\u015ftirildi. 12 Mart 2026 Per\u015fembe G\u00fcn\u00fc ger\u00e7ekle\u015ftirilen programa Okul M\u00fcd\u00fcr\u00fc \u0130dris Hac\u0131mahmuto\u011flu ile \u00d6\u011fretmenler,\u00f6\u011frenciler ve \u00f6\u011frenci [&hellip;]<\/p>\n","protected":false},"author":1,"featured_media":5628,"comment_status":"open","ping_status":"open","sticky":false,"template":"","format":"standard","meta":{"tdm_status":"","tdm_grid_status":"","footnotes":""},"categories":[40],"tags":[],"class_list":{"0":"post-5627","1":"post","2":"type-post","3":"status-publish","4":"format-standard","5":"has-post-thumbnail","7":"category-caykara"},"_links":{"self":[{"href":"https:\/\/zeleka.com\/index.php?rest_route=\/wp\/v2\/posts\/5627","targetHints":{"allow":["GET"]}}],"collection":[{"href":"https:\/\/zeleka.com\/index.php?rest_route=\/wp\/v2\/posts"}],"about":[{"href":"https:\/\/zeleka.com\/index.php?rest_route=\/wp\/v2\/types\/post"}],"author":[{"embeddable":true,"href":"https:\/\/zeleka.com\/index.php?rest_route=\/wp\/v2\/users\/1"}],"replies":[{"embeddable":true,"href":"https:\/\/zeleka.com\/index.php?rest_route=%2Fwp%2Fv2%2Fcomments&post=5627"}],"version-history":[{"count":0,"href":"https:\/\/zeleka.com\/index.php?rest_route=\/wp\/v2\/posts\/5627\/revisions"}],"wp:featuredmedia":[{"embeddable":true,"href":"https:\/\/zeleka.com\/index.php?rest_route=\/wp\/v2\/media\/5628"}],"wp:attachment":[{"href":"https:\/\/zeleka.com\/index.php?rest_route=%2Fwp%2Fv2%2Fmedia&parent=5627"}],"wp:term":[{"taxonomy":"category","embeddable":true,"href":"https:\/\/zeleka.com\/index.php?rest_route=%2Fwp%2Fv2%2Fcategories&post=5627"},{"taxonomy":"post_tag","embeddable":true,"href":"https:\/\/zeleka.com\/index.php?rest_route=%2Fwp%2Fv2%2Ftags&post=5627"}],"curies":[{"name":"wp","href":"https:\/\/api.w.org\/{rel}","templated":true}]}}