{"id":5625,"date":"2026-03-11T23:29:18","date_gmt":"2026-03-11T20:29:18","guid":{"rendered":"https:\/\/zeleka.com\/?p=5625"},"modified":"2026-03-11T23:29:18","modified_gmt":"2026-03-11T20:29:18","slug":"trabzonun-caykara-ilcesinde-turizm-merkezi-uzungolde-iki-ilce-protokolu-cayder-kadin-kooperatifi-ile-bulustu-caykara-ve-dernekpazari-ilce-protokolun","status":"publish","type":"post","link":"https:\/\/zeleka.com\/?p=5625","title":{"rendered":"<div id=\"detaymetin\">                            <p>Trabzon\u2019un \u00c7aykara \u0130l\u00e7esinde Turizm Merkezi Uzung\u00f6l\u2019de iki il\u00e7e protokol\u00fc \u00c7AYDER\u00a0 Kad\u0131n Kooperatifi ile bulu\u015ftu.<\/p><p>\u00c7aykara ve Dernekpazar\u0131 \u0130l\u00e7e Protokol\u00fcn\u00fc \u00c7AYDER Kad\u0131n Kooperatifi ile bir araya geti"},"content":{"rendered":"<div id=\"detaymetin\">\n<p>Trabzon\u2019un \u00c7aykara \u0130l\u00e7esinde Turizm Merkezi Uzung\u00f6l\u2019de iki il\u00e7e protokol\u00fc \u00c7AYDER\u00a0 Kad\u0131n Kooperatifi ile bulu\u015ftu.<\/p>\n<p>\u00c7aykara ve Dernekpazar\u0131 \u0130l\u00e7e Protokol\u00fcn\u00fc \u00c7AYDER Kad\u0131n Kooperatifi ile bir araya getiren \u0130ftar Organizasyonu 11.03.2026 \u00c7ar\u015famba ak\u015fam\u0131 ger\u00e7ekle\u015ftirildi.<\/p>\n<figure><img decoding=\"async\" src=\"https:\/\/caykaragundem.com\/resimler\/2026-3\/11\/10014218871877.webp\"><\/figure>\n<p>\u00c7aykara Belediye Ba\u015fkan\u0131 taraf\u0131ndan organizasyonu ger\u00e7ekle\u015ftirilen ve \u00c7aykara \u0130l\u00e7e Milli E\u011fitim M\u00fcd\u00fcr\u00fc Ahmet \u00c7amurali taraf\u0131ndan haz\u0131rlanan \u0130ftar Organizasyonuna \u00c7aykara Kaymakam\u0131 Ali Sapmaz,Dernekpazar\u0131 Belediye Ba\u015fkan\u0131 Dr Mehmet A\u015f\u0131k,\u00c7aykara Belediye Ba\u015fkan\u0131 Hanefi Tok,AK Parti \u00c7aykara \u0130l\u00e7e Ba\u015fkan\u0131 Muhammet Sel\u00e7uk,\u00c7aykara \u0130l\u00e7e Jandarma Komutan\u0131 \u00dcste\u011fmen Emre Can Narin,\u00c7aykara \u0130l\u00e7e Emniyet Amiri Komiser Alparslan Albayrak ,\u00c7aykara \u0130l\u00e7e Milli E\u011fitim M\u00fcd\u00fcr\u00fc Ahmet \u00c7amurali,Uzung\u00f6l Muhtar\u0131 Selman Dilek,K\u00f6knar Muhtar\u0131 Cemile Alhan ile \u00a0\u00c7AYDER Kad\u0131n Kooperatifi \u00dcyesi ve \u00e7al\u0131\u015fan\u0131 yakla\u015f\u0131k 150 kad\u0131n\u0131n kat\u0131l\u0131mlar\u0131 ile ger\u00e7ekle\u015ftirildi.<\/p>\n<figure><img decoding=\"async\" src=\"https:\/\/caykaragundem.com\/resimler\/2026-3\/11\/1199552117431454.webp\"><\/figure>\n<p>Ger\u00e7ekle\u015ftirilen \u0130ftar Organizasyonunda \u00dcretici Bayanlardan Hayriye Y\u0131ld\u0131zl\u0131,\u00c7AYDER Kad\u0131n Kooperatifi Y\u00f6netim Kurulu Ba\u015fkan\u0131 Ay\u015feg\u00fcl Sayar,Dernekpazar\u0131 Belediye Ba\u015fkan\u0131 Dr Mehmet A\u015f\u0131k,\u00c7aykara Belediye Ba\u015fkan\u0131 Hanefi Tok ve \u00c7aykara Kaymakam\u0131 Ali Sapmaz birer selamlama konu\u015fmas\u0131 ger\u00e7ekle\u015ftirdiler.<\/p>\n<figure><\/figure>\n<p>          <\/div>\n","protected":false},"excerpt":{"rendered":"<p>Trabzon\u2019un \u00c7aykara \u0130l\u00e7esinde Turizm Merkezi Uzung\u00f6l\u2019de iki il\u00e7e protokol\u00fc \u00c7AYDER\u00a0 Kad\u0131n Kooperatifi ile bulu\u015ftu. \u00c7aykara ve Dernekpazar\u0131 \u0130l\u00e7e Protokol\u00fcn\u00fc \u00c7AYDER Kad\u0131n Kooperatifi ile bir araya getiren \u0130ftar Organizasyonu 11.03.2026 \u00c7ar\u015famba ak\u015fam\u0131 ger\u00e7ekle\u015ftirildi. \u00c7aykara Belediye Ba\u015fkan\u0131 taraf\u0131ndan organizasyonu ger\u00e7ekle\u015ftirilen ve \u00c7aykara \u0130l\u00e7e Milli E\u011fitim M\u00fcd\u00fcr\u00fc Ahmet \u00c7amurali taraf\u0131ndan haz\u0131rlanan \u0130ftar Organizasyonuna \u00c7aykara Kaymakam\u0131 Ali Sapmaz,Dernekpazar\u0131 Belediye [&hellip;]<\/p>\n","protected":false},"author":1,"featured_media":5626,"comment_status":"open","ping_status":"open","sticky":false,"template":"","format":"standard","meta":{"tdm_status":"","tdm_grid_status":"","footnotes":""},"categories":[40],"tags":[],"class_list":{"0":"post-5625","1":"post","2":"type-post","3":"status-publish","4":"format-standard","5":"has-post-thumbnail","7":"category-caykara"},"_links":{"self":[{"href":"https:\/\/zeleka.com\/index.php?rest_route=\/wp\/v2\/posts\/5625","targetHints":{"allow":["GET"]}}],"collection":[{"href":"https:\/\/zeleka.com\/index.php?rest_route=\/wp\/v2\/posts"}],"about":[{"href":"https:\/\/zeleka.com\/index.php?rest_route=\/wp\/v2\/types\/post"}],"author":[{"embeddable":true,"href":"https:\/\/zeleka.com\/index.php?rest_route=\/wp\/v2\/users\/1"}],"replies":[{"embeddable":true,"href":"https:\/\/zeleka.com\/index.php?rest_route=%2Fwp%2Fv2%2Fcomments&post=5625"}],"version-history":[{"count":0,"href":"https:\/\/zeleka.com\/index.php?rest_route=\/wp\/v2\/posts\/5625\/revisions"}],"wp:featuredmedia":[{"embeddable":true,"href":"https:\/\/zeleka.com\/index.php?rest_route=\/wp\/v2\/media\/5626"}],"wp:attachment":[{"href":"https:\/\/zeleka.com\/index.php?rest_route=%2Fwp%2Fv2%2Fmedia&parent=5625"}],"wp:term":[{"taxonomy":"category","embeddable":true,"href":"https:\/\/zeleka.com\/index.php?rest_route=%2Fwp%2Fv2%2Fcategories&post=5625"},{"taxonomy":"post_tag","embeddable":true,"href":"https:\/\/zeleka.com\/index.php?rest_route=%2Fwp%2Fv2%2Ftags&post=5625"}],"curies":[{"name":"wp","href":"https:\/\/api.w.org\/{rel}","templated":true}]}}