{"id":5623,"date":"2026-03-10T23:29:17","date_gmt":"2026-03-10T20:29:17","guid":{"rendered":"https:\/\/zeleka.com\/?p=5623"},"modified":"2026-03-10T23:29:17","modified_gmt":"2026-03-10T20:29:17","slug":"uluslararasi-basin-konfederasyonundan-trabzona-yeni-atama-caykarali-agirman-il-temsilcisi-oldu","status":"publish","type":"post","link":"https:\/\/zeleka.com\/?p=5623","title":{"rendered":"<div id=\"detaymetin\">                            <p><span>Uluslararas\u0131 Bas\u0131n Konfederasyonu\u2019ndan Trabzon\u2019a Yeni Atama ; \u00c7aykara\u2019l\u0131 A\u011f\u0131rman \u0130l Temsilcisi Oldu<\/span><\/p><figure><img src=\"https:\/\/caykaragundem.com\/resimler\/2026-3\/10\/92375481350130.webp\"><\/f"},"content":{"rendered":"<div id=\"detaymetin\">\n<p><span>Uluslararas\u0131 Bas\u0131n Konfederasyonu\u2019ndan Trabzon\u2019a Yeni Atama ; \u00c7aykara\u2019l\u0131 A\u011f\u0131rman \u0130l Temsilcisi Oldu<\/span><\/p>\n<figure><img decoding=\"async\" src=\"https:\/\/caykaragundem.com\/resimler\/2026-3\/10\/92375481350130.webp\"><\/figure>\n<p><span>Uluslararas\u0131 Bas\u0131n Konfederasyonu\u2019nun 10 \u015eubat 2026 tarih ve 2026\/3 say\u0131l\u0131 karar\u0131 ile Trabzon \u0130l Temsilcili\u011fine Taka Gazetesi Genel M\u00fcd\u00fcr\u00fc \u00c7aykara\u2019l\u0131 Hem\u015ferimiz Zihni A\u011f\u0131rman atand\u0131.\u00a0<\/span><\/p>\n<div>\n<p><span>Bas\u0131n d\u00fcnyas\u0131nda uzun y\u0131llard\u0131r aktif olarak g\u00f6rev yapan ve Trabzon\u2019da gazetecilik alan\u0131nda \u00f6nemli \u00e7al\u0131\u015fmalara imza atan Zihni A\u011f\u0131rman, yeni g\u00f6reviyle birlikte uluslararas\u0131 bas\u0131n kurulu\u015flar\u0131 ile yerel medya aras\u0131nda g\u00fc\u00e7l\u00fc bir k\u00f6pr\u00fc kurmay\u0131 hedeflediklerini s\u00f6yledi.<\/span><\/p>\n<p><span>A\u011f\u0131rman, yapt\u0131\u011f\u0131 a\u00e7\u0131klamada Trabzon\u2019un g\u00fc\u00e7l\u00fc bir bas\u0131n gelene\u011fine sahip oldu\u011funu belirterek, \u201cUluslararas\u0131 Bas\u0131n Konfederasyonu\u2019nun Trabzon \u0130l Temsilcili\u011fi g\u00f6revini \u00fcstlenmekten b\u00fcy\u00fck onur duyuyorum. \u015eehrimizin bas\u0131n potansiyelini ulusal ve uluslararas\u0131 platformlarda daha g\u00f6r\u00fcn\u00fcr hale getirmek i\u00e7in \u00e7al\u0131\u015fmalar yapaca\u011f\u0131z. Meslekta\u015flar\u0131m\u0131zla birlikte \u00f6nemli projelere ve hizmetlere imza atmay\u0131 ama\u00e7l\u0131yoruz\u201d dedi.<\/span><\/p>\n<\/div>\n<div>\n<p><span><img decoding=\"async\" src=\"https:\/\/caykaragundem.com\/resimler\/2026-3\/10\/57151918584819.webp\"><\/span><\/p>\n<p><span>Yeni d\u00f6nemde Trabzon\u2019daki gazetecilerin mesleki geli\u015fimine katk\u0131 sa\u011flayacak e\u011fitim, seminer ve uluslararas\u0131 i\u015f birlikleri planlad\u0131klar\u0131n\u0131 ifade eden A\u011f\u0131rman, bas\u0131n mensuplar\u0131n\u0131n daha g\u00fc\u00e7l\u00fc bir ileti\u015fim a\u011f\u0131na kavu\u015fmas\u0131 i\u00e7in \u00e7al\u0131\u015facaklar\u0131n\u0131 vurgulad\u0131.<\/span><\/p>\n<p><span>Uluslararas\u0131 Bas\u0131n Konfederasyonu\u2019nun ald\u0131\u011f\u0131 kararla Trabzon\u2019da resmen g\u00f6reve ba\u015flayan A\u011f\u0131rman\u2019\u0131n \u00f6n\u00fcm\u00fczdeki s\u00fcre\u00e7te kentte bas\u0131n faaliyetlerinin geli\u015fmesi ve uluslararas\u0131 bas\u0131nla entegrasyonun g\u00fc\u00e7lenmesi ad\u0131na \u00e7e\u015fitli projeleri hayata ge\u00e7irmesi bekleniyor.<\/span><\/p>\n<\/div>\n<p>          <\/div>\n","protected":false},"excerpt":{"rendered":"<p>Uluslararas\u0131 Bas\u0131n Konfederasyonu\u2019ndan Trabzon\u2019a Yeni Atama ; \u00c7aykara\u2019l\u0131 A\u011f\u0131rman \u0130l Temsilcisi Oldu Uluslararas\u0131 Bas\u0131n Konfederasyonu\u2019nun 10 \u015eubat 2026 tarih ve 2026\/3 say\u0131l\u0131 karar\u0131 ile Trabzon \u0130l Temsilcili\u011fine Taka Gazetesi Genel M\u00fcd\u00fcr\u00fc \u00c7aykara\u2019l\u0131 Hem\u015ferimiz Zihni A\u011f\u0131rman atand\u0131.\u00a0 Bas\u0131n d\u00fcnyas\u0131nda uzun y\u0131llard\u0131r aktif olarak g\u00f6rev yapan ve Trabzon\u2019da gazetecilik alan\u0131nda \u00f6nemli \u00e7al\u0131\u015fmalara imza atan Zihni A\u011f\u0131rman, yeni [&hellip;]<\/p>\n","protected":false},"author":1,"featured_media":5624,"comment_status":"open","ping_status":"open","sticky":false,"template":"","format":"standard","meta":{"tdm_status":"","tdm_grid_status":"","footnotes":""},"categories":[40],"tags":[],"class_list":{"0":"post-5623","1":"post","2":"type-post","3":"status-publish","4":"format-standard","5":"has-post-thumbnail","7":"category-caykara"},"_links":{"self":[{"href":"https:\/\/zeleka.com\/index.php?rest_route=\/wp\/v2\/posts\/5623","targetHints":{"allow":["GET"]}}],"collection":[{"href":"https:\/\/zeleka.com\/index.php?rest_route=\/wp\/v2\/posts"}],"about":[{"href":"https:\/\/zeleka.com\/index.php?rest_route=\/wp\/v2\/types\/post"}],"author":[{"embeddable":true,"href":"https:\/\/zeleka.com\/index.php?rest_route=\/wp\/v2\/users\/1"}],"replies":[{"embeddable":true,"href":"https:\/\/zeleka.com\/index.php?rest_route=%2Fwp%2Fv2%2Fcomments&post=5623"}],"version-history":[{"count":0,"href":"https:\/\/zeleka.com\/index.php?rest_route=\/wp\/v2\/posts\/5623\/revisions"}],"wp:featuredmedia":[{"embeddable":true,"href":"https:\/\/zeleka.com\/index.php?rest_route=\/wp\/v2\/media\/5624"}],"wp:attachment":[{"href":"https:\/\/zeleka.com\/index.php?rest_route=%2Fwp%2Fv2%2Fmedia&parent=5623"}],"wp:term":[{"taxonomy":"category","embeddable":true,"href":"https:\/\/zeleka.com\/index.php?rest_route=%2Fwp%2Fv2%2Fcategories&post=5623"},{"taxonomy":"post_tag","embeddable":true,"href":"https:\/\/zeleka.com\/index.php?rest_route=%2Fwp%2Fv2%2Ftags&post=5623"}],"curies":[{"name":"wp","href":"https:\/\/api.w.org\/{rel}","templated":true}]}}