{"id":5619,"date":"2026-03-09T23:30:09","date_gmt":"2026-03-09T20:30:09","guid":{"rendered":"https:\/\/zeleka.com\/?p=5619"},"modified":"2026-03-09T23:30:09","modified_gmt":"2026-03-09T20:30:09","slug":"trabzonun-caykara-ilcesinde-sehit-mehmet-aygun-ilkokulu-ve-sehit-mehmet-aygun-imam-hatip-ortaokulunda-uygulamaya-baslayan-ayin-ogrencisi-odullerinde-subat-ay","status":"publish","type":"post","link":"https:\/\/zeleka.com\/?p=5619","title":{"rendered":"<div id=\"detaymetin\">                            <p>Trabzon\u2019un \u00c7aykara \u0130l\u00e7esinde \u015eehit Mehmet Ayg\u00fcn \u0130lkokulu ve \u015eehit Mehmet Ayg\u00fcn \u0130mam Hatip Ortaokulunda \u00a0uygulamaya ba\u015flayan Ay\u0131n \u00d6\u011frencisi \u00f6d\u00fcllerinde \u015eubat Ay\u0131 Ay\u0131n \u00f6\u011frencileri se\u00e7ilen \u00f6\u011frencilerimize m"},"content":{"rendered":"<div id=\"detaymetin\">\n<p>Trabzon\u2019un \u00c7aykara \u0130l\u00e7esinde \u015eehit Mehmet Ayg\u00fcn \u0130lkokulu ve \u015eehit Mehmet Ayg\u00fcn \u0130mam Hatip Ortaokulunda \u00a0uygulamaya ba\u015flayan Ay\u0131n \u00d6\u011frencisi \u00f6d\u00fcllerinde \u015eubat Ay\u0131 Ay\u0131n \u00f6\u011frencileri se\u00e7ilen \u00f6\u011frencilerimize madalyalar\u0131 da\u011f\u0131t\u0131ld\u0131.<\/p>\n<p>\u00c7al\u0131\u015fma kapsam\u0131nda S\u0131n\u0131f ve \u015eube Rehber \u00f6\u011fretmenlerimiz taraf\u0131ndan \u00f6\u011frencilerin akademik ba\u015far\u0131lar\u0131n\u0131n yan\u0131 s\u0131ra sosyal ve k\u00fclt\u00fcrel aktivitelere kat\u0131l\u0131mlar\u0131,okul ve s\u0131n\u0131f kurallar\u0131na uyumlar\u0131,\u00f6rnek davran\u0131\u015flar\u0131 ile arkada\u015flar\u0131na ve \u00e7evresine \u00f6rnek olmalar\u0131 gibi de\u011ferler \u00f6l\u00e7\u00fcl\u00fcyor.<\/p>\n<p>2026 Y\u0131l\u0131 \u015eubat Ay\u0131nda s\u0131n\u0131flar\u0131nda Ay\u0131n \u00d6\u011frencisi se\u00e7ilmeyi ba\u015faran \u00f6\u011frencilerimiz \u015fu \u015fekilde:<\/p>\n<p>Ana S\u0131n\u0131f\u0131:Burak Genel<\/p>\n<p>1.S\u0131n\u0131f:Y\u00fcsre Selen \u015eEN<\/p>\n<p>2.S\u0131n\u0131f:Hamza Kul<\/p>\n<p>3.S\u0131n\u0131f:Irmak \u0130NAN<\/p>\n<p>4.S\u0131n\u0131f:Mine Ezel YAZICI<\/p>\n<p>5.S\u0131n\u0131f:Muhammet Ali G\u00dcVEN<\/p>\n<p>6.S\u0131n\u0131f Ertu\u011frul MUTLU<\/p>\n<p>7.S\u0131n\u0131f:Rana \u00c7EL\u0130K<\/p>\n<p>8.S\u0131n\u0131f :S\u00fcmela Dilek<\/p>\n<p>\u015eimdi \u00f6\u011frencilerimizde yepyeni bir heyecan ba\u015flad\u0131.<\/p>\n<p>\u00d6\u011frenciler taraf\u0131ndan b\u00fcy\u00fck bir ilgi g\u00f6ren uygulama kapsam\u0131nda Her \u00d6\u011frenci Mart ay\u0131 ay\u0131n \u00f6\u011frencisi madalyas\u0131n\u0131 ay sonunda boynuna takmak i\u00e7in etraf\u0131ndakilere \u00f6rnek olmak ad\u0131na yo\u011fun bir tempo harcamaya haz\u0131rlan\u0131yorlar.<\/p>\n<p>          <\/div>\n","protected":false},"excerpt":{"rendered":"<p>Trabzon\u2019un \u00c7aykara \u0130l\u00e7esinde \u015eehit Mehmet Ayg\u00fcn \u0130lkokulu ve \u015eehit Mehmet Ayg\u00fcn \u0130mam Hatip Ortaokulunda \u00a0uygulamaya ba\u015flayan Ay\u0131n \u00d6\u011frencisi \u00f6d\u00fcllerinde \u015eubat Ay\u0131 Ay\u0131n \u00f6\u011frencileri se\u00e7ilen \u00f6\u011frencilerimize madalyalar\u0131 da\u011f\u0131t\u0131ld\u0131. \u00c7al\u0131\u015fma kapsam\u0131nda S\u0131n\u0131f ve \u015eube Rehber \u00f6\u011fretmenlerimiz taraf\u0131ndan \u00f6\u011frencilerin akademik ba\u015far\u0131lar\u0131n\u0131n yan\u0131 s\u0131ra sosyal ve k\u00fclt\u00fcrel aktivitelere kat\u0131l\u0131mlar\u0131,okul ve s\u0131n\u0131f kurallar\u0131na uyumlar\u0131,\u00f6rnek davran\u0131\u015flar\u0131 ile arkada\u015flar\u0131na ve \u00e7evresine \u00f6rnek [&hellip;]<\/p>\n","protected":false},"author":1,"featured_media":5620,"comment_status":"open","ping_status":"open","sticky":false,"template":"","format":"standard","meta":{"tdm_status":"","tdm_grid_status":"","footnotes":""},"categories":[40],"tags":[],"class_list":{"0":"post-5619","1":"post","2":"type-post","3":"status-publish","4":"format-standard","5":"has-post-thumbnail","7":"category-caykara"},"_links":{"self":[{"href":"https:\/\/zeleka.com\/index.php?rest_route=\/wp\/v2\/posts\/5619","targetHints":{"allow":["GET"]}}],"collection":[{"href":"https:\/\/zeleka.com\/index.php?rest_route=\/wp\/v2\/posts"}],"about":[{"href":"https:\/\/zeleka.com\/index.php?rest_route=\/wp\/v2\/types\/post"}],"author":[{"embeddable":true,"href":"https:\/\/zeleka.com\/index.php?rest_route=\/wp\/v2\/users\/1"}],"replies":[{"embeddable":true,"href":"https:\/\/zeleka.com\/index.php?rest_route=%2Fwp%2Fv2%2Fcomments&post=5619"}],"version-history":[{"count":0,"href":"https:\/\/zeleka.com\/index.php?rest_route=\/wp\/v2\/posts\/5619\/revisions"}],"wp:featuredmedia":[{"embeddable":true,"href":"https:\/\/zeleka.com\/index.php?rest_route=\/wp\/v2\/media\/5620"}],"wp:attachment":[{"href":"https:\/\/zeleka.com\/index.php?rest_route=%2Fwp%2Fv2%2Fmedia&parent=5619"}],"wp:term":[{"taxonomy":"category","embeddable":true,"href":"https:\/\/zeleka.com\/index.php?rest_route=%2Fwp%2Fv2%2Fcategories&post=5619"},{"taxonomy":"post_tag","embeddable":true,"href":"https:\/\/zeleka.com\/index.php?rest_route=%2Fwp%2Fv2%2Ftags&post=5619"}],"curies":[{"name":"wp","href":"https:\/\/api.w.org\/{rel}","templated":true}]}}