{"id":5617,"date":"2026-03-09T23:30:10","date_gmt":"2026-03-09T20:30:10","guid":{"rendered":"https:\/\/zeleka.com\/?p=5617"},"modified":"2026-03-09T23:30:10","modified_gmt":"2026-03-09T20:30:10","slug":"trabzonun-caykara-ilcesinde-kaymakam-ali-sapmaz-ve-ilce-protokolunun-katilimlari-ile-ramazan-ayi-etkinlikleri-gerceklestirildi-caykara-kaymakami-ali-sapmaz-iftar-o","status":"publish","type":"post","link":"https:\/\/zeleka.com\/?p=5617","title":{"rendered":"<div id=\"detaymetin\">                            <p>Trabzon\u2019un \u00c7aykara \u0130l\u00e7esinde Kaymakam Ali Sapmaz ve \u0130l\u00e7e Protokol\u00fcn\u00fcn kat\u0131l\u0131mlar\u0131 ile Ramazan Ay\u0131 etkinlikleri ger\u00e7ekle\u015ftirildi.<br>\u00c7aykara Kaymakam\u0131 Ali Sapmaz \u0130ftar Organizasyonunda \u00d6\u011frenciler ile bulu"},"content":{"rendered":"<div id=\"detaymetin\">\n<p>Trabzon\u2019un \u00c7aykara \u0130l\u00e7esinde Kaymakam Ali Sapmaz ve \u0130l\u00e7e Protokol\u00fcn\u00fcn kat\u0131l\u0131mlar\u0131 ile Ramazan Ay\u0131 etkinlikleri ger\u00e7ekle\u015ftirildi.<br \/>\u00c7aykara Kaymakam\u0131 Ali Sapmaz \u0130ftar Organizasyonunda \u00d6\u011frenciler ile bulu\u015ftu.<\/p>\n<p><img decoding=\"async\" src=\"https:\/\/caykaragundem.com\/resimler\/2026-3\/9\/653161516196053.webp\"><br \/>Kaymakam Sapmaz 9 Mart 2026 Pazartesi G\u00fcn\u00fc Ta\u015fk\u0131ran H\u00fcseyin Vehbi Fettaho\u011flu \u0130lkokulu ile Ta\u015fk\u0131ran \u0130mam Hatip Ortaokulu taraf\u0131ndan organize edilen \u0130ftar Organizasyonunda \u00f6\u011fretmen ve \u00f6\u011frenciler ile bir araya geldi.<br \/>Ger\u00e7ekle\u015ftirilen \u0130ftar Organizasyonuna Kaymakam Sapmaz ile birlikte \u00c7aykara \u0130l\u00e7e Jandarma Komutan\u0131 \u00dcste\u011fmen Emre Can Narin,\u0130l\u00e7e Emniyet Amiri Komiser Alparslan Albayrak,\u0130l\u00e7e Milli E\u011fitim M\u00fcd\u00fcr\u00fc Ahmet \u00c7amurali ve Okul M\u00fcd\u00fcr\u00fc \u0130dris Hac\u0131mahmuto\u011flu kat\u0131l\u0131m sa\u011flad\u0131.<\/p>\n<p><img decoding=\"async\" src=\"https:\/\/caykaragundem.com\/resimler\/2026-3\/9\/828951103508072.webp\"><br \/>\u00d6\u011frenciler ile birlikte iftar a\u00e7an Kaymakam Sapmaz \u00f6\u011frenciler ile sohbet ederek \u00f6\u011frencilerin s\u0131nav motivasyonlar\u0131na destek veren tavsiyelerde bulundu.<br \/>\u0130ftar Organizasyonunun ard\u0131ndan Okul K\u00fct\u00fcphanesinin a\u00e7\u0131l\u0131\u015f\u0131 Kaymakam Sapmaz ve \u0130l\u00e7e Protokol\u00fc taraf\u0131ndan ger\u00e7ekle\u015ftirildi.<br \/>\u00d6\u011frencilerin hizmetine a\u00e7\u0131lan Okul K\u00fct\u00fcphenesinin ilgin\u00e7 bir de hikayesi bulunuyor.<\/p>\n<p><img decoding=\"async\" src=\"https:\/\/caykaragundem.com\/resimler\/2026-3\/9\/1058541638957570.webp\"><br \/>1 Ocak 2025 tarihinde Bolu Kartalkaya\u2019da meydana gelen yang\u0131nda vefat eden 11 Ya\u015f\u0131ndaki Vedia Nil Apak ile annesi Ferda Apak an\u0131s\u0131na yap\u0131lan k\u00fct\u00fcphanenin kitaplar\u0131 Bolu Kartalkaya\u2019dan okula g\u00f6nderildi.<br \/>K\u00fct\u00fcphane raflar\u0131 ile hay\u0131rsever bir i\u015f insan\u0131ndan temin edildikten sonra g\u00fcnlerce \u00e7al\u0131\u015f\u0131larak Okul m\u00fcd\u00fcr\u00fc \u0130dris Hac\u0131mahmuto\u011flu ve M\u00fcd\u00fcr Yard\u0131mc\u0131s\u0131 Abdurrahman \u0130\u015fcan taraf\u0131ndan ger\u00e7ekle\u015ftirilerek \u00f6\u011frencilerin hizmetine sunuldu.<br \/>\u0130ftar Program\u0131n\u0131n son b\u00f6l\u00fcm\u00fcnde ise Milli E\u011fitim Bakanl\u0131\u011f\u0131 taraf\u0131ndan Ramazan Ay\u0131 dolay\u0131s\u0131 ile ger\u00e7ekle\u015ftirilen Maarrifim Kalbimde etkinlikleri kapsam\u0131nda Okul Y\u00f6netici,\u00f6\u011fretmen ve \u00f6\u011frencileri taraf\u0131ndan haz\u0131rlanan Ramazan Soka\u011f\u0131 \u00f6\u011frencilerin hizmetine a\u00e7\u0131ld\u0131.<\/p>\n<p>Ramazan ay\u0131n\u0131n t\u00fcm g\u00fczelliklerinin ve payla\u015fma,yard\u0131mla\u015fma ve dayan\u0131\u015fma duygular\u0131n\u0131n yer ald\u0131\u011f\u0131 Ramazan Soka\u011f\u0131nda ayr\u0131ca Hacivat Karag\u00f6z,pideci,\u015fekerci ve mescit k\u00f6\u015feleri ile Ramazan ay\u0131n\u0131n t\u00fcm g\u00fczellikleri \u00f6\u011frenciler ile payla\u015f\u0131ld\u0131.<br \/>Haz\u0131rlanan etkinlik ile ilgili duygular\u0131n\u0131 ifade eden \u00c7aykara Kaymakam\u0131 Ali Sapmaz K\u00fclt\u00fcr\u00fcm\u00fczde Ramazan etkinliklerinin \u00e7ok \u00f6nemli bir yerinin oldu\u011funu,Ramazan ay\u0131n\u0131n payla\u015fma,dayan\u0131\u015fma ve yard\u0131mla\u015fma duygular\u0131n\u0131n en yo\u011fun olarak ya\u015fand\u0131\u011f\u0131 bir ay oldu\u011funu Ta\u015fk\u0131ran E\u011fitim Kurumlar\u0131 y\u00f6netici \u00f6\u011fretmen ve \u00f6\u011frencilerinin bu k\u00fclt\u00fcr\u00fc en g\u00fczel \u015fekilde dile getirdi\u011fini ifade etti.<br \/>Y\u00f6netici \u00f6\u011fretmen ve \u00f6\u011frenciler taraf\u0131ndan haz\u0131rlanan Ramazan Soka\u011f\u0131n\u0131 da \u00e7ok be\u011fendi\u011fini ifade eden Kaymakam Sapmaz,Ramazan Soka\u011f\u0131nda Ramazan Ay\u0131n\u0131n t\u00fcm g\u00fczelliklerinin en g\u00fczel bir \u015fekilde sembolize edildiklerini,ger\u00e7ekle\u015ftirilen bu \u00e7al\u0131\u015fma ile \u00f6\u011frencilerde payla\u015fma ve dayan\u0131\u015fma duygular\u0131n\u0131n en g\u00fczel \u015fekilde kazand\u0131r\u0131lmaya \u00e7al\u0131\u015f\u0131ld\u0131\u011f\u0131n\u0131 s\u00f6zlerine ekledi.<\/p>\n<p>          <\/div>\n","protected":false},"excerpt":{"rendered":"<p>Trabzon\u2019un \u00c7aykara \u0130l\u00e7esinde Kaymakam Ali Sapmaz ve \u0130l\u00e7e Protokol\u00fcn\u00fcn kat\u0131l\u0131mlar\u0131 ile Ramazan Ay\u0131 etkinlikleri ger\u00e7ekle\u015ftirildi.\u00c7aykara Kaymakam\u0131 Ali Sapmaz \u0130ftar Organizasyonunda \u00d6\u011frenciler ile bulu\u015ftu. Kaymakam Sapmaz 9 Mart 2026 Pazartesi G\u00fcn\u00fc Ta\u015fk\u0131ran H\u00fcseyin Vehbi Fettaho\u011flu \u0130lkokulu ile Ta\u015fk\u0131ran \u0130mam Hatip Ortaokulu taraf\u0131ndan organize edilen \u0130ftar Organizasyonunda \u00f6\u011fretmen ve \u00f6\u011frenciler ile bir araya geldi.Ger\u00e7ekle\u015ftirilen \u0130ftar Organizasyonuna Kaymakam [&hellip;]<\/p>\n","protected":false},"author":1,"featured_media":5618,"comment_status":"open","ping_status":"open","sticky":false,"template":"","format":"standard","meta":{"tdm_status":"","tdm_grid_status":"","footnotes":""},"categories":[40],"tags":[],"class_list":{"0":"post-5617","1":"post","2":"type-post","3":"status-publish","4":"format-standard","5":"has-post-thumbnail","7":"category-caykara"},"_links":{"self":[{"href":"https:\/\/zeleka.com\/index.php?rest_route=\/wp\/v2\/posts\/5617","targetHints":{"allow":["GET"]}}],"collection":[{"href":"https:\/\/zeleka.com\/index.php?rest_route=\/wp\/v2\/posts"}],"about":[{"href":"https:\/\/zeleka.com\/index.php?rest_route=\/wp\/v2\/types\/post"}],"author":[{"embeddable":true,"href":"https:\/\/zeleka.com\/index.php?rest_route=\/wp\/v2\/users\/1"}],"replies":[{"embeddable":true,"href":"https:\/\/zeleka.com\/index.php?rest_route=%2Fwp%2Fv2%2Fcomments&post=5617"}],"version-history":[{"count":0,"href":"https:\/\/zeleka.com\/index.php?rest_route=\/wp\/v2\/posts\/5617\/revisions"}],"wp:featuredmedia":[{"embeddable":true,"href":"https:\/\/zeleka.com\/index.php?rest_route=\/wp\/v2\/media\/5618"}],"wp:attachment":[{"href":"https:\/\/zeleka.com\/index.php?rest_route=%2Fwp%2Fv2%2Fmedia&parent=5617"}],"wp:term":[{"taxonomy":"category","embeddable":true,"href":"https:\/\/zeleka.com\/index.php?rest_route=%2Fwp%2Fv2%2Fcategories&post=5617"},{"taxonomy":"post_tag","embeddable":true,"href":"https:\/\/zeleka.com\/index.php?rest_route=%2Fwp%2Fv2%2Ftags&post=5617"}],"curies":[{"name":"wp","href":"https:\/\/api.w.org\/{rel}","templated":true}]}}