{"id":5588,"date":"2026-02-26T22:29:07","date_gmt":"2026-02-26T19:29:07","guid":{"rendered":"https:\/\/zeleka.com\/?p=5588"},"modified":"2026-02-26T22:29:07","modified_gmt":"2026-02-26T19:29:07","slug":"trabzonda-caykara-kaymakami-ali-sapmaz-ilcenin-egridere-ve-tasoren-mahallelerinde-bulunan-yasli-insanlari-evlerin-de-ziyaret-etti-25-subat-2026-carsam","status":"publish","type":"post","link":"https:\/\/zeleka.com\/?p=5588","title":{"rendered":"<div id=\"detaymetin\">                            <p>Trabzon\u2019da \u00c7aykara Kaymakam\u0131 Ali Sapmaz, \u0130l\u00e7enin E\u011fridere \u00a0ve \u00a0Ta\u015f\u00f6ren Mahallelerinde bulunan ya\u015fl\u0131 insanlar\u0131 evlerin de ziyaret etti.<\/p><p>25 \u015eubat 2026 \u00c7ar\u015famba g\u00fcn\u00fc ger\u00e7ekle\u015ftirilen ziyarete \u00c7aykara"},"content":{"rendered":"<div id=\"detaymetin\">\n<p>Trabzon\u2019da \u00c7aykara Kaymakam\u0131 Ali Sapmaz, \u0130l\u00e7enin E\u011fridere \u00a0ve \u00a0Ta\u015f\u00f6ren Mahallelerinde bulunan ya\u015fl\u0131 insanlar\u0131 evlerin de ziyaret etti.<\/p>\n<p>25 \u015eubat 2026 \u00c7ar\u015famba g\u00fcn\u00fc ger\u00e7ekle\u015ftirilen ziyarete \u00c7aykara Kaymakaml\u0131\u011f\u0131 Sosyal Yard\u0131mla\u015fma M\u00fcd\u00fcr\u00fc Mesut Sel\u00e7uk ile \u00c7aykara Kaymakaml\u0131\u011f\u0131 Yaz\u0131 \u0130\u015fleri M\u00fcd\u00fcr\u00fc Resul Semiz de kat\u0131l\u0131m sa\u011flad\u0131.<\/p>\n<figure><img decoding=\"async\" src=\"https:\/\/caykaragundem.com\/resimler\/2026-2\/26\/4619666031823.webp\"><\/figure>\n<p>Ziyaret esnas\u0131nda ya\u015fl\u0131 vatanda\u015flar ile sohbet eden Kaymakam Sapmaz ayr\u0131ca ya\u015fl\u0131 insanlar ve ailelerinin dilek ve taleplerini de dinledi.<\/p>\n<p>Ramazan ay\u0131n\u0131n\u00a0birlik,beraberlik ve karde\u015flik ay\u0131 oldu\u011funu ifade eden Kaymakam Sapmaz,f\u0131rsat bulduk\u00e7a ya\u015fl\u0131 insanlar\u0131 evlerinde ziyaret etmekten \u00e7ok b\u00fcy\u00fck bir mutluluk duydu\u011funu,Ramazan ay\u0131n\u0131n manevi ortam\u0131n\u0131n bu bulu\u015fmalar\u0131 daha da anlaml\u0131 bir hale getirdi\u011fini,bu y\u00fczden Ramazan Ay\u0131 boyunca ya\u015fl\u0131 insanlar\u0131 evlerinde ziyaret etmeye devam edeceklerini ifade etti.<\/p>\n<figure><img decoding=\"async\" src=\"https:\/\/caykaragundem.com\/resimler\/2026-2\/26\/64281454797462.webp\"><\/figure>\n<p>Ziyaret kapsam\u0131nda Ta\u015f\u00f6ren Mahallesinde iftar\u0131 vatanda\u015flar ile birlikte a\u00e7an Kaymakam Ali Sapmaz,ayr\u0131ca teravih namaz\u0131n\u0131 da Kayran Mahallesinde vatanda\u015flar ile birlikte k\u0131ld\u0131.<\/p>\n<figure><img decoding=\"async\" src=\"https:\/\/caykaragundem.com\/resimler\/2026-2\/26\/74632524698114.webp\"><\/figure>\n<p>          <\/div>\n","protected":false},"excerpt":{"rendered":"<p>Trabzon\u2019da \u00c7aykara Kaymakam\u0131 Ali Sapmaz, \u0130l\u00e7enin E\u011fridere \u00a0ve \u00a0Ta\u015f\u00f6ren Mahallelerinde bulunan ya\u015fl\u0131 insanlar\u0131 evlerin de ziyaret etti. 25 \u015eubat 2026 \u00c7ar\u015famba g\u00fcn\u00fc ger\u00e7ekle\u015ftirilen ziyarete \u00c7aykara Kaymakaml\u0131\u011f\u0131 Sosyal Yard\u0131mla\u015fma M\u00fcd\u00fcr\u00fc Mesut Sel\u00e7uk ile \u00c7aykara Kaymakaml\u0131\u011f\u0131 Yaz\u0131 \u0130\u015fleri M\u00fcd\u00fcr\u00fc Resul Semiz de kat\u0131l\u0131m sa\u011flad\u0131. Ziyaret esnas\u0131nda ya\u015fl\u0131 vatanda\u015flar ile sohbet eden Kaymakam Sapmaz ayr\u0131ca ya\u015fl\u0131 insanlar ve [&hellip;]<\/p>\n","protected":false},"author":1,"featured_media":5589,"comment_status":"open","ping_status":"open","sticky":false,"template":"","format":"standard","meta":{"tdm_status":"","tdm_grid_status":"","footnotes":""},"categories":[40],"tags":[],"class_list":{"0":"post-5588","1":"post","2":"type-post","3":"status-publish","4":"format-standard","5":"has-post-thumbnail","7":"category-caykara"},"_links":{"self":[{"href":"https:\/\/zeleka.com\/index.php?rest_route=\/wp\/v2\/posts\/5588","targetHints":{"allow":["GET"]}}],"collection":[{"href":"https:\/\/zeleka.com\/index.php?rest_route=\/wp\/v2\/posts"}],"about":[{"href":"https:\/\/zeleka.com\/index.php?rest_route=\/wp\/v2\/types\/post"}],"author":[{"embeddable":true,"href":"https:\/\/zeleka.com\/index.php?rest_route=\/wp\/v2\/users\/1"}],"replies":[{"embeddable":true,"href":"https:\/\/zeleka.com\/index.php?rest_route=%2Fwp%2Fv2%2Fcomments&post=5588"}],"version-history":[{"count":0,"href":"https:\/\/zeleka.com\/index.php?rest_route=\/wp\/v2\/posts\/5588\/revisions"}],"wp:featuredmedia":[{"embeddable":true,"href":"https:\/\/zeleka.com\/index.php?rest_route=\/wp\/v2\/media\/5589"}],"wp:attachment":[{"href":"https:\/\/zeleka.com\/index.php?rest_route=%2Fwp%2Fv2%2Fmedia&parent=5588"}],"wp:term":[{"taxonomy":"category","embeddable":true,"href":"https:\/\/zeleka.com\/index.php?rest_route=%2Fwp%2Fv2%2Fcategories&post=5588"},{"taxonomy":"post_tag","embeddable":true,"href":"https:\/\/zeleka.com\/index.php?rest_route=%2Fwp%2Fv2%2Ftags&post=5588"}],"curies":[{"name":"wp","href":"https:\/\/api.w.org\/{rel}","templated":true}]}}