{"id":5584,"date":"2026-02-24T21:33:33","date_gmt":"2026-02-24T18:33:33","guid":{"rendered":"https:\/\/zeleka.com\/?p=5584"},"modified":"2026-02-24T21:33:33","modified_gmt":"2026-02-24T18:33:33","slug":"trabzonun-caykara-ilcesinde-kaymakam-ali-sapmaz-iftar-organizasyonunda-ogrenciler-ile-bulustu-kaymakam-sapmaz23-subat-2026-pazartesi-aksami-atakoy-cevdet-sunay-mt","status":"publish","type":"post","link":"https:\/\/zeleka.com\/?p=5584","title":{"rendered":"<div id=\"detaymetin\">                            <p>Trabzon\u2019un \u00c7aykara \u0130l\u00e7esinde Kaymakam Ali Sapmaz \u0130ftar Organizasyonunda \u00f6\u011frenciler ile bulu\u015ftu.<\/p><p>Kaymakam Sapmaz,23 \u015eubat 2026 Pazartesi ak\u015fam\u0131 Atak\u00f6y Cevdet Sunay MTAL \u00d6\u011frenci Yurdunda kalan \u00f6\u011frenc"},"content":{"rendered":"<div id=\"detaymetin\">\n<p>Trabzon\u2019un \u00c7aykara \u0130l\u00e7esinde Kaymakam Ali Sapmaz \u0130ftar Organizasyonunda \u00f6\u011frenciler ile bulu\u015ftu.<\/p>\n<p>Kaymakam Sapmaz,23 \u015eubat 2026 Pazartesi ak\u015fam\u0131 Atak\u00f6y Cevdet Sunay MTAL \u00d6\u011frenci Yurdunda kalan \u00f6\u011frenciler ile \u0130ftar Organizasyonunda Turizm Merkezi Uzung\u00f6l\u2019de bir araya geldi.<\/p>\n<figure><img decoding=\"async\" src=\"https:\/\/caykaragundem.com\/resimler\/2026-2\/24\/34969557851110.webp\"><\/figure>\n<p>Kaymakam Sapmaz\u2019\u0131n \u00f6\u011frenci bulu\u015fmas\u0131na \u00c7aykara \u0130l\u00e7e Milli E\u011fitim M\u00fcd\u00fcr\u00fc Ahmet \u00c7amurali,Cevdet Sunay MTAL M\u00fcd\u00fcr\u00fc Veysel Somuncu ile \u015eehit Mehmet Ayg\u00fcn \u0130HOO M\u00fcd\u00fcr\u00fc \u0130dris Hac\u0131mahmuto\u011flu da kat\u0131l\u0131m sa\u011flad\u0131.<\/p>\n<p>Ger\u00e7ekle\u015ftirilen iftar organizasyonunda \u00f6\u011frenciler ile sohbet eden Kaymakam Sapmaz,verimli ve etkili ders \u00e7al\u0131\u015fma y\u00f6ntemleri ve etkili tercih yapma gibi konularda \u00f6\u011frenciler ile kar\u015f\u0131l\u0131kl\u0131 fikir al\u0131\u015f veri\u015finde bulundu.<\/p>\n<figure><img decoding=\"async\" src=\"https:\/\/caykaragundem.com\/resimler\/2026-2\/24\/502821896998582.webp\"><\/figure>\n<p>          <\/div>\n","protected":false},"excerpt":{"rendered":"<p>Trabzon\u2019un \u00c7aykara \u0130l\u00e7esinde Kaymakam Ali Sapmaz \u0130ftar Organizasyonunda \u00f6\u011frenciler ile bulu\u015ftu. Kaymakam Sapmaz,23 \u015eubat 2026 Pazartesi ak\u015fam\u0131 Atak\u00f6y Cevdet Sunay MTAL \u00d6\u011frenci Yurdunda kalan \u00f6\u011frenciler ile \u0130ftar Organizasyonunda Turizm Merkezi Uzung\u00f6l\u2019de bir araya geldi. Kaymakam Sapmaz\u2019\u0131n \u00f6\u011frenci bulu\u015fmas\u0131na \u00c7aykara \u0130l\u00e7e Milli E\u011fitim M\u00fcd\u00fcr\u00fc Ahmet \u00c7amurali,Cevdet Sunay MTAL M\u00fcd\u00fcr\u00fc Veysel Somuncu ile \u015eehit Mehmet Ayg\u00fcn \u0130HOO [&hellip;]<\/p>\n","protected":false},"author":1,"featured_media":5585,"comment_status":"open","ping_status":"open","sticky":false,"template":"","format":"standard","meta":{"tdm_status":"","tdm_grid_status":"","footnotes":""},"categories":[40],"tags":[],"class_list":{"0":"post-5584","1":"post","2":"type-post","3":"status-publish","4":"format-standard","5":"has-post-thumbnail","7":"category-caykara"},"_links":{"self":[{"href":"https:\/\/zeleka.com\/index.php?rest_route=\/wp\/v2\/posts\/5584","targetHints":{"allow":["GET"]}}],"collection":[{"href":"https:\/\/zeleka.com\/index.php?rest_route=\/wp\/v2\/posts"}],"about":[{"href":"https:\/\/zeleka.com\/index.php?rest_route=\/wp\/v2\/types\/post"}],"author":[{"embeddable":true,"href":"https:\/\/zeleka.com\/index.php?rest_route=\/wp\/v2\/users\/1"}],"replies":[{"embeddable":true,"href":"https:\/\/zeleka.com\/index.php?rest_route=%2Fwp%2Fv2%2Fcomments&post=5584"}],"version-history":[{"count":0,"href":"https:\/\/zeleka.com\/index.php?rest_route=\/wp\/v2\/posts\/5584\/revisions"}],"wp:featuredmedia":[{"embeddable":true,"href":"https:\/\/zeleka.com\/index.php?rest_route=\/wp\/v2\/media\/5585"}],"wp:attachment":[{"href":"https:\/\/zeleka.com\/index.php?rest_route=%2Fwp%2Fv2%2Fmedia&parent=5584"}],"wp:term":[{"taxonomy":"category","embeddable":true,"href":"https:\/\/zeleka.com\/index.php?rest_route=%2Fwp%2Fv2%2Fcategories&post=5584"},{"taxonomy":"post_tag","embeddable":true,"href":"https:\/\/zeleka.com\/index.php?rest_route=%2Fwp%2Fv2%2Ftags&post=5584"}],"curies":[{"name":"wp","href":"https:\/\/api.w.org\/{rel}","templated":true}]}}