{"id":5582,"date":"2026-02-24T21:33:34","date_gmt":"2026-02-24T18:33:34","guid":{"rendered":"https:\/\/zeleka.com\/?p=5582"},"modified":"2026-02-24T21:33:34","modified_gmt":"2026-02-24T18:33:34","slug":"trabzonun-caykara-ilcesinde-kaymakam-ali-sapmazbelediye-baskani-hanefi-tok-ve-ilce-protokolu-sahadetinin-36-yil-donumunde-sehit-ihsan-mutluyu-kabri-basi","status":"publish","type":"post","link":"https:\/\/zeleka.com\/?p=5582","title":{"rendered":"<div id=\"detaymetin\">                            <p>Trabzon\u2019un \u00c7aykara \u0130l\u00e7esinde Kaymakam Ali Sapmaz,Belediye Ba\u015fkan\u0131 Hanefi Tok ve \u0130l\u00e7e Protokol\u00fc \u015eahadetinin 36. Y\u0131l d\u00f6n\u00fcm\u00fcnde \u015eehit \u0130hsan Mutlu\u2019yu kabri ba\u015f\u0131nda and\u0131lar<\/p><p>Trabzon\u2019un \u00c7aykara \u0130l\u00e7esinde"},"content":{"rendered":"<div id=\"detaymetin\">\n<p>Trabzon\u2019un \u00c7aykara \u0130l\u00e7esinde Kaymakam Ali Sapmaz,Belediye Ba\u015fkan\u0131 Hanefi Tok ve \u0130l\u00e7e Protokol\u00fc \u015eahadetinin 36. Y\u0131l d\u00f6n\u00fcm\u00fcnde \u015eehit \u0130hsan Mutlu\u2019yu kabri ba\u015f\u0131nda and\u0131lar<\/p>\n<p>Trabzon\u2019un \u00c7aykara \u0130l\u00e7esinde Kaymakamlar \u015eahadetinin 36. Y\u0131l d\u00f6n\u00fcm\u00fcnde \u015eehit \u0130hsan Mutlu\u2019yu kabri ba\u015f\u0131nda and\u0131lar.<\/p>\n<figure><img decoding=\"async\" src=\"https:\/\/caykaragundem.com\/resimler\/2026-2\/24\/681531298512580.webp\"><\/figure>\n<p>\u00c7aykara Kaymakam\u0131 Ali Sapmaz,\u00c7aykara Belediye Ba\u015fkan\u0131 Hanefi Tok,\u0130l\u00e7e Jandarma Komutan\u0131 \u00dcste\u011fmen Emre Can Narin,\u0130l\u00e7e Emniyet Amiri Komiser Alparslan Albayrak ve \u0130l\u00e7e Protokol\u00fc,\u00c7aykara Kaymakaml\u0131\u011f\u0131 Yaz\u0131 \u0130\u015fleri M\u00fcd\u00fcr\u00fc Resul Semiz, \u00a0\u00c7aykara \u0130l\u00e7esi Uzung\u00f6l Elmal\u0131 Mahallesinde bulunan \u015eehit \u0130hsan Mutlu\u2019nun mezar\u0131n\u0131 vefat\u0131n\u0131n 36. Y\u0131l d\u00f6n\u00fcm\u00fcnde ziyaret ederek \u015fehidimizi and\u0131lar.<\/p>\n<p>Ger\u00e7ekle\u015ftirilen Anma T\u00f6renine \u00c7aykara \u0130l\u00e7e Jandarma B\u00f6l\u00fck Komutan\u0131 \u00dcste\u011fmen Emre Can Narin askeri\u00a0yetkililer ile Emniyet g\u00f6revlileri ve vatanda\u015flar kat\u0131ld\u0131lar.<\/p>\n<figure><img decoding=\"async\" src=\"https:\/\/caykaragundem.com\/resimler\/2026-2\/24\/83797752323238.webp\"><\/figure>\n<p>\u015eehidin ailesinin de kat\u0131l\u0131m sa\u011flad\u0131\u011f\u0131 Anma program\u0131nda \u015fehitlerimiz i\u00e7in Kur\u2019an-I Kerim okundu ve dua yap\u0131ld\u0131.<\/p>\n<p>\u015eEH\u0130T \u0130HSAN MUTLU\u2019YU ANIMSAYALIM<\/p>\n<p>\u00c7aykara\u2019l\u0131 \u015eehidimiz \u015eehit \u0130hsan Mutlu 14 Eyl\u00fcl 1969 y\u0131l\u0131nda \u0130l\u00e7emiz Elmal\u0131 Mahallesinde d\u00fcnyaya geldi.Elmal\u0131 Mahallesinin sevilen isimlerinden Merhum Tahir &#038; Ay\u015fe Mutlu\u2019nun o\u011flu olan \u0130hsan Mutlu ilkokulu Elmal\u0131 Mahallesinde Ortaokulu ise Ta\u015fk\u0131ran Ortaokulunda okudu.\u00a0<\/p>\n<figure><img decoding=\"async\" src=\"https:\/\/caykaragundem.com\/resimler\/2026-2\/24\/98766356052167.webp\"><\/figure>\n<p>1989 Y\u0131l\u0131nda vatani g\u00f6revini yerine getirmek \u00fczere askere giden \u015eehit \u0130hsan Mutlu Manisa K\u0131rka\u011fa\u00e7 6. Jandarma Komando Er E\u011fitim Alay\u0131nda acemi birli\u011fini tamamlad\u0131ktan sonra 4.Jandarma Taburu 8.Jandarma B\u00f6l\u00fc\u011f\u00fc Diyarbak\u0131r Lice\u2019de usta birli\u011fi i\u00e7in g\u00f6revine ba\u015flad\u0131.\u00a0<\/p>\n<p>24 \u015eubat 1990 tarihinde Diyarbak\u0131r Lice\u2019de ter\u00f6ristler ile girilen \u00e7at\u0131\u015fmada \u015eehit olan \u015eehit \u0130hsan Mutlu 25 \u015eubat 1990 tarihinde \u00c7aykara \u0130l\u00e7esinde g\u00f6z ya\u015flar\u0131 ve dualar e\u015fli\u011finde son yolculu\u011funa u\u011furland\u0131.\u00a0<\/p>\n<p>\u00c7aykara Nufus M\u00fcd\u00fcr\u00fc Halil Mutlu\u2019nun a\u011fabeyi olan \u015eehit \u0130hsan Mutlu her y\u0131l ger\u00e7ekle\u015ftirilen t\u00f6renler ile an\u0131l\u0131yor.\u00a0<\/p>\n<figure><img decoding=\"async\" src=\"https:\/\/caykaragundem.com\/resimler\/2026-2\/24\/532581681185886.webp\"><\/figure>\n<p>\u015eehit \u0130hsan Mutlu\u2019nun ismi 1993 y\u0131l\u0131nda Elmal\u0131 Mahallesindeki okula verildi ve Okulun ismi \u015eehit \u0130hsan Mutlu \u0130lkokulu ad\u0131 ile bir \u00f6m\u00fcr boyu ya\u015f\u0131yor.\u00a0<\/p>\n<p>\u00c7aykara G\u00fcndem Gazetesi olarak bir kere daha \u015fehidimize Allah\u2019tan rahmet,\u00c7aykara \u0130l\u00e7emize ve \u00dcllkemize ba\u015f sa\u011fl\u0131\u011f\u0131 dileklerimizi iletiyoruz.\u00a0<\/p>\n<p>          <\/div>\n","protected":false},"excerpt":{"rendered":"<p>Trabzon\u2019un \u00c7aykara \u0130l\u00e7esinde Kaymakam Ali Sapmaz,Belediye Ba\u015fkan\u0131 Hanefi Tok ve \u0130l\u00e7e Protokol\u00fc \u015eahadetinin 36. Y\u0131l d\u00f6n\u00fcm\u00fcnde \u015eehit \u0130hsan Mutlu\u2019yu kabri ba\u015f\u0131nda and\u0131lar Trabzon\u2019un \u00c7aykara \u0130l\u00e7esinde Kaymakamlar \u015eahadetinin 36. Y\u0131l d\u00f6n\u00fcm\u00fcnde \u015eehit \u0130hsan Mutlu\u2019yu kabri ba\u015f\u0131nda and\u0131lar. \u00c7aykara Kaymakam\u0131 Ali Sapmaz,\u00c7aykara Belediye Ba\u015fkan\u0131 Hanefi Tok,\u0130l\u00e7e Jandarma Komutan\u0131 \u00dcste\u011fmen Emre Can Narin,\u0130l\u00e7e Emniyet Amiri Komiser Alparslan Albayrak [&hellip;]<\/p>\n","protected":false},"author":1,"featured_media":5583,"comment_status":"open","ping_status":"open","sticky":false,"template":"","format":"standard","meta":{"tdm_status":"","tdm_grid_status":"","footnotes":""},"categories":[40],"tags":[],"class_list":{"0":"post-5582","1":"post","2":"type-post","3":"status-publish","4":"format-standard","5":"has-post-thumbnail","7":"category-caykara"},"_links":{"self":[{"href":"https:\/\/zeleka.com\/index.php?rest_route=\/wp\/v2\/posts\/5582","targetHints":{"allow":["GET"]}}],"collection":[{"href":"https:\/\/zeleka.com\/index.php?rest_route=\/wp\/v2\/posts"}],"about":[{"href":"https:\/\/zeleka.com\/index.php?rest_route=\/wp\/v2\/types\/post"}],"author":[{"embeddable":true,"href":"https:\/\/zeleka.com\/index.php?rest_route=\/wp\/v2\/users\/1"}],"replies":[{"embeddable":true,"href":"https:\/\/zeleka.com\/index.php?rest_route=%2Fwp%2Fv2%2Fcomments&post=5582"}],"version-history":[{"count":0,"href":"https:\/\/zeleka.com\/index.php?rest_route=\/wp\/v2\/posts\/5582\/revisions"}],"wp:featuredmedia":[{"embeddable":true,"href":"https:\/\/zeleka.com\/index.php?rest_route=\/wp\/v2\/media\/5583"}],"wp:attachment":[{"href":"https:\/\/zeleka.com\/index.php?rest_route=%2Fwp%2Fv2%2Fmedia&parent=5582"}],"wp:term":[{"taxonomy":"category","embeddable":true,"href":"https:\/\/zeleka.com\/index.php?rest_route=%2Fwp%2Fv2%2Fcategories&post=5582"},{"taxonomy":"post_tag","embeddable":true,"href":"https:\/\/zeleka.com\/index.php?rest_route=%2Fwp%2Fv2%2Ftags&post=5582"}],"curies":[{"name":"wp","href":"https:\/\/api.w.org\/{rel}","templated":true}]}}