{"id":5580,"date":"2026-02-23T21:29:07","date_gmt":"2026-02-23T18:29:07","guid":{"rendered":"https:\/\/zeleka.com\/?p=5580"},"modified":"2026-02-23T21:29:07","modified_gmt":"2026-02-23T18:29:07","slug":"anahtar-parti-van-il-baskan-yardimciligina-ismail-genel-getirildianahtar-parti-van-il-teskilatinda-onemli-bir-atama-gerceklestirildi-ozalp-ilcesinden-ismail-genel","status":"publish","type":"post","link":"https:\/\/zeleka.com\/?p=5580","title":{"rendered":"<div id=\"detaymetin\">                            <p>Anahtar Parti Van \u0130l Ba\u015fkan Yard\u0131mc\u0131l\u0131\u011f\u0131na \u0130smail Genel Getirildi<\/p><p>Anahtar Parti Van \u0130l Te\u015fkilat\u0131\u2019nda \u00f6nemli bir atama ger\u00e7ekle\u015ftirildi. \u00d6zalp il\u00e7esinden \u0130smail Genel, Anahtar Parti Van \u0130l Ba\u015fkan Ya"},"content":{"rendered":"<div id=\"detaymetin\">\n<p>Anahtar Parti Van \u0130l Ba\u015fkan Yard\u0131mc\u0131l\u0131\u011f\u0131na \u0130smail Genel Getirildi<\/p>\n<p>Anahtar Parti Van \u0130l Te\u015fkilat\u0131\u2019nda \u00f6nemli bir atama ger\u00e7ekle\u015ftirildi. \u00d6zalp il\u00e7esinden \u0130smail Genel, Anahtar Parti Van \u0130l Ba\u015fkan Yard\u0131mc\u0131l\u0131\u011f\u0131 g\u00f6revine getirildi.<\/p>\n<p>Atama dolay\u0131s\u0131yla d\u00fczenlenen mazbata t\u00f6reni, Van merkez Mara\u015f Caddesi, Kurtulu\u015f Park\u0131 ve Semaver Caddesi g\u00fczerg\u00e2h\u0131nda bulunan Anahtar Parti binas\u0131nda yap\u0131ld\u0131. T\u00f6rene Anahtar Parti Genel Ba\u015fkan\u0131 Yavuz A\u011f\u0131ralio\u011flu konferans y\u00f6ntemiyle kat\u0131larak partililere hitap etti.<\/p>\n<figure><img decoding=\"async\" src=\"https:\/\/caykaragundem.com\/resimler\/2026-2\/22\/1005041745983527.webp\"><\/figure>\n<p>Mazbatas\u0131n\u0131 alan \u0130smail Genel, t\u00f6rende yapt\u0131\u011f\u0131 konu\u015fmada birlik, karde\u015flik ve vatan vurgusu yapt\u0131. Konu\u015fmas\u0131na \u201cBug\u00fcn burada bir mazbata al\u0131yorum ama as\u0131l bug\u00fcn bir hik\u00e2yenin, bir karde\u015fli\u011fin ve ortak bir kaderin temsilcisi olarak huzurunuzday\u0131m\u201d s\u00f6zleriyle ba\u015flayan Genel, ailesinin 1965 y\u0131l\u0131nda Trabzon\u2019dan Van\u2019\u0131n \u00d6zalp il\u00e7esine g\u00f6\u00e7 etti\u011fini ifade etti.<\/p>\n<p>Karadeniz\u2019den Van\u2019a uzanan bu s\u00fcrecin bir misafirlik de\u011fil, k\u00f6kl\u00fc bir karde\u015flik hik\u00e2yesi oldu\u011funu belirten Genel, Van\u2019\u0131n g\u00f6\u00e7 eden aileleri ba\u011fr\u0131na bast\u0131\u011f\u0131n\u0131 vurgulad\u0131. Horon ile halay\u0131n ayn\u0131 d\u00fc\u011f\u00fcnde bulu\u015fmas\u0131n\u0131n milletin birlik ve beraberli\u011finin en somut g\u00f6stergesi oldu\u011funu s\u00f6yledi.<\/p>\n<figure><img decoding=\"async\" src=\"https:\/\/caykaragundem.com\/resimler\/2026-2\/22\/130999915503801.webp\"><\/figure>\n<p>Siyasetin ayr\u0131\u015ft\u0131rmak de\u011fil birle\u015ftirmek oldu\u011funa dikkat \u00e7eken Genel, Anahtar Parti\u2019nin adalet, liyakat ve temiz siyaset anlay\u0131\u015f\u0131yla yola \u00e7\u0131kt\u0131\u011f\u0131n\u0131 ifade ederek, Genel Ba\u015fkan Yavuz A\u011f\u0131ralio\u011flu ile ayn\u0131 davada yer almaktan onur duydu\u011funu dile getirdi.<\/p>\n<p>Van\u2019\u0131n kadim ve serhat bir \u015fehir oldu\u011funu vurgulayan Genel, Anahtar Parti Van \u0130l Ba\u015fkan\u0131 Osman Tanr\u0131tan\u0131r \u00f6nc\u00fcl\u00fc\u011f\u00fcnde, devletin yan\u0131nda ve milletin emrinde olacaklar\u0131n\u0131 s\u00f6yledi. Ald\u0131\u011f\u0131 mazbatan\u0131n bir unvan de\u011fil, millete kar\u015f\u0131 ta\u015f\u0131nan a\u011f\u0131r bir sorumluluk oldu\u011funu belirtti<\/p>\n<p><img decoding=\"async\" src=\"https:\/\/caykaragundem.com\/resimler\/2026-2\/22\/1005211595481155.webp\">.<\/p>\n<p>Konu\u015fmas\u0131n\u0131 \u201cBirlik varsa g\u00fc\u00e7 vard\u0131r, karde\u015flik varsa huzur vard\u0131r, vatan sevgisi varsa gelecek vard\u0131r\u201d s\u00f6zleriyle tamamlayan Genel, \u201cVan kazanacak, birli\u011fimiz kazanacak, vatan\u0131m\u0131z ve milletimiz kazanacak\u201d ifadeleriyle salondan b\u00fcy\u00fck alk\u0131\u015f ald\u0131.<\/p>\n<p>Mazbata t\u00f6reni, partililerin yo\u011fun kat\u0131l\u0131m\u0131 ve hat\u0131ra foto\u011fraf\u0131 \u00e7ekimiyle sona erdi.<\/p>\n<p>          <\/div>\n","protected":false},"excerpt":{"rendered":"<p>Anahtar Parti Van \u0130l Ba\u015fkan Yard\u0131mc\u0131l\u0131\u011f\u0131na \u0130smail Genel Getirildi Anahtar Parti Van \u0130l Te\u015fkilat\u0131\u2019nda \u00f6nemli bir atama ger\u00e7ekle\u015ftirildi. \u00d6zalp il\u00e7esinden \u0130smail Genel, Anahtar Parti Van \u0130l Ba\u015fkan Yard\u0131mc\u0131l\u0131\u011f\u0131 g\u00f6revine getirildi. Atama dolay\u0131s\u0131yla d\u00fczenlenen mazbata t\u00f6reni, Van merkez Mara\u015f Caddesi, Kurtulu\u015f Park\u0131 ve Semaver Caddesi g\u00fczerg\u00e2h\u0131nda bulunan Anahtar Parti binas\u0131nda yap\u0131ld\u0131. T\u00f6rene Anahtar Parti Genel Ba\u015fkan\u0131 [&hellip;]<\/p>\n","protected":false},"author":1,"featured_media":5581,"comment_status":"open","ping_status":"open","sticky":false,"template":"","format":"standard","meta":{"tdm_status":"","tdm_grid_status":"","footnotes":""},"categories":[40],"tags":[],"class_list":{"0":"post-5580","1":"post","2":"type-post","3":"status-publish","4":"format-standard","5":"has-post-thumbnail","7":"category-caykara"},"_links":{"self":[{"href":"https:\/\/zeleka.com\/index.php?rest_route=\/wp\/v2\/posts\/5580","targetHints":{"allow":["GET"]}}],"collection":[{"href":"https:\/\/zeleka.com\/index.php?rest_route=\/wp\/v2\/posts"}],"about":[{"href":"https:\/\/zeleka.com\/index.php?rest_route=\/wp\/v2\/types\/post"}],"author":[{"embeddable":true,"href":"https:\/\/zeleka.com\/index.php?rest_route=\/wp\/v2\/users\/1"}],"replies":[{"embeddable":true,"href":"https:\/\/zeleka.com\/index.php?rest_route=%2Fwp%2Fv2%2Fcomments&post=5580"}],"version-history":[{"count":0,"href":"https:\/\/zeleka.com\/index.php?rest_route=\/wp\/v2\/posts\/5580\/revisions"}],"wp:featuredmedia":[{"embeddable":true,"href":"https:\/\/zeleka.com\/index.php?rest_route=\/wp\/v2\/media\/5581"}],"wp:attachment":[{"href":"https:\/\/zeleka.com\/index.php?rest_route=%2Fwp%2Fv2%2Fmedia&parent=5580"}],"wp:term":[{"taxonomy":"category","embeddable":true,"href":"https:\/\/zeleka.com\/index.php?rest_route=%2Fwp%2Fv2%2Fcategories&post=5580"},{"taxonomy":"post_tag","embeddable":true,"href":"https:\/\/zeleka.com\/index.php?rest_route=%2Fwp%2Fv2%2Ftags&post=5580"}],"curies":[{"name":"wp","href":"https:\/\/api.w.org\/{rel}","templated":true}]}}