{"id":5578,"date":"2026-02-23T21:29:08","date_gmt":"2026-02-23T18:29:08","guid":{"rendered":"https:\/\/zeleka.com\/?p=5578"},"modified":"2026-02-23T21:29:08","modified_gmt":"2026-02-23T18:29:08","slug":"uzungol-turizm-isletmeleri-dernegi-baskani-mustafa-akyuz-tarafindan-gazeteci-yazar-mustafa-balbayin-uzungol-ile-ilgili-yapmis-oldugu-paylasim-ile-ilgili-sert-bir-b","status":"publish","type":"post","link":"https:\/\/zeleka.com\/?p=5578","title":{"rendered":"<div id=\"detaymetin\">                            <p>Uzung\u00f6l Turizm \u0130\u015fletmeleri Derne\u011fi Ba\u015fkan\u0131 Mustafa Aky\u00fcz taraf\u0131ndan Gazeteci Yazar Mustafa Balbay\u2019\u0131n Uzung\u00f6l ile ilgili yapm\u0131\u015f oldu\u011fu payla\u015f\u0131m ile ilgili sert bir bas\u0131n a\u00e7\u0131klamas\u0131 ger\u00e7ekle\u015ftirildi<\/p><p>"},"content":{"rendered":"<div id=\"detaymetin\">\n<p>Uzung\u00f6l Turizm \u0130\u015fletmeleri Derne\u011fi Ba\u015fkan\u0131 Mustafa Aky\u00fcz taraf\u0131ndan Gazeteci Yazar Mustafa Balbay\u2019\u0131n Uzung\u00f6l ile ilgili yapm\u0131\u015f oldu\u011fu payla\u015f\u0131m ile ilgili sert bir bas\u0131n a\u00e7\u0131klamas\u0131 ger\u00e7ekle\u015ftirildi<\/p>\n<p>Ba\u015fkan Aky\u00fcz\u2019den bas\u0131n a\u00e7\u0131klamas\u0131 \u015fu \u015fekilde<\/p>\n<p>\u201cUZUNG\u00d6L\u2019E Y\u00d6NEL\u0130K BU S\u00d6YLEMLER ELE\u015eT\u0130R\u0130 DE\u011e\u0130L, A\u00c7IK B\u0130R KARALAMADIR\u201d<br \/>Gazeteci Say\u0131n Mustafa Balbay\u2019\u0131n Uzung\u00f6l i\u00e7in kulland\u0131\u011f\u0131 \u201cbeton kilit\u201d ve benzeri ifadeleri kabul etmemiz m\u00fcmk\u00fcn de\u011fildir. Bu s\u00f6ylem, Uzung\u00f6l\u2019\u00fc adeta m\u00fch\u00fcrlenmi\u015f, bitirilmi\u015f ve umutsuz bir yer gibi g\u00f6stererek burada ya\u015fayan insanlara a\u011f\u0131r bir haks\u0131zl\u0131k yapmaktad\u0131r.<br \/>Uzung\u00f6l\u2019\u00fc yaln\u0131zca beton \u00fczerinden tarif etmek; y\u00f6re halk\u0131n\u0131, esnaf\u0131, turizm emek\u00e7ilerini ve do\u011fas\u0131n\u0131 korumak i\u00e7in y\u0131llard\u0131r bedel \u00f6deyen insanlar\u0131 yok saymak demektir. Oysa Uzung\u00f6l, t\u00fcm eksiklerine ra\u011fmen ayakta kalmay\u0131 ba\u015farm\u0131\u015f, terk edilmemi\u015f, aksine sahip \u00e7\u0131k\u0131lm\u0131\u015f bir ya\u015fam alan\u0131d\u0131r.<br \/>Bu b\u00f6lge, do\u011fas\u0131n\u0131 korumak i\u00e7in HES s\u00fcrecinde g\u00fcnlerce n\u00f6bet tutan, hukuki m\u00fccadele veren ve sesini T\u00fcrkiye\u2019ye duyuran insanlar\u0131n kararl\u0131l\u0131\u011f\u0131yla bug\u00fcnlere gelmi\u015ftir. Uzung\u00f6l masa ba\u015f\u0131nda yaz\u0131lan c\u00fcmlelerle de\u011fil, sahada verilen bu zorlu m\u00fccadeleyle korunmu\u015ftur.<br \/>E\u011fer ger\u00e7ekten objektif bir g\u00f6zlem yap\u0131lm\u0131\u015f olsayd\u0131, muhtarlar\u0131n, sivil toplum kurulu\u015flar\u0131n\u0131n ve turizm payda\u015flar\u0131n\u0131n g\u00f6r\u00fc\u015fleri al\u0131n\u0131rd\u0131. B\u00f6lgeyi tan\u0131madan, burada ya\u015fayan insanlar\u0131n sesini dinlemeden yap\u0131lan genellemeler, ele\u015ftiri s\u0131n\u0131r\u0131n\u0131 a\u015farak alg\u0131 olu\u015fturmaya d\u00f6n\u00fc\u015fmektedir.<br \/>Kullan\u0131lan dil ve ba\u015fl\u0131klar, iyi niyetli bir de\u011ferlendirmeden \u00e7ok, Uzung\u00f6l\u2019\u00fc itibars\u0131zla\u015ft\u0131rmaya y\u00f6nelik bir yakla\u015f\u0131m izlenimi vermektedir. A\u00e7\u0131klamalar\u0131n i\u00e7eri\u011fi ve tonu, sanki bilerek ve karalamak amac\u0131yla yap\u0131lm\u0131\u015f bir konu\u015fmay\u0131 and\u0131rmaktad\u0131r.<br \/>Bu durum kamuoyunda ister istemez \u015fu soruyu g\u00fcndeme getirmektedir: Ama\u00e7 Uzung\u00f6l\u2019\u00fcn sorunlar\u0131na \u00e7\u00f6z\u00fcm aramak m\u0131, yoksa b\u00f6lgenin itibar\u0131n\u0131 zedelemek mi?<br \/>Uzung\u00f6l beton de\u011fildir.<br \/>Uzung\u00f6l ya\u015fayan bir halkt\u0131r.<br \/>Uzung\u00f6l, do\u011fas\u0131na sahip \u00e7\u0131kan insanlar\u0131n direnciyle korunmu\u015f bir vatan par\u00e7as\u0131d\u0131r.<br \/>Kimse Uzung\u00f6l\u2019\u00fc sahipsiz sanmas\u0131n.<br \/>Bu topraklarda ya\u015fayan insanlar d\u00fcn oldu\u011fu gibi bug\u00fcn de de\u011ferlerine sahip \u00e7\u0131kmaya devam edecektir.<br \/>Ayr\u0131ca Uzung\u00f6l kimsenin siyasi malzemesi de\u011fildir. Bu e\u015fsiz de\u011fer \u00fczerinden polemik \u00fcretmeye, g\u00fcndem dev\u015firmeye ve siyasi \u00e7\u0131kar sa\u011flamaya y\u00f6nelik hi\u00e7bir giri\u015fime de asla m\u00fcsaade etmeyece\u011fimizi a\u00e7\u0131k\u00e7a ifade ediyoruz.<br \/>Kamuoyuna sayg\u0131yla duyurulur.<br \/>Mustafa AKY\u00dcZ<br \/>Uzung\u00f6l Turizm \u0130\u015fletmecileri Derne\u011fi Ba\u015fkan\u0131<\/p>\n<p>          <\/div>\n","protected":false},"excerpt":{"rendered":"<p>Uzung\u00f6l Turizm \u0130\u015fletmeleri Derne\u011fi Ba\u015fkan\u0131 Mustafa Aky\u00fcz taraf\u0131ndan Gazeteci Yazar Mustafa Balbay\u2019\u0131n Uzung\u00f6l ile ilgili yapm\u0131\u015f oldu\u011fu payla\u015f\u0131m ile ilgili sert bir bas\u0131n a\u00e7\u0131klamas\u0131 ger\u00e7ekle\u015ftirildi Ba\u015fkan Aky\u00fcz\u2019den bas\u0131n a\u00e7\u0131klamas\u0131 \u015fu \u015fekilde \u201cUZUNG\u00d6L\u2019E Y\u00d6NEL\u0130K BU S\u00d6YLEMLER ELE\u015eT\u0130R\u0130 DE\u011e\u0130L, A\u00c7IK B\u0130R KARALAMADIR\u201dGazeteci Say\u0131n Mustafa Balbay\u2019\u0131n Uzung\u00f6l i\u00e7in kulland\u0131\u011f\u0131 \u201cbeton kilit\u201d ve benzeri ifadeleri kabul etmemiz m\u00fcmk\u00fcn de\u011fildir. [&hellip;]<\/p>\n","protected":false},"author":1,"featured_media":5579,"comment_status":"open","ping_status":"open","sticky":false,"template":"","format":"standard","meta":{"tdm_status":"","tdm_grid_status":"","footnotes":""},"categories":[40],"tags":[],"class_list":{"0":"post-5578","1":"post","2":"type-post","3":"status-publish","4":"format-standard","5":"has-post-thumbnail","7":"category-caykara"},"_links":{"self":[{"href":"https:\/\/zeleka.com\/index.php?rest_route=\/wp\/v2\/posts\/5578","targetHints":{"allow":["GET"]}}],"collection":[{"href":"https:\/\/zeleka.com\/index.php?rest_route=\/wp\/v2\/posts"}],"about":[{"href":"https:\/\/zeleka.com\/index.php?rest_route=\/wp\/v2\/types\/post"}],"author":[{"embeddable":true,"href":"https:\/\/zeleka.com\/index.php?rest_route=\/wp\/v2\/users\/1"}],"replies":[{"embeddable":true,"href":"https:\/\/zeleka.com\/index.php?rest_route=%2Fwp%2Fv2%2Fcomments&post=5578"}],"version-history":[{"count":0,"href":"https:\/\/zeleka.com\/index.php?rest_route=\/wp\/v2\/posts\/5578\/revisions"}],"wp:featuredmedia":[{"embeddable":true,"href":"https:\/\/zeleka.com\/index.php?rest_route=\/wp\/v2\/media\/5579"}],"wp:attachment":[{"href":"https:\/\/zeleka.com\/index.php?rest_route=%2Fwp%2Fv2%2Fmedia&parent=5578"}],"wp:term":[{"taxonomy":"category","embeddable":true,"href":"https:\/\/zeleka.com\/index.php?rest_route=%2Fwp%2Fv2%2Fcategories&post=5578"},{"taxonomy":"post_tag","embeddable":true,"href":"https:\/\/zeleka.com\/index.php?rest_route=%2Fwp%2Fv2%2Ftags&post=5578"}],"curies":[{"name":"wp","href":"https:\/\/api.w.org\/{rel}","templated":true}]}}