{"id":5576,"date":"2026-02-23T21:29:09","date_gmt":"2026-02-23T18:29:09","guid":{"rendered":"https:\/\/zeleka.com\/?p=5576"},"modified":"2026-02-23T21:29:09","modified_gmt":"2026-02-23T18:29:09","slug":"istanbul-un-fatih-ilcesi-vatan-caddesindeki-caykara-dernekpazari-kultur-ve-yardimlasma-dernegi-her-ramazanda-oldugu-gibi-bu-yilda-geleneksel-iftar-yemeklerinden-il","status":"publish","type":"post","link":"https:\/\/zeleka.com\/?p=5576","title":{"rendered":"<div id=\"detaymetin\">                            <p>\u0130stanbul &#8216;un Fatih il\u00e7esi , Vatan Caddesindeki \u00c7aykara Dernekpazar\u0131 K\u00fclt\u00fcr ve Yard\u0131mla\u015fma Derne\u011fi her ramazanda oldu\u011fu gibi bu y\u0131lda\u00a0 geleneksel \u0130ftar yemeklerinden ilkinde\u00a0 \u00a0\u00e7ok say\u0131da misafiri a\u011f\u0131rlad\u0131"},"content":{"rendered":"<div id=\"detaymetin\">\n<p>\u0130stanbul &#8216;un Fatih il\u00e7esi , Vatan Caddesindeki \u00c7aykara Dernekpazar\u0131 K\u00fclt\u00fcr ve Yard\u0131mla\u015fma Derne\u011fi her ramazanda oldu\u011fu gibi bu y\u0131lda\u00a0 geleneksel \u0130ftar yemeklerinden ilkinde\u00a0 \u00a0\u00e7ok say\u0131da misafiri a\u011f\u0131rlad\u0131.<\/p>\n<p>Her ramazan ay\u0131nda Cumartesi ve \u00c7ar\u015famba g\u00fcnleri cemiyet binas\u0131ndaki yemekhanede\u00a0 verilen iftar yeme\u011fi ile\u00a0 \u00e7ok say\u0131da hem\u015feri\u00a0 daha yak\u0131ndan tan\u0131\u015fma ve bulu\u015fma\u00a0 imk\u00e2n\u0131 buldu. Dernek Ba\u015fkan\u0131 Av Ahmet Turan \u00d6ks\u00fczo\u011flu gelen misafirlerle\u00a0 ayr\u0131 ayr\u0131 ilgilenerek\u00a0 ho\u015f geldiniz dedi.\u00a0<\/p>\n<figure><img decoding=\"async\" src=\"https:\/\/caykaragundem.com\/resimler\/2026-2\/23\/736341043350202.webp\"><\/figure>\n<p>Dernek Y\u00f6netim Kurulu \u00fcyeleri\u00a0 Suat \u00c7izgici, Y\u0131ld\u0131r\u0131m Abdullaho\u011flu, \u00d6mer Faruk Kara, Derne\u011fin Lokal M\u00fcd\u00fcr\u00fc Hasan Ayd\u0131n\u00a0davetlilerle \u00e7ok yak\u0131ndan ilgilendi.<\/p>\n<p>\u00a0\u0130ftar davetine Bak\u0131rk\u00f6y Kaymakam\u0131 Recai Karal, \u0130stanbul B\u00f6lge \u0130dare Mahkemesi Cumhuriyet Savc\u0131s\u0131 Ahmet Hamdi \u00c7elik, Bak\u0131rk\u00f6y Asliye Tic. Mahkemesi Ba\u015fkan\u0131 Kamil Atalay, Kuzey Hastahaneler Birli\u011fi Ba\u015fkan\u0131 Vahap Sever, Karadeniz Vakf\u0131 Ba\u015fkan Yard\u0131mc\u0131s\u0131 Hamit Cevahir, Dr Zeki \u00d6ner, Dr L\u00fctf\u00fc Kocaman Trabzon&#8217;daki \u00c7aykara Dernekpazar\u0131 K\u00fclt\u00fcr ve Dayan\u0131\u015fma Derne\u011fi Y\u00f6netim Kurulu \u00fcyesi Osman Abanoz, Derne\u011fin eski\u00a0 Ba\u015fkanlar\u0131ndan Ali Erdo\u011fan, Av Fahri Kumkumo\u011flu, \u0130stanbul&#8217;daki tan\u0131nm\u0131\u015f \u00c7aykara ve Dernekpazar&#8217;l\u0131\u00a0 i\u015f insanlar\u0131ndan Ak\u0131n Yerekaban, Kemal Ayvac\u0131, Ya\u015far \u015eahin, Cemal Aky\u00fcz , Turgut Erol, Ali Turan G\u00fcr &#8216;de iftar yeme\u011fine kat\u0131lanlar aras\u0131nda idi.\u00a0<\/p>\n<figure><img decoding=\"async\" src=\"https:\/\/caykaragundem.com\/resimler\/2026-2\/23\/25607959267684.webp\"><\/figure>\n<p>Ayr\u0131ca Derne\u011fin Eski m\u00fcd\u00fcr\u00fc Y\u0131lmaz Baltac\u0131, Trabzonspor eski A tak\u0131m\u0131\u00a0 futbolcular\u0131ndan\u00a0 Demirkap\u0131 mahallesinden Vedat Turan, Ya\u015far Turan, S\u00fcleyman Y\u00fcce, Hasan Basri Y\u00fcce, Emekli \u00f6\u011fretmen Kemal Yerekaban Emekli Polis Memuru Zekai \u00c7elebi, Ey\u00fcp I\u015f\u0131ldak &#8216;da iftar yeme\u011fi davetine kat\u0131ld\u0131lar.\u0130ftar davetine\u00a0 kat\u0131lanlar yemekten fevkalade memnun ayr\u0131ld\u0131lar.<\/p>\n<figure><img decoding=\"async\" src=\"https:\/\/caykaragundem.com\/resimler\/2026-2\/23\/40220172945723.webp\"><\/figure>\n<p>          <\/div>\n","protected":false},"excerpt":{"rendered":"<p>\u0130stanbul &#8216;un Fatih il\u00e7esi , Vatan Caddesindeki \u00c7aykara Dernekpazar\u0131 K\u00fclt\u00fcr ve Yard\u0131mla\u015fma Derne\u011fi her ramazanda oldu\u011fu gibi bu y\u0131lda\u00a0 geleneksel \u0130ftar yemeklerinden ilkinde\u00a0 \u00a0\u00e7ok say\u0131da misafiri a\u011f\u0131rlad\u0131. Her ramazan ay\u0131nda Cumartesi ve \u00c7ar\u015famba g\u00fcnleri cemiyet binas\u0131ndaki yemekhanede\u00a0 verilen iftar yeme\u011fi ile\u00a0 \u00e7ok say\u0131da hem\u015feri\u00a0 daha yak\u0131ndan tan\u0131\u015fma ve bulu\u015fma\u00a0 imk\u00e2n\u0131 buldu. Dernek Ba\u015fkan\u0131 Av Ahmet [&hellip;]<\/p>\n","protected":false},"author":1,"featured_media":5577,"comment_status":"open","ping_status":"open","sticky":false,"template":"","format":"standard","meta":{"tdm_status":"","tdm_grid_status":"","footnotes":""},"categories":[40],"tags":[],"class_list":{"0":"post-5576","1":"post","2":"type-post","3":"status-publish","4":"format-standard","5":"has-post-thumbnail","7":"category-caykara"},"_links":{"self":[{"href":"https:\/\/zeleka.com\/index.php?rest_route=\/wp\/v2\/posts\/5576","targetHints":{"allow":["GET"]}}],"collection":[{"href":"https:\/\/zeleka.com\/index.php?rest_route=\/wp\/v2\/posts"}],"about":[{"href":"https:\/\/zeleka.com\/index.php?rest_route=\/wp\/v2\/types\/post"}],"author":[{"embeddable":true,"href":"https:\/\/zeleka.com\/index.php?rest_route=\/wp\/v2\/users\/1"}],"replies":[{"embeddable":true,"href":"https:\/\/zeleka.com\/index.php?rest_route=%2Fwp%2Fv2%2Fcomments&post=5576"}],"version-history":[{"count":0,"href":"https:\/\/zeleka.com\/index.php?rest_route=\/wp\/v2\/posts\/5576\/revisions"}],"wp:featuredmedia":[{"embeddable":true,"href":"https:\/\/zeleka.com\/index.php?rest_route=\/wp\/v2\/media\/5577"}],"wp:attachment":[{"href":"https:\/\/zeleka.com\/index.php?rest_route=%2Fwp%2Fv2%2Fmedia&parent=5576"}],"wp:term":[{"taxonomy":"category","embeddable":true,"href":"https:\/\/zeleka.com\/index.php?rest_route=%2Fwp%2Fv2%2Fcategories&post=5576"},{"taxonomy":"post_tag","embeddable":true,"href":"https:\/\/zeleka.com\/index.php?rest_route=%2Fwp%2Fv2%2Ftags&post=5576"}],"curies":[{"name":"wp","href":"https:\/\/api.w.org\/{rel}","templated":true}]}}