{"id":5569,"date":"2026-02-20T20:29:28","date_gmt":"2026-02-20T17:29:28","guid":{"rendered":"https:\/\/zeleka.com\/?p=5569"},"modified":"2026-02-20T20:29:28","modified_gmt":"2026-02-20T17:29:28","slug":"trabzonun-caykara-ilcesinde-goreve-yeni-secilen-esnaf-odasi-baskan-ve-yonetim-kurulu-uyeleri-caykara-kaymakami-ali-sapmaz-ve-caykara-belediye-baskani-hanefi-tok","status":"publish","type":"post","link":"https:\/\/zeleka.com\/?p=5569","title":{"rendered":"<div id=\"detaymetin\">                            <p>Trabzon\u2019un \u00c7aykara \u0130l\u00e7esinde g\u00f6reve yeni se\u00e7ilen Esnaf Odas\u0131 Ba\u015fkan ve Y\u00f6netim Kurulu \u00dcyeleri \u00c7aykara Kaymakam\u0131 Ali Sapmaz ve \u00c7aykara Belediye Ba\u015fkan\u0131 Hanefi Tok\u2019u makamlar\u0131nda ziyaret ettiler.<\/p><p>14"},"content":{"rendered":"<div id=\"detaymetin\">\n<p>Trabzon\u2019un \u00c7aykara \u0130l\u00e7esinde g\u00f6reve yeni se\u00e7ilen Esnaf Odas\u0131 Ba\u015fkan ve Y\u00f6netim Kurulu \u00dcyeleri \u00c7aykara Kaymakam\u0131 Ali Sapmaz ve \u00c7aykara Belediye Ba\u015fkan\u0131 Hanefi Tok\u2019u makamlar\u0131nda ziyaret ettiler.<\/p>\n<p>14 \u015eubat 2026 tarihinde ger\u00e7ekle\u015ftirilen Ola\u011fan Genel Kurul sonucunda Ba\u015fkanl\u0131\u011fa se\u00e7ilen Murat G\u00f6nan ve Y\u00f6netim Kurulu \u00fcyeleri 20 \u015eubat 2026 Cuma G\u00fcn\u00fc \u00c7aykara Kaymakam\u0131 Ali Sapmaz ve \u00c7aykara Belediye Ba\u015fkan\u0131 Hanefi Tok\u2019u makamlar\u0131nda ziyaret ettiler.<\/p>\n<figure><img decoding=\"async\" src=\"https:\/\/caykaragundem.com\/resimler\/2026-2\/20\/74346331790176.webp\"><\/figure>\n<p>\u00c7aykara Kaymakam\u0131 Ali Sapmaz ziyaret sonras\u0131nda ziyaretten duymu\u015f oldu\u011fu memnuniyetini ifade ederek yeni se\u00e7ilen Y\u00f6netim Kurulunun \u00e7al\u0131\u015fmalar\u0131nda ba\u015far\u0131lar diledi.<\/p>\n<p>\u00c7aykara Belediye Ba\u015fkan\u0131 Hanefi Tok ise ge\u00e7mi\u015f d\u00f6nemlerde \u00c7aykara Esnaf Odas\u0131 ile \u00e7ok b\u00fcy\u00fck bir uyum i\u00e7inde \u00e7al\u0131\u015ft\u0131klar\u0131n\u0131 yeni se\u00e7ilen Y\u00f6netim Kurulu ile de b\u00fcy\u00fck bir uyum i\u00e7inde \u00e7al\u0131\u015fmay\u0131 hedeflediklerini ifade etti.<\/p>\n<figure><img decoding=\"async\" src=\"https:\/\/caykaragundem.com\/resimler\/2026-2\/20\/896411491498242.webp\"><\/figure>\n<p>          <\/div>\n","protected":false},"excerpt":{"rendered":"<p>Trabzon\u2019un \u00c7aykara \u0130l\u00e7esinde g\u00f6reve yeni se\u00e7ilen Esnaf Odas\u0131 Ba\u015fkan ve Y\u00f6netim Kurulu \u00dcyeleri \u00c7aykara Kaymakam\u0131 Ali Sapmaz ve \u00c7aykara Belediye Ba\u015fkan\u0131 Hanefi Tok\u2019u makamlar\u0131nda ziyaret ettiler. 14 \u015eubat 2026 tarihinde ger\u00e7ekle\u015ftirilen Ola\u011fan Genel Kurul sonucunda Ba\u015fkanl\u0131\u011fa se\u00e7ilen Murat G\u00f6nan ve Y\u00f6netim Kurulu \u00fcyeleri 20 \u015eubat 2026 Cuma G\u00fcn\u00fc \u00c7aykara Kaymakam\u0131 Ali Sapmaz ve \u00c7aykara Belediye [&hellip;]<\/p>\n","protected":false},"author":1,"featured_media":5570,"comment_status":"open","ping_status":"open","sticky":false,"template":"","format":"standard","meta":{"tdm_status":"","tdm_grid_status":"","footnotes":""},"categories":[40],"tags":[],"class_list":{"0":"post-5569","1":"post","2":"type-post","3":"status-publish","4":"format-standard","5":"has-post-thumbnail","7":"category-caykara"},"_links":{"self":[{"href":"https:\/\/zeleka.com\/index.php?rest_route=\/wp\/v2\/posts\/5569","targetHints":{"allow":["GET"]}}],"collection":[{"href":"https:\/\/zeleka.com\/index.php?rest_route=\/wp\/v2\/posts"}],"about":[{"href":"https:\/\/zeleka.com\/index.php?rest_route=\/wp\/v2\/types\/post"}],"author":[{"embeddable":true,"href":"https:\/\/zeleka.com\/index.php?rest_route=\/wp\/v2\/users\/1"}],"replies":[{"embeddable":true,"href":"https:\/\/zeleka.com\/index.php?rest_route=%2Fwp%2Fv2%2Fcomments&post=5569"}],"version-history":[{"count":0,"href":"https:\/\/zeleka.com\/index.php?rest_route=\/wp\/v2\/posts\/5569\/revisions"}],"wp:featuredmedia":[{"embeddable":true,"href":"https:\/\/zeleka.com\/index.php?rest_route=\/wp\/v2\/media\/5570"}],"wp:attachment":[{"href":"https:\/\/zeleka.com\/index.php?rest_route=%2Fwp%2Fv2%2Fmedia&parent=5569"}],"wp:term":[{"taxonomy":"category","embeddable":true,"href":"https:\/\/zeleka.com\/index.php?rest_route=%2Fwp%2Fv2%2Fcategories&post=5569"},{"taxonomy":"post_tag","embeddable":true,"href":"https:\/\/zeleka.com\/index.php?rest_route=%2Fwp%2Fv2%2Ftags&post=5569"}],"curies":[{"name":"wp","href":"https:\/\/api.w.org\/{rel}","templated":true}]}}