{"id":5567,"date":"2026-02-19T20:30:00","date_gmt":"2026-02-19T17:30:00","guid":{"rendered":"https:\/\/zeleka.com\/?p=5567"},"modified":"2026-02-19T20:30:00","modified_gmt":"2026-02-19T17:30:00","slug":"uzungol-turizm-iletmeleri-dernegi-tarafindan-uzungollu-gonllu-kameraman-sakir-karaca-icin-tesekkur-mesaji-yayinlandi-cok-uzun-senelerdir-turizm-merkezi-uzungol","status":"publish","type":"post","link":"https:\/\/zeleka.com\/?p=5567","title":{"rendered":"<div id=\"detaymetin\">                            <p>Uzung\u00f6l Turizm \u0130letmeleri Derne\u011fi taraf\u0131ndan Uzung\u00f6l\u2019l\u00fc G\u00f6nll\u00fc Kameraman \u015eakir Karaca i\u00e7in te\u015fekk\u00fcr mesaj\u0131 yay\u0131nland\u0131.<\/p><p>\u00c7ok uzun senelerdir Turizm Merkezi Uzung\u00f6l\u2019de Uzung\u00f6l\u2019\u00fcn do\u011fal g\u00fczelliklerinin"},"content":{"rendered":"<div id=\"detaymetin\">\n<p>Uzung\u00f6l Turizm \u0130letmeleri Derne\u011fi taraf\u0131ndan Uzung\u00f6l\u2019l\u00fc G\u00f6nll\u00fc Kameraman \u015eakir Karaca i\u00e7in te\u015fekk\u00fcr mesaj\u0131 yay\u0131nland\u0131.<\/p>\n<p>\u00c7ok uzun senelerdir Turizm Merkezi Uzung\u00f6l\u2019de Uzung\u00f6l\u2019\u00fcn do\u011fal g\u00fczelliklerinin yan\u0131 s\u0131ra Uzung\u00f6l K\u00fclt\u00fcr\u00fcn\u00fcn ya\u015fat\u0131lmas\u0131 anlam\u0131nda \u00e7ok b\u00fcy\u00fck emekler veren,b\u00fcy\u00fck emekler vererek haz\u0131rlam\u0131\u015f oldu\u011fu birbirinden g\u00fczel videolar\u0131 gerek sosyal medyada,gerekse Ulusal medya olarak bilinen g\u00f6rsel ve yaz\u0131l\u0131 bas\u0131nda payla\u015fan \u015eakir Karaca,bu \u00f6zellikleri ile Turizm Merkezi Uzung\u00f6l\u2019e \u00e7ok \u00f6nemli hizmetler sunuyor.<\/p>\n<p>Uzung\u00f6l\u2019\u00fcn t\u00fcm de\u011ferlerine \u00e7ok b\u00fcy\u00fck bir \u00f6nem veren ve Uzung\u00f6l\u2019e hizmet vermi\u015f insanlar\u0131n bu de\u011ferlerini Kamuoyu ile payla\u015fmaya karar veren Uzung\u00f6l Turizm \u0130\u015fletmeleri Derne\u011fi \u015eakir Karaca\u2019n\u0131n bu \u00f6rnek y\u00f6n\u00fcn\u00fc g\u00fcndeme ta\u015f\u0131mak amac\u0131 ile bir bas\u0131n a\u00e7\u0131klamas\u0131 ger\u00e7ekle\u015ftirdi.<\/p>\n<p>Dernek Ba\u015fkan\u0131 Mustafa Aky\u00fcz imzas\u0131 ile yay\u0131nlanan Bas\u0131n A\u00e7\u0131klamas\u0131 \u015fu \u015fekilde;<\/p>\n<p>Uzung\u00f6l Turizm \u0130\u015fletmecileri Derne\u011fi<\/p>\n<p>B\u00f6lgemizin tan\u0131t\u0131m\u0131na sosyal medya platformlar\u0131 \u00fczerinden sa\u011flad\u0131\u011f\u0131 k\u0131ymetli katk\u0131lar dolay\u0131s\u0131yla Say\u0131n \u015eakir Karaca\u2019ya te\u015fekk\u00fcr ediyoruz.<\/p>\n<p>Uzung\u00f6l\u2019\u00fcm\u00fcz\u00fcn do\u011fal g\u00fczelliklerinin, k\u00fclt\u00fcrel de\u011ferlerinin ve turizm potansiyelinin geni\u015f kitlelere ula\u015ft\u0131r\u0131lmas\u0131nda dijital mecralar\u0131n \u00f6nemi her ge\u00e7en g\u00fcn artmaktad\u0131r. Bu noktada Say\u0131n Karaca\u2019n\u0131n g\u00f6n\u00fclden ve istikrarl\u0131 payla\u015f\u0131mlar\u0131, b\u00f6lgemizin marka de\u011ferine ciddi katk\u0131 sunmaktad\u0131r.<\/p>\n<p>Turizmi 12 aya yayma hedefimiz do\u011frultusunda yap\u0131lan her yap\u0131c\u0131 \u00e7al\u0131\u015fma, at\u0131lan her samimi ad\u0131m bizim i\u00e7in k\u0131ymetlidir. Uzung\u00f6l\u2019\u00fcn tan\u0131t\u0131m\u0131na destek veren herkesi bu ortak vizyonun bir par\u00e7as\u0131 olarak g\u00f6r\u00fcyor; eme\u011fi ge\u00e7en t\u00fcm payda\u015flara te\u015fekk\u00fcr ediyoruz.<\/p>\n<p>Kamuoyuna sayg\u0131yla duyurulur.<\/p>\n<p>Uzung\u00f6l Turizm \u0130\u015fletmecileri Derne\u011fi<\/p>\n<p>          <\/div>\n","protected":false},"excerpt":{"rendered":"<p>Uzung\u00f6l Turizm \u0130letmeleri Derne\u011fi taraf\u0131ndan Uzung\u00f6l\u2019l\u00fc G\u00f6nll\u00fc Kameraman \u015eakir Karaca i\u00e7in te\u015fekk\u00fcr mesaj\u0131 yay\u0131nland\u0131. \u00c7ok uzun senelerdir Turizm Merkezi Uzung\u00f6l\u2019de Uzung\u00f6l\u2019\u00fcn do\u011fal g\u00fczelliklerinin yan\u0131 s\u0131ra Uzung\u00f6l K\u00fclt\u00fcr\u00fcn\u00fcn ya\u015fat\u0131lmas\u0131 anlam\u0131nda \u00e7ok b\u00fcy\u00fck emekler veren,b\u00fcy\u00fck emekler vererek haz\u0131rlam\u0131\u015f oldu\u011fu birbirinden g\u00fczel videolar\u0131 gerek sosyal medyada,gerekse Ulusal medya olarak bilinen g\u00f6rsel ve yaz\u0131l\u0131 bas\u0131nda payla\u015fan \u015eakir Karaca,bu \u00f6zellikleri [&hellip;]<\/p>\n","protected":false},"author":1,"featured_media":5568,"comment_status":"open","ping_status":"open","sticky":false,"template":"","format":"standard","meta":{"tdm_status":"","tdm_grid_status":"","footnotes":""},"categories":[40],"tags":[],"class_list":{"0":"post-5567","1":"post","2":"type-post","3":"status-publish","4":"format-standard","5":"has-post-thumbnail","7":"category-caykara"},"_links":{"self":[{"href":"https:\/\/zeleka.com\/index.php?rest_route=\/wp\/v2\/posts\/5567","targetHints":{"allow":["GET"]}}],"collection":[{"href":"https:\/\/zeleka.com\/index.php?rest_route=\/wp\/v2\/posts"}],"about":[{"href":"https:\/\/zeleka.com\/index.php?rest_route=\/wp\/v2\/types\/post"}],"author":[{"embeddable":true,"href":"https:\/\/zeleka.com\/index.php?rest_route=\/wp\/v2\/users\/1"}],"replies":[{"embeddable":true,"href":"https:\/\/zeleka.com\/index.php?rest_route=%2Fwp%2Fv2%2Fcomments&post=5567"}],"version-history":[{"count":0,"href":"https:\/\/zeleka.com\/index.php?rest_route=\/wp\/v2\/posts\/5567\/revisions"}],"wp:featuredmedia":[{"embeddable":true,"href":"https:\/\/zeleka.com\/index.php?rest_route=\/wp\/v2\/media\/5568"}],"wp:attachment":[{"href":"https:\/\/zeleka.com\/index.php?rest_route=%2Fwp%2Fv2%2Fmedia&parent=5567"}],"wp:term":[{"taxonomy":"category","embeddable":true,"href":"https:\/\/zeleka.com\/index.php?rest_route=%2Fwp%2Fv2%2Fcategories&post=5567"},{"taxonomy":"post_tag","embeddable":true,"href":"https:\/\/zeleka.com\/index.php?rest_route=%2Fwp%2Fv2%2Ftags&post=5567"}],"curies":[{"name":"wp","href":"https:\/\/api.w.org\/{rel}","templated":true}]}}