{"id":5565,"date":"2026-02-19T20:30:01","date_gmt":"2026-02-19T17:30:01","guid":{"rendered":"https:\/\/zeleka.com\/?p=5565"},"modified":"2026-02-19T20:30:01","modified_gmt":"2026-02-19T17:30:01","slug":"trabzonun-caykara-ilcesinde-yoneticiogretmen-ve-ogrenciler-tarafindan-sira-gecesi-etkinligi-gerceklestirildi-trabzonda-caykara-sehit-me","status":"publish","type":"post","link":"https:\/\/zeleka.com\/?p=5565","title":{"rendered":"<div id=\"detaymetin\">                            <p>Trabzon\u2019un \u00c7aykara \u0130l\u00e7esinde Y\u00f6netici,\u00f6\u011fretmen ve \u00f6\u011frenciler taraf\u0131ndan \u201cS\u0131ra Gecesi\u201d etkinli\u011fi ger\u00e7ekle\u015ftirildi.<\/p><p>Trabzon\u2019da \u00c7aykara \u015eehit Mehmet Ayg\u00fcn \u0130lkokulu y\u00fcr\u00fct\u00fclen K\u00fclt\u00fcrden \u0130rfana projesi k"},"content":{"rendered":"<div id=\"detaymetin\">\n<p>Trabzon\u2019un \u00c7aykara \u0130l\u00e7esinde Y\u00f6netici,\u00f6\u011fretmen ve \u00f6\u011frenciler taraf\u0131ndan \u201cS\u0131ra Gecesi\u201d etkinli\u011fi ger\u00e7ekle\u015ftirildi.<\/p>\n<p>Trabzon\u2019da \u00c7aykara \u015eehit Mehmet Ayg\u00fcn \u0130lkokulu y\u00fcr\u00fct\u00fclen K\u00fclt\u00fcrden \u0130rfana projesi kapsam\u0131nda, \u015eanl\u0131urfa \u0130li Eyy\u00fcbiye \u0130l\u00e7esi G\u00fcney\u015fehir \u0130lkokulu i\u015f birli\u011fiyle \u015eanl\u0131urfa temal\u0131 k\u00fclt\u00fcr etkinli\u011fi ger\u00e7ekle\u015ftirildi.<\/p>\n<figure><img decoding=\"async\" src=\"https:\/\/caykaragundem.com\/resimler\/2026-2\/19\/76896531852115.webp\"><\/figure>\n<p>19 \u015eubat 2026 Per\u015fembe G\u00fcn\u00fc Ta\u015fk\u0131ran E\u011fitim Kurumlar\u0131nda ger\u00e7ekle\u015ftirilen etkinli\u011fe \u00c7aykara \u0130l\u00e7e Milli E\u011fitim M\u00fcd\u00fcr\u00fc Ahmet \u00c7amurali ile Okul M\u00fcd\u00fcr\u00fc \u0130dris Hac\u0131mahmuto\u011flu kat\u0131l\u0131m sa\u011flad\u0131<\/p>\n<p>Etkinlik kapsam\u0131nda Ta\u015fk\u0131ran H\u00fcseyin Vehbi Fettaho\u011flu \u0130lkokulu M\u00fcd\u00fcr Yard\u0131mc\u0131s\u0131 Abdurrahman \u0130\u015fcan taraf\u0131ndan haz\u0131rlana \u00e7i\u011f k\u00f6fte \u00f6\u011frencilere ikram\u0131nda bulunuldu.<\/p>\n<figure><img decoding=\"async\" src=\"https:\/\/caykaragundem.com\/resimler\/2026-2\/19\/952652096870578.webp\"><\/figure>\n<p>Y\u00f6netici,\u00f6\u011fretmen ve \u00f6\u011frenciler taraf\u0131ndan daha sonra bir \u015eanl\u0131urfa gelene\u011fi olan S\u0131ra gecesi etkinli\u011fi ger\u00e7ekle\u015ftirildi.<\/p>\n<p>Etkinlikte \u015eanl\u0131urfa\u2019n\u0131n k\u00fclt\u00fcrel de\u011ferleri ve gelenekleri tan\u0131t\u0131ld\u0131. Program kapsam\u0131nda m\u00fczik e\u015fli\u011finde geleneksel \u00e7i\u011f k\u00f6fte yo\u011furularak y\u00f6resel bir s\u0131ra gecesi canland\u0131r\u0131ld\u0131. \u00d6\u011frencilerimiz hem e\u011flenceli hem de \u00f6\u011fretici bir atmosferde \u015eanl\u0131urfa\u2019n\u0131n k\u00fclt\u00fcrel dokusunu yak\u0131ndan tan\u0131ma f\u0131rsat\u0131 buldu.<\/p>\n<figure><img decoding=\"async\" src=\"https:\/\/caykaragundem.com\/resimler\/2026-2\/19\/55331387826853.webp\"><\/figure>\n<p>K\u00fclt\u00fcrden \u0130rfana projesi ile \u00f6\u011frencilerin milli ve manevi de\u011ferlerimizi tan\u0131mas\u0131, farkl\u0131 \u015fehirlerimizin k\u00fclt\u00fcrel miras\u0131n\u0131 ya\u015fayarak \u00f6\u011frenmesi ve k\u00fclt\u00fcrel fark\u0131ndal\u0131k kazanmalar\u0131 hedeflenmektedir.\u00a0<\/p>\n<p>Bu anlaml\u0131 etkinli\u011fe katk\u0131 sunan \u00f6\u011fretmen ve \u00f6\u011frencilerimize te\u015fekk\u00fcr eder, benzer \u00e7al\u0131\u015fmalar\u0131n devam edece\u011fini belirtmek isteriz.<\/p>\n<p>          <\/div>\n","protected":false},"excerpt":{"rendered":"<p>Trabzon\u2019un \u00c7aykara \u0130l\u00e7esinde Y\u00f6netici,\u00f6\u011fretmen ve \u00f6\u011frenciler taraf\u0131ndan \u201cS\u0131ra Gecesi\u201d etkinli\u011fi ger\u00e7ekle\u015ftirildi. Trabzon\u2019da \u00c7aykara \u015eehit Mehmet Ayg\u00fcn \u0130lkokulu y\u00fcr\u00fct\u00fclen K\u00fclt\u00fcrden \u0130rfana projesi kapsam\u0131nda, \u015eanl\u0131urfa \u0130li Eyy\u00fcbiye \u0130l\u00e7esi G\u00fcney\u015fehir \u0130lkokulu i\u015f birli\u011fiyle \u015eanl\u0131urfa temal\u0131 k\u00fclt\u00fcr etkinli\u011fi ger\u00e7ekle\u015ftirildi. 19 \u015eubat 2026 Per\u015fembe G\u00fcn\u00fc Ta\u015fk\u0131ran E\u011fitim Kurumlar\u0131nda ger\u00e7ekle\u015ftirilen etkinli\u011fe \u00c7aykara \u0130l\u00e7e Milli E\u011fitim M\u00fcd\u00fcr\u00fc Ahmet \u00c7amurali ile Okul M\u00fcd\u00fcr\u00fc [&hellip;]<\/p>\n","protected":false},"author":1,"featured_media":5566,"comment_status":"open","ping_status":"open","sticky":false,"template":"","format":"standard","meta":{"tdm_status":"","tdm_grid_status":"","footnotes":""},"categories":[40],"tags":[],"class_list":{"0":"post-5565","1":"post","2":"type-post","3":"status-publish","4":"format-standard","5":"has-post-thumbnail","7":"category-caykara"},"_links":{"self":[{"href":"https:\/\/zeleka.com\/index.php?rest_route=\/wp\/v2\/posts\/5565","targetHints":{"allow":["GET"]}}],"collection":[{"href":"https:\/\/zeleka.com\/index.php?rest_route=\/wp\/v2\/posts"}],"about":[{"href":"https:\/\/zeleka.com\/index.php?rest_route=\/wp\/v2\/types\/post"}],"author":[{"embeddable":true,"href":"https:\/\/zeleka.com\/index.php?rest_route=\/wp\/v2\/users\/1"}],"replies":[{"embeddable":true,"href":"https:\/\/zeleka.com\/index.php?rest_route=%2Fwp%2Fv2%2Fcomments&post=5565"}],"version-history":[{"count":0,"href":"https:\/\/zeleka.com\/index.php?rest_route=\/wp\/v2\/posts\/5565\/revisions"}],"wp:featuredmedia":[{"embeddable":true,"href":"https:\/\/zeleka.com\/index.php?rest_route=\/wp\/v2\/media\/5566"}],"wp:attachment":[{"href":"https:\/\/zeleka.com\/index.php?rest_route=%2Fwp%2Fv2%2Fmedia&parent=5565"}],"wp:term":[{"taxonomy":"category","embeddable":true,"href":"https:\/\/zeleka.com\/index.php?rest_route=%2Fwp%2Fv2%2Fcategories&post=5565"},{"taxonomy":"post_tag","embeddable":true,"href":"https:\/\/zeleka.com\/index.php?rest_route=%2Fwp%2Fv2%2Ftags&post=5565"}],"curies":[{"name":"wp","href":"https:\/\/api.w.org\/{rel}","templated":true}]}}