{"id":5500,"date":"2026-01-25T16:29:22","date_gmt":"2026-01-25T13:29:22","guid":{"rendered":"https:\/\/zeleka.com\/?p=5500"},"modified":"2026-01-25T16:29:22","modified_gmt":"2026-01-25T13:29:22","slug":"uzungol-kis-festivalinde-2-gun-heyecani-yasandi-24-ocak-2026-tarihinde-yasanan-2-gun-heyecanina-onbinlerce-vatandas-katilim-sagladi-28-donem-ak-parti-trabzon-milletveki","status":"publish","type":"post","link":"https:\/\/zeleka.com\/?p=5500","title":{"rendered":"<div id=\"detaymetin\">                            <p>Uzung\u00f6l K\u0131\u015f Festivalinde 2. G\u00fcn heyecan\u0131 ya\u015fand\u0131.24 Ocak 2026 tarihinde ya\u015fanan 2. G\u00fcn heyecan\u0131na onbinlerce vatanda\u015f kat\u0131l\u0131m sa\u011flad\u0131.<\/p><figure><\/figure><p><span>28. D\u00d6NEM. AK PART\u0130 TRABZON M\u0130LLETVEK\u0130L"},"content":{"rendered":"<div id=\"detaymetin\">\n<p>Uzung\u00f6l K\u0131\u015f Festivalinde 2. G\u00fcn heyecan\u0131 ya\u015fand\u0131.24 Ocak 2026 tarihinde ya\u015fanan 2. G\u00fcn heyecan\u0131na onbinlerce vatanda\u015f kat\u0131l\u0131m sa\u011flad\u0131.<\/p>\n<figure><\/figure>\n<p><span>28. D\u00d6NEM. AK PART\u0130 TRABZON M\u0130LLETVEK\u0130L\u0130. Bay\u0131nd\u0131rl\u0131k, \u0130mar, Ula\u015ft\u0131rma Ve Turizm Komisyonu Ba\u015fkan\u0131.<\/span> Adil Karaismailo\u011flu,Trabzon Valisi Tahir \u015eahin,Trabzon B\u00fcy\u00fck\u015fehir Belediye Ba\u015fkan\u0131 Ahmet Metin Gen\u00e7,\u00c7aykara Kaymakam\u0131 Ali Sapmaz,\u00c7aykara Belediye Ba\u015fkan\u0131 Hanefi Tok,Uzung\u00f6l Muhtar\u0131 Selman Dilek ve \u015eenli\u011fin Organizasyon Komitesi \u00fcyeleri kat\u0131l\u0131m sa\u011flad\u0131<\/p>\n<figure><img decoding=\"async\" src=\"https:\/\/caykaragundem.com\/resimler\/2026-1\/24\/342631709971910.webp\"><\/figure>\n<p><span>28. D\u00d6NEM. AK PART\u0130 TRABZON M\u0130LLETVEK\u0130L\u0130. Bay\u0131nd\u0131rl\u0131k, \u0130mar, Ula\u015ft\u0131rma Ve Turizm Komisyonu Ba\u015fkan\u0131.<\/span> Adil Karaismailo\u011flu,Trabzon Valisi Tahir \u015eahin,Trabzon B\u00fcy\u00fck\u015fehir Belediye Ba\u015fkan\u0131 Ahmet Metin Gen\u00e7,Organizasyon Komitesi ad\u0131na Yavuz \u0130nan ,\u00c7aykara Belediye Ba\u015fkan\u0131 Hanefi Tok birer konu\u015fma ger\u00e7ekle\u015ftirdiler.<\/p>\n<p>6161 K\u0130\u015e\u0130 \u0130LE REKOR DENEMES\u0130<\/p>\n<p>Organizasyon kapsam\u0131nda 6161 ki\u015fi ile D\u00fcnya Horon Halkas\u0131 Rekor Denemesi ger\u00e7ekle\u015ftirildi.Protokol\u00fcn de yer ald\u0131\u011f\u0131 rekor denemesinde vatanda\u015flar g\u00f6l\u00fcn tamam\u0131n\u0131 horon halkas\u0131 ile sararak D\u00fcnyan\u0131n en b\u00fcy\u00fck horon halkas\u0131n\u0131 olu\u015fturdular ve karl\u0131 ortamda g\u00f6l \u00e7evresinde g\u00f6n\u00fcllerinde horon oynad\u0131lar.<\/p>\n<figure><img decoding=\"async\" src=\"https:\/\/caykaragundem.com\/resimler\/2026-1\/24\/50202819501610.webp\"><\/figure>\n<p>Festival kapsam\u0131nda 24 Ocak 2026 Cumartesi g\u00fcn\u00fc sahne alan sanat\u00e7\u0131lar \u015fu \u015fekilde:<\/p>\n<p>Ayna,Ekin Uzunlar,Merve Yavuz,S\u0131la Kurt,Tanju \u00c7elik,Mesut \u00c7ak\u0131r,Bu\u011frahan Denizo\u011flu,G\u00f6khan Tutum,Ahmet Karaca,Selim Seyis,\u00dcmit Bayraktar<\/p>\n<figure><img decoding=\"async\" src=\"https:\/\/caykaragundem.com\/resimler\/2026-1\/24\/236031432110806.webp\"><\/figure>\n<p>23-24 Ocak 2026 tarihlerinde Trabzon B\u00fcy\u00fck\u015fehir Belediyesi taraf\u0131ndan Trabzon Merkezden ve Trabzon\u2019un bir \u00e7ok il\u00e7esinden Uzung\u00f6l\u2019e \u00fccretsiz servisler d\u00fczenlenecek.<\/p>\n<p>Ayr\u0131ca \u00c7aykara \u0130l\u00e7esinde R\u0130NG sistemi olu\u015fturulacak ve \u00d6zel Ara\u00e7lar\u0131n\u0131 \u00c7aykara \u0130l\u00e7esinde b\u0131rakmak isteyen vatanda\u015flar Trabzon B\u00fcy\u00fck\u015fehir Belediyesine ait otob\u00fcsler ile Uzung\u00f6l\u2019e ta\u015f\u0131nacaklar.Otob\u00fcsler her yar\u0131m saat i\u00e7inde \u00c7aykara \u0130l\u00e7esinden hareket edecek.<\/p>\n<p>Trabzon B\u00fcy\u00fck\u015fehir Belediyesi taraf\u0131ndan \u015eenlik organizasyonuna kat\u0131l\u0131m sa\u011flayacak misafirler i\u00e7in \u00fccretiz mangal organizasyonu da ger\u00e7ekle\u015ftirilecek.<\/p>\n<p>          <\/div>\n","protected":false},"excerpt":{"rendered":"<p>Uzung\u00f6l K\u0131\u015f Festivalinde 2. G\u00fcn heyecan\u0131 ya\u015fand\u0131.24 Ocak 2026 tarihinde ya\u015fanan 2. G\u00fcn heyecan\u0131na onbinlerce vatanda\u015f kat\u0131l\u0131m sa\u011flad\u0131. 28. D\u00d6NEM. AK PART\u0130 TRABZON M\u0130LLETVEK\u0130L\u0130. Bay\u0131nd\u0131rl\u0131k, \u0130mar, Ula\u015ft\u0131rma Ve Turizm Komisyonu Ba\u015fkan\u0131. Adil Karaismailo\u011flu,Trabzon Valisi Tahir \u015eahin,Trabzon B\u00fcy\u00fck\u015fehir Belediye Ba\u015fkan\u0131 Ahmet Metin Gen\u00e7,\u00c7aykara Kaymakam\u0131 Ali Sapmaz,\u00c7aykara Belediye Ba\u015fkan\u0131 Hanefi Tok,Uzung\u00f6l Muhtar\u0131 Selman Dilek ve \u015eenli\u011fin Organizasyon [&hellip;]<\/p>\n","protected":false},"author":1,"featured_media":5501,"comment_status":"open","ping_status":"open","sticky":false,"template":"","format":"standard","meta":{"tdm_status":"","tdm_grid_status":"","footnotes":""},"categories":[40],"tags":[],"class_list":{"0":"post-5500","1":"post","2":"type-post","3":"status-publish","4":"format-standard","5":"has-post-thumbnail","7":"category-caykara"},"_links":{"self":[{"href":"https:\/\/zeleka.com\/index.php?rest_route=\/wp\/v2\/posts\/5500","targetHints":{"allow":["GET"]}}],"collection":[{"href":"https:\/\/zeleka.com\/index.php?rest_route=\/wp\/v2\/posts"}],"about":[{"href":"https:\/\/zeleka.com\/index.php?rest_route=\/wp\/v2\/types\/post"}],"author":[{"embeddable":true,"href":"https:\/\/zeleka.com\/index.php?rest_route=\/wp\/v2\/users\/1"}],"replies":[{"embeddable":true,"href":"https:\/\/zeleka.com\/index.php?rest_route=%2Fwp%2Fv2%2Fcomments&post=5500"}],"version-history":[{"count":0,"href":"https:\/\/zeleka.com\/index.php?rest_route=\/wp\/v2\/posts\/5500\/revisions"}],"wp:featuredmedia":[{"embeddable":true,"href":"https:\/\/zeleka.com\/index.php?rest_route=\/wp\/v2\/media\/5501"}],"wp:attachment":[{"href":"https:\/\/zeleka.com\/index.php?rest_route=%2Fwp%2Fv2%2Fmedia&parent=5500"}],"wp:term":[{"taxonomy":"category","embeddable":true,"href":"https:\/\/zeleka.com\/index.php?rest_route=%2Fwp%2Fv2%2Fcategories&post=5500"},{"taxonomy":"post_tag","embeddable":true,"href":"https:\/\/zeleka.com\/index.php?rest_route=%2Fwp%2Fv2%2Ftags&post=5500"}],"curies":[{"name":"wp","href":"https:\/\/api.w.org\/{rel}","templated":true}]}}