{"id":5498,"date":"2026-01-24T16:30:02","date_gmt":"2026-01-24T13:30:02","guid":{"rendered":"https:\/\/zeleka.com\/?p=5498"},"modified":"2026-01-24T16:30:02","modified_gmt":"2026-01-24T13:30:02","slug":"23-24-25-ocak-2026-tarihlerinde-gerceklestirilecek-olan-uzungol-kis-festivali-23-ocak-2026-cuma-gunu-cok-yogun-bir-katilim-ile-basladi-havanin-soguk-ve-ruzgarli-olmasina-ra","status":"publish","type":"post","link":"https:\/\/zeleka.com\/?p=5498","title":{"rendered":"<div id=\"detaymetin\">                            <p>23-24-25 Ocak 2026 tarihlerinde ger\u00e7ekle\u015ftirilecek olan Uzung\u00f6l K\u0131\u015f Festivali 23 Ocak 2026 Cuma G\u00fcn\u00fc \u00e7ok yo\u011fun bir kat\u0131l\u0131m ile ba\u015flad\u0131.<\/p><p>Havan\u0131n so\u011fuk ve r\u00fczgarl\u0131 olmas\u0131na ra\u011fmen ilk g\u00fcn binlerce va"},"content":{"rendered":"<div id=\"detaymetin\">\n<p>23-24-25 Ocak 2026 tarihlerinde ger\u00e7ekle\u015ftirilecek olan Uzung\u00f6l K\u0131\u015f Festivali 23 Ocak 2026 Cuma G\u00fcn\u00fc \u00e7ok yo\u011fun bir kat\u0131l\u0131m ile ba\u015flad\u0131.<\/p>\n<p>Havan\u0131n so\u011fuk ve r\u00fczgarl\u0131 olmas\u0131na ra\u011fmen ilk g\u00fcn binlerce vatanda\u015f \u015fenlik organizasyonuna kat\u0131l\u0131m sa\u011flad\u0131.<\/p>\n<figure><img decoding=\"async\" src=\"https:\/\/caykaragundem.com\/resimler\/2026-1\/24\/854922103956256.webp\"><\/figure>\n<p>\u00c7aykara Kaymakam\u0131 Ali Sapmaz,\u00c7aykara Belediye Ba\u015fkan\u0131 Hanefi Tok,\u0130l\u00e7e Jandarma Komutan\u0131 \u00dcste\u011fmen Emre Can Narin,\u0130l\u00e7e Emniyet Amiri Komiser Alparslan Albayrak,Uzung\u00f6l Muhtar\u0131 Selman Dilek,Uzung\u00f6l\u2019de bulunan STK Ba\u015fkan ve Y\u00f6neticileri,\u00c7aykara \u0130l\u00e7esinde g\u00f6rev yapan muhtarlar,Uzung\u00f6l K\u00fclt\u00fcr ve Dayan\u0131\u015fma Derne\u011fi Bursa Merkez \u015eubesi Ba\u015fkan\u0131 O\u011fuzhan Sezgin,Van \u00d6zalp D\u00f6nerdere Kalk\u0131nma Kooperatifi Ba\u015fkan\u0131 T\u00fcrkay \u00d6zbek ve y\u00fczlerce davetli etkinli\u011fe ket\u0131l\u0131m sa\u011flad\u0131<\/p>\n<figure><img decoding=\"async\" src=\"https:\/\/caykaragundem.com\/resimler\/2026-1\/24\/1011491909138805.webp\"><\/figure>\n<p>Ger\u00e7ekle\u015ftirilen etkinlikler kapsam\u0131nda \u00c7aykara\u2019l\u0131 Tiyatro Sanat\u00e7\u0131s\u0131 Erkan K\u00f6se y\u00f6netimindeki Galandar Ekibi sahnede muhte\u015fem bir Galandar Tiyatrosu sahneye koydular.<\/p>\n<p>Uzung\u00f6l Merkez Camiinden Festival Alan\u0131na do\u011fru Festival Y\u00fcr\u00fcy\u00fc\u015f\u00fc ger\u00e7ekle\u015ftirildi.Y\u00fcr\u00fcy\u00fc\u015fe binlerce ki\u015fi kat\u0131l\u0131m sa\u011flarken \u00c7aykara Kaymakam\u0131 Ali Sapmaz ve \u00c7aykara Belediye Ba\u015fkan\u0131 Hanefi Tok da festival y\u00fcr\u00fcy\u00fc\u015f\u00fcne kat\u0131l\u0131m sa\u011flad\u0131.<\/p>\n<figure><img decoding=\"async\" src=\"https:\/\/caykaragundem.com\/resimler\/2026-1\/24\/1192001458929228.webp\"><\/figure>\n<p>Festival y\u00fcr\u00fcy\u00fc\u015f\u00fc esnas\u0131nda k\u0131sa s\u00fcreli\u011fine \u00a0trafik ula\u015f\u0131ma kapat\u0131l\u0131rken yakla\u015f\u0131k 500 me\u015fale yak\u0131ld\u0131 ve me\u015faleler e\u015fli\u011finde Uzung\u00f6l Merkez Camiinden Festival alan\u0131na y\u00fcr\u00fcy\u00fc\u015f ger\u00e7ekle\u015ftirildi.<\/p>\n<p>Y\u00fcr\u00fcy\u00fc\u015f esnas\u0131nda Galandar ekibi taraf\u0131ndan s\u00f6ylenen t\u00fcrk\u00fcler ve yap\u0131lan sunumlar Festival y\u00fcr\u00fc\u015f\u00fcne farkl\u0131 bir g\u00fczellik kazand\u0131rd\u0131<\/p>\n<p>Festival etk\u015finli\u011finin ilk g\u00fcn\u00fcnde G\u00f6khancan Bo\u015fnako\u011flu,Yunus Emre Saral,Cemal Kaygusuz,Utku Han,Nurattin Kahveci,Mustafa Turgut,Seyfettin \u00c7ak\u0131ral,Emre \u00c7etinkaya ve U\u011fur \u015eahin sahne alarak misafirlere muhte\u015fem bir g\u00fcn ya\u015fatt\u0131lar.<\/p>\n<figure><img decoding=\"async\" src=\"https:\/\/caykaragundem.com\/resimler\/2026-1\/24\/82376999225561.webp\"><\/figure>\n<p>Festival kapsam\u0131nda 24 Ocak 2026 Cumartesi g\u00fcn\u00fc sahne alacak sanat\u00e7\u0131lar \u015fu \u015fekilde:<\/p>\n<p>Ayna,Ekin Uzunlar,Merve Yavuz,S\u0131la Kurt,Tanju \u00c7elik,Mesut \u00c7ak\u0131r,Bu\u011frahan Denizo\u011flu,G\u00f6khan Tutum,Ahmet Karaca,Selim Seyis,\u00dcmit Bayraktar<\/p>\n<p>23-24 Ocak 2026 tarihlerinde Trabzon B\u00fcy\u00fck\u015fehir Belediyesi taraf\u0131ndan Trabzon Merkezden ve Trabzon\u2019un bir \u00e7ok il\u00e7esinden Uzung\u00f6l\u2019e \u00fccretsiz servisler d\u00fczenlenecek.<\/p>\n<figure><img decoding=\"async\" src=\"https:\/\/caykaragundem.com\/resimler\/2026-1\/24\/105539396694556.webp\"><\/figure>\n<p>Ayr\u0131ca \u00c7aykara \u0130l\u00e7esinde R\u0130NG sistemi olu\u015fturulacak ve \u00d6zel Ara\u00e7lar\u0131n\u0131 \u00c7aykara \u0130l\u00e7esinde b\u0131rakmak isteyen vatanda\u015flar Trabzon B\u00fcy\u00fck\u015fehir Belediyesine ait otob\u00fcsler ile Uzung\u00f6l\u2019e ta\u015f\u0131nacaklar.Otob\u00fcsler her yar\u0131m saat i\u00e7inde \u00c7aykara \u0130l\u00e7esinden hareket edecek.<\/p>\n<p>Trabzon B\u00fcy\u00fck\u015fehir Belediyesi taraf\u0131ndan \u015eenlik organizasyonuna kat\u0131l\u0131m sa\u011flayacak misafirler i\u00e7in \u00fccretiz mangal organizasyonu da ger\u00e7ekle\u015ftirilecek.<\/p>\n<p>          <\/div>\n","protected":false},"excerpt":{"rendered":"<p>23-24-25 Ocak 2026 tarihlerinde ger\u00e7ekle\u015ftirilecek olan Uzung\u00f6l K\u0131\u015f Festivali 23 Ocak 2026 Cuma G\u00fcn\u00fc \u00e7ok yo\u011fun bir kat\u0131l\u0131m ile ba\u015flad\u0131. Havan\u0131n so\u011fuk ve r\u00fczgarl\u0131 olmas\u0131na ra\u011fmen ilk g\u00fcn binlerce vatanda\u015f \u015fenlik organizasyonuna kat\u0131l\u0131m sa\u011flad\u0131. \u00c7aykara Kaymakam\u0131 Ali Sapmaz,\u00c7aykara Belediye Ba\u015fkan\u0131 Hanefi Tok,\u0130l\u00e7e Jandarma Komutan\u0131 \u00dcste\u011fmen Emre Can Narin,\u0130l\u00e7e Emniyet Amiri Komiser Alparslan Albayrak,Uzung\u00f6l Muhtar\u0131 Selman [&hellip;]<\/p>\n","protected":false},"author":1,"featured_media":5499,"comment_status":"open","ping_status":"open","sticky":false,"template":"","format":"standard","meta":{"tdm_status":"","tdm_grid_status":"","footnotes":""},"categories":[40],"tags":[],"class_list":{"0":"post-5498","1":"post","2":"type-post","3":"status-publish","4":"format-standard","5":"has-post-thumbnail","7":"category-caykara"},"_links":{"self":[{"href":"https:\/\/zeleka.com\/index.php?rest_route=\/wp\/v2\/posts\/5498","targetHints":{"allow":["GET"]}}],"collection":[{"href":"https:\/\/zeleka.com\/index.php?rest_route=\/wp\/v2\/posts"}],"about":[{"href":"https:\/\/zeleka.com\/index.php?rest_route=\/wp\/v2\/types\/post"}],"author":[{"embeddable":true,"href":"https:\/\/zeleka.com\/index.php?rest_route=\/wp\/v2\/users\/1"}],"replies":[{"embeddable":true,"href":"https:\/\/zeleka.com\/index.php?rest_route=%2Fwp%2Fv2%2Fcomments&post=5498"}],"version-history":[{"count":0,"href":"https:\/\/zeleka.com\/index.php?rest_route=\/wp\/v2\/posts\/5498\/revisions"}],"wp:featuredmedia":[{"embeddable":true,"href":"https:\/\/zeleka.com\/index.php?rest_route=\/wp\/v2\/media\/5499"}],"wp:attachment":[{"href":"https:\/\/zeleka.com\/index.php?rest_route=%2Fwp%2Fv2%2Fmedia&parent=5498"}],"wp:term":[{"taxonomy":"category","embeddable":true,"href":"https:\/\/zeleka.com\/index.php?rest_route=%2Fwp%2Fv2%2Fcategories&post=5498"},{"taxonomy":"post_tag","embeddable":true,"href":"https:\/\/zeleka.com\/index.php?rest_route=%2Fwp%2Fv2%2Ftags&post=5498"}],"curies":[{"name":"wp","href":"https:\/\/api.w.org\/{rel}","templated":true}]}}