{"id":5496,"date":"2026-01-23T16:30:44","date_gmt":"2026-01-23T13:30:44","guid":{"rendered":"https:\/\/zeleka.com\/?p=5496"},"modified":"2026-01-23T16:30:44","modified_gmt":"2026-01-23T13:30:44","slug":"dernekpazari-kibris-gazisini-kaybetti-fahri-duzenli-dernekpazari-ilcesi-guney-mahallesinden-kibris-gazisi-behram-beksenin-olum-haberi-ile-sarsildi-19","status":"publish","type":"post","link":"https:\/\/zeleka.com\/?p=5496","title":{"rendered":"<div id=\"detaymetin\">                            <p>DERNEKPAZARI KIBRIS GAZ\u0130S\u0130N\u0130 KAYBETT\u0130.<br>Fahri D\u00fczenli<br>\u00a0 \u00a0 Dernekpazar\u0131 \u0130l\u00e7esi, G\u00fcney Mahallesinden K\u0131br\u0131s Gazisi Behram Bek\u015fen\u2019in \u00f6l\u00fcm haberi ile sars\u0131ld\u0131.1974 de \u00a0K\u0131br\u0131s\u2019a yap\u0131lan ilk \u00e7\u0131karmada i\u015ft"},"content":{"rendered":"<div id=\"detaymetin\">\n<p>DERNEKPAZARI KIBRIS GAZ\u0130S\u0130N\u0130 KAYBETT\u0130.<br \/>Fahri D\u00fczenli<br \/>\u00a0 \u00a0 Dernekpazar\u0131 \u0130l\u00e7esi, G\u00fcney Mahallesinden K\u0131br\u0131s Gazisi Behram Bek\u015fen\u2019in \u00f6l\u00fcm haberi ile sars\u0131ld\u0131.1974 de \u00a0K\u0131br\u0131s\u2019a yap\u0131lan ilk \u00e7\u0131karmada i\u015ftirak eden Behram Bek\u015fen\u2019in Be\u015f Parmak Da\u011flar\u0131nda \u015fehit d\u00fc\u015ft\u00fc\u011f\u00fc haberi gelmi\u015fti. Sava\u015f nedeni ile ileti\u015fim pek sa\u011fl\u0131kl\u0131 sa\u011flanamad\u0131\u011f\u0131 i\u00e7in aile ve aile ile birlikte mahallede g\u00fcnlerce yas tutuldu. Ya\u015fad\u0131\u011f\u0131 haberi ile de bayram edildi. K\u0131br\u0131s d\u00f6n\u00fc\u015f\u00fc girdi\u011fi s\u0131navlar\u0131 kazanarak polis olup uzun y\u0131llar g\u00fcvenli\u011fimiz i\u00e7in m\u00fccadele verdi. Bu s\u00fcre\u00e7te hasta d\u00fc\u015f\u00fcp hizmete muhta\u00e7 olan e\u015fine verdi\u011fi hizmetle de herkesin takdirini kazanm\u0131\u015ft\u0131.\u00a0<\/p>\n<p><img decoding=\"async\" src=\"https:\/\/caykaragundem.com\/resimler\/2026-1\/22\/918691166349442.webp\"><br \/>\u00a0K\u00f6pr\u00fcba\u015f\u0131, \u00a0Be\u015fk\u00f6y Konutlu Mahallesinden Saniye Han\u0131mla yapt\u0131\u011f\u0131 ikinci evlili\u011finde mutlu bir hayat s\u00fcrerken ani rahats\u0131zlan\u0131p hastaneye kald\u0131r\u0131ld\u0131 ise de bug\u00fcn ( 20.01.2026) saat 15.00 Sular\u0131nda vefat etti.<br \/>\u00a0 \u00a0 Trabzon Vali Yard\u0131mc\u0131s\u0131, Askeri komutanlar, K\u00f6pr\u00fcba\u015f\u0131 Eski ve yeni Kaymakamlar\u0131, Belediye \u00a0Ba\u015fkan\u0131, De\u011fi\u015fik kurum temsilcileri, \u0130l\u00e7e Kaymakam\u0131m\u0131z, Belediye Ba\u015fkan\u0131m\u0131z, Emniyet amiri ve \u00a0personeli ve yo\u011fun halk\u0131n i\u015ftiraki ile Bug\u00fcn ( 21.01.2026) \u00a0ikindi namaz\u0131 sonras\u0131 Dernekpazar\u0131 Merkez Camii arkas\u0131nda k\u0131l\u0131nan cenaze namaz\u0131 sonras\u0131 askeri t\u00f6renle G\u00fcney Mahallesindeki aile kabristan\u0131na defnedildi.<\/p>\n<p><img decoding=\"async\" src=\"https:\/\/caykaragundem.com\/resimler\/2026-1\/22\/477971959762336.webp\"><br \/>Merhuma Allah dan rahmet, ailesi ve sevenlerine sab\u0131r dilerim.<br \/>\u00a0 Taziye i\u00e7in \u00a0Karde\u015fi: Mehmet Bek\u015fen<\/p>\n<figure><img decoding=\"async\" src=\"https:\/\/caykaragundem.com\/resimler\/2026-1\/22\/69952123102950.webp\"><\/figure>\n<p>          <\/div>\n","protected":false},"excerpt":{"rendered":"<p>DERNEKPAZARI KIBRIS GAZ\u0130S\u0130N\u0130 KAYBETT\u0130.Fahri D\u00fczenli\u00a0 \u00a0 Dernekpazar\u0131 \u0130l\u00e7esi, G\u00fcney Mahallesinden K\u0131br\u0131s Gazisi Behram Bek\u015fen\u2019in \u00f6l\u00fcm haberi ile sars\u0131ld\u0131.1974 de \u00a0K\u0131br\u0131s\u2019a yap\u0131lan ilk \u00e7\u0131karmada i\u015ftirak eden Behram Bek\u015fen\u2019in Be\u015f Parmak Da\u011flar\u0131nda \u015fehit d\u00fc\u015ft\u00fc\u011f\u00fc haberi gelmi\u015fti. Sava\u015f nedeni ile ileti\u015fim pek sa\u011fl\u0131kl\u0131 sa\u011flanamad\u0131\u011f\u0131 i\u00e7in aile ve aile ile birlikte mahallede g\u00fcnlerce yas tutuldu. Ya\u015fad\u0131\u011f\u0131 haberi ile de [&hellip;]<\/p>\n","protected":false},"author":1,"featured_media":5497,"comment_status":"open","ping_status":"open","sticky":false,"template":"","format":"standard","meta":{"tdm_status":"","tdm_grid_status":"","footnotes":""},"categories":[40],"tags":[],"class_list":{"0":"post-5496","1":"post","2":"type-post","3":"status-publish","4":"format-standard","5":"has-post-thumbnail","7":"category-caykara"},"_links":{"self":[{"href":"https:\/\/zeleka.com\/index.php?rest_route=\/wp\/v2\/posts\/5496","targetHints":{"allow":["GET"]}}],"collection":[{"href":"https:\/\/zeleka.com\/index.php?rest_route=\/wp\/v2\/posts"}],"about":[{"href":"https:\/\/zeleka.com\/index.php?rest_route=\/wp\/v2\/types\/post"}],"author":[{"embeddable":true,"href":"https:\/\/zeleka.com\/index.php?rest_route=\/wp\/v2\/users\/1"}],"replies":[{"embeddable":true,"href":"https:\/\/zeleka.com\/index.php?rest_route=%2Fwp%2Fv2%2Fcomments&post=5496"}],"version-history":[{"count":0,"href":"https:\/\/zeleka.com\/index.php?rest_route=\/wp\/v2\/posts\/5496\/revisions"}],"wp:featuredmedia":[{"embeddable":true,"href":"https:\/\/zeleka.com\/index.php?rest_route=\/wp\/v2\/media\/5497"}],"wp:attachment":[{"href":"https:\/\/zeleka.com\/index.php?rest_route=%2Fwp%2Fv2%2Fmedia&parent=5496"}],"wp:term":[{"taxonomy":"category","embeddable":true,"href":"https:\/\/zeleka.com\/index.php?rest_route=%2Fwp%2Fv2%2Fcategories&post=5496"},{"taxonomy":"post_tag","embeddable":true,"href":"https:\/\/zeleka.com\/index.php?rest_route=%2Fwp%2Fv2%2Ftags&post=5496"}],"curies":[{"name":"wp","href":"https:\/\/api.w.org\/{rel}","templated":true}]}}