{"id":5491,"date":"2026-01-22T16:30:10","date_gmt":"2026-01-22T13:30:10","guid":{"rendered":"https:\/\/zeleka.com\/?p=5491"},"modified":"2026-01-22T16:30:10","modified_gmt":"2026-01-22T13:30:10","slug":"23-24-25-ocak-2026-tarihlerinde-gerceklestirilecek-olan-uzungol-kis-festivali-icin-calismalar-tum-hizi-ile-devam-ederken-trabzon-buyuksehir-belediyesinden-uzungol-festivali","status":"publish","type":"post","link":"https:\/\/zeleka.com\/?p=5491","title":{"rendered":"<div id=\"detaymetin\">                            <p>23-24-25 Ocak 2026 tarihlerinde ger\u00e7ekle\u015ftirilecek olan Uzung\u00f6l K\u0131\u015f Festivali i\u00e7in \u00e7al\u0131\u015fmalar t\u00fcm h\u0131z\u0131 ile devam ederken Trabzon B\u00fcy\u00fck\u015fehir Belediyesinden Uzung\u00f6l Festivali i\u00e7in bir destek de Ula\u015f\u0131m alan"},"content":{"rendered":"<div id=\"detaymetin\">\n<p>23-24-25 Ocak 2026 tarihlerinde ger\u00e7ekle\u015ftirilecek olan Uzung\u00f6l K\u0131\u015f Festivali i\u00e7in \u00e7al\u0131\u015fmalar t\u00fcm h\u0131z\u0131 ile devam ederken Trabzon B\u00fcy\u00fck\u015fehir Belediyesinden Uzung\u00f6l Festivali i\u00e7in bir destek de Ula\u015f\u0131m alan\u0131ndan geldi.<\/p>\n<p>Festivalin her alan\u0131nda ger\u00e7ekle\u015ftirmi\u015f oldu\u011fu \u00e7ok \u00f6nemli destek ve katk\u0131lar ile Festivalin Ulusal bir boyuta ta\u015f\u0131nmas\u0131n\u0131 sa\u011flayan Trabzon B\u00fcy\u00fck\u015fehir Belediyesi sahneden sanat\u00e7\u0131ya yemekten ula\u015f\u0131ma kadar her alanda Festivale \u00e7ok b\u00fcy\u00fck destek veriyor<\/p>\n<figure><img decoding=\"async\" src=\"https:\/\/caykaragundem.com\/resimler\/2026-1\/22\/118894321401805.webp\"><\/figure>\n<p>Festival kapsam\u0131nda 24 ve 25 Ocak 2026 tarihlerinde ger\u00e7ekle\u015ftirilecek olan Trabzon B\u00fcy\u00fck\u015fehir Belediyesi Otob\u00fcs Seferleri \u015fu \u015fekilde:<\/p>\n<figure>\n<table readabilityDataTable=\"1\">\n<tbody>\n<tr>\n<td>TRABZON BAROSU \u00d6N\u00dc<\/td>\n<td>\n<p>10.00<\/p>\n<p>12.00<\/p>\n<p>14.00<\/p>\n<\/td>\n<\/tr>\n<tr>\n<td>TRABZON SAH\u0130L PERON<\/td>\n<td>\n<p>11.00<\/p>\n<p>13.00<\/p>\n<\/td>\n<\/tr>\n<tr>\n<td>BE\u015e\u0130KD\u00dcZ\u00dc<\/td>\n<td>\n<p>09.00<\/p>\n<p>14.00<\/p>\n<\/td>\n<\/tr>\n<tr>\n<td>MERS\u0130N<\/td>\n<td>\n<p>10.00<\/p>\n<p>15.00<\/p>\n<\/td>\n<\/tr>\n<tr>\n<td>OF<\/td>\n<td>\n<p>11.00<\/p>\n<p>15.00<\/p>\n<\/td>\n<\/tr>\n<tr>\n<td>UZUNG\u00d6L OF<\/td>\n<td>\n<p>22.00<\/p>\n<p>22.30<\/p>\n<\/td>\n<\/tr>\n<tr>\n<td>UZUNG\u00d6L SAH\u0130L PERON<\/td>\n<td>\n<p>21.00<\/p>\n<p>22.30<\/p>\n<\/td>\n<\/tr>\n<tr>\n<td>UZUNG\u00d6L BARO<\/td>\n<td>\n<p>21.00<\/p>\n<p>22.30<\/p>\n<p>22.30<\/p>\n<p>22.30<\/p>\n<\/td>\n<\/tr>\n<tr>\n<td>UZUNG\u00d6L AK\u00c7AABAT<\/td>\n<td>\n<p>22.00<\/p>\n<p>22.30<\/p>\n<\/td>\n<\/tr>\n<tr>\n<td>BE\u015e\u0130KD\u00dcZ\u00dc<\/td>\n<td>\n<p>21.00<\/p>\n<p>22.30<\/p>\n<\/td>\n<\/tr>\n<\/tbody>\n<\/table>\n<\/figure>\n<p>R\u0130NG S\u0130STEM\u0130NE HER 30 DAK\u0130KADA B\u0130R OTOB\u00dcS<\/p>\n<p>Trabzon B\u00fcy\u00fck\u015fehir Belediyesi taraf\u0131ndan ayr\u0131ca Festival s\u00fcresi boyunca \u00c7aykara \u0130l\u00e7esinde olu\u015fturulacak olan R\u0130NG sistemi kapsam\u0131nda \u00c7aykara \u0130l\u00e7esinden Uzung\u00f6l\u2019e her 30 dakikada bir otob\u00fcs seferi d\u00fczenlenecek<\/p>\n<p>T\u00fcm bu ula\u015f\u0131m imkanlar\u0131 Trabzon b\u00fcy\u00fck\u015fehir belediyesi taraf\u0131ndan \u00fccretsiz olarak ger\u00e7ekle\u015ftirilecek.<\/p>\n<p>          <\/div>\n","protected":false},"excerpt":{"rendered":"<p>23-24-25 Ocak 2026 tarihlerinde ger\u00e7ekle\u015ftirilecek olan Uzung\u00f6l K\u0131\u015f Festivali i\u00e7in \u00e7al\u0131\u015fmalar t\u00fcm h\u0131z\u0131 ile devam ederken Trabzon B\u00fcy\u00fck\u015fehir Belediyesinden Uzung\u00f6l Festivali i\u00e7in bir destek de Ula\u015f\u0131m alan\u0131ndan geldi. Festivalin her alan\u0131nda ger\u00e7ekle\u015ftirmi\u015f oldu\u011fu \u00e7ok \u00f6nemli destek ve katk\u0131lar ile Festivalin Ulusal bir boyuta ta\u015f\u0131nmas\u0131n\u0131 sa\u011flayan Trabzon B\u00fcy\u00fck\u015fehir Belediyesi sahneden sanat\u00e7\u0131ya yemekten ula\u015f\u0131ma kadar her alanda [&hellip;]<\/p>\n","protected":false},"author":1,"featured_media":5492,"comment_status":"open","ping_status":"open","sticky":false,"template":"","format":"standard","meta":{"tdm_status":"","tdm_grid_status":"","footnotes":""},"categories":[40],"tags":[],"class_list":{"0":"post-5491","1":"post","2":"type-post","3":"status-publish","4":"format-standard","5":"has-post-thumbnail","7":"category-caykara"},"_links":{"self":[{"href":"https:\/\/zeleka.com\/index.php?rest_route=\/wp\/v2\/posts\/5491","targetHints":{"allow":["GET"]}}],"collection":[{"href":"https:\/\/zeleka.com\/index.php?rest_route=\/wp\/v2\/posts"}],"about":[{"href":"https:\/\/zeleka.com\/index.php?rest_route=\/wp\/v2\/types\/post"}],"author":[{"embeddable":true,"href":"https:\/\/zeleka.com\/index.php?rest_route=\/wp\/v2\/users\/1"}],"replies":[{"embeddable":true,"href":"https:\/\/zeleka.com\/index.php?rest_route=%2Fwp%2Fv2%2Fcomments&post=5491"}],"version-history":[{"count":0,"href":"https:\/\/zeleka.com\/index.php?rest_route=\/wp\/v2\/posts\/5491\/revisions"}],"wp:featuredmedia":[{"embeddable":true,"href":"https:\/\/zeleka.com\/index.php?rest_route=\/wp\/v2\/media\/5492"}],"wp:attachment":[{"href":"https:\/\/zeleka.com\/index.php?rest_route=%2Fwp%2Fv2%2Fmedia&parent=5491"}],"wp:term":[{"taxonomy":"category","embeddable":true,"href":"https:\/\/zeleka.com\/index.php?rest_route=%2Fwp%2Fv2%2Fcategories&post=5491"},{"taxonomy":"post_tag","embeddable":true,"href":"https:\/\/zeleka.com\/index.php?rest_route=%2Fwp%2Fv2%2Ftags&post=5491"}],"curies":[{"name":"wp","href":"https:\/\/api.w.org\/{rel}","templated":true}]}}