{"id":5487,"date":"2026-01-19T16:29:46","date_gmt":"2026-01-19T13:29:46","guid":{"rendered":"https:\/\/zeleka.com\/?p=5487"},"modified":"2026-01-19T16:29:46","modified_gmt":"2026-01-19T13:29:46","slug":"aylardan-bu-yana-hazirlik-calismalari-devam-eden-ve-profesyonel-bir-ekip-tarafindan-hazirlanan-1-uzungol-kis-festivalinde-muzik-programi-buyuk-olcude-netlesti-senlik-kapsam","status":"publish","type":"post","link":"https:\/\/zeleka.com\/?p=5487","title":{"rendered":"<div id=\"detaymetin\">                            <p>Aylardan bu yana haz\u0131rl\u0131k \u00e7al\u0131\u015fmalar\u0131 devam eden ve Profesyonel bir ekip taraf\u0131ndan haz\u0131rlanan 1.Uzung\u00f6l K\u0131\u015f Festivalinde M\u00fczik program\u0131 b\u00fcy\u00fck \u00f6l\u00e7\u00fcde netle\u015fti.<\/p><p>\u015eenlik kapsam\u0131nda \u00dc\u00e7 g\u00fcn boyunca deva"},"content":{"rendered":"<div id=\"detaymetin\">\n<p>Aylardan bu yana haz\u0131rl\u0131k \u00e7al\u0131\u015fmalar\u0131 devam eden ve Profesyonel bir ekip taraf\u0131ndan haz\u0131rlanan 1.Uzung\u00f6l K\u0131\u015f Festivalinde M\u00fczik program\u0131 b\u00fcy\u00fck \u00f6l\u00e7\u00fcde netle\u015fti.<\/p>\n<p>\u015eenlik kapsam\u0131nda \u00dc\u00e7 g\u00fcn boyunca devam edecek olan \u015eenlik kapsam\u0131nda 26 Sanat\u00e7\u0131 hayranlar\u0131 ile bulu\u015fturulacak<\/p>\n<p>Trabzon Valili\u011fi,Trabzon B\u00fcy\u00fck\u015fehir Belediyesi,Trabzon Ticaret ve Sanayi Odas\u0131,Trabzon Esnaf Ve Sanatkarlar Odas\u0131(TESOB),DOKA,\u00c7aykara Kaymakaml\u0131\u011f\u0131,\u00c7aykara Belediyesi,Do\u011fa Koruma Milli Parklar B\u00f6lge M\u00fcd\u00fcrl\u00fc\u011f\u00fc ve T\u00dcRSAB taraf\u0131ndan Desteklenen 1.Uzung\u00f6l K\u0131\u015f Festivali Profesyonel bir Organizasyon Komitesi taraf\u0131ndan \u00e7ok b\u00fcy\u00fck bir \u00f6zen verilerek haz\u0131rland\u0131.<\/p>\n<figure><img decoding=\"async\" src=\"https:\/\/caykaragundem.com\/resimler\/2026-1\/18\/788041435619904.webp\"><\/figure>\n<p>Uzung\u00f6l Muhtar\u0131 Selman Dilek,Uzung\u00f6l Turizmciler Derne\u011fi Ba\u015fkan\u0131 Mehmet Kele\u015f ve Uzung\u00f6l\u2019\u00fcn sevilen isimlerinden Gen\u00e7 \u0130\u015f Adam\u0131 Yavuz \u0130nan taraf\u0131ndan aylard\u0131r yopun bir \u00e7al\u0131\u015fma ger\u00e7ekle\u015ftiriliyor.<\/p>\n<p>\u015eenlik program\u0131 organizasyonu Trabzon Ticaret ve Sanayi Odas\u0131 TESOB E\u011fitim M\u00fcd\u00fcr\u00fc ve Hibe Projeleri Uzman\u0131 Sevgili Erhan Ero\u011flu taraf\u0131ndan ger\u00e7ekle\u015ftiriliyor.<\/p>\n<p>Her \u015fey en ince ayr\u0131nt\u0131s\u0131na kadar hesapland\u0131.<\/p>\n<p>Konser alan\u0131 g\u00fcnlerdir hummal\u0131 bir \u00e7al\u0131\u015fma ile hafta sonuna haz\u0131rlan\u0131yor.<\/p>\n<figure><img decoding=\"async\" src=\"https:\/\/caykaragundem.com\/resimler\/2026-1\/18\/981701456101713.webp\"><\/figure>\n<p>Trafikten tutun da yemek ve konaklamaya kadar her \u015fey en ince ayr\u0131nt\u0131s\u0131na kadar hesaplanm\u0131\u015f.<\/p>\n<p>\u00dc\u00e7 g\u00fcn s\u00fcrecek olan \u015eenlik Organizasyonu Karadeniz B\u00f6lgesinin en \u00f6nemli sunucular\u0131ndan olan Aslan Kar\u2019\u0131n profesyonel sunumu ile farkl\u0131 bir renk ve g\u00fczellik kazanacak<\/p>\n<figure><img decoding=\"async\" src=\"https:\/\/caykaragundem.com\/resimler\/2026-1\/18\/110438282548007.webp\"><\/figure>\n<p>Programda sahne alacak olan sanat\u00e7\u0131lar \u015fu \u015fekilde:<\/p>\n<p>23 Ocak 2026 Cuma:Yunus Emre Saral,Utku Han,Orhan Sayg\u0131n,Mustafa Turgut,Nurettin Kahveci,Cemal Kaygusuz,Seyfettin \u00c7ak\u0131ral<\/p>\n<p>Ayr\u0131ca 23 Ocak Cuma g\u00fcn\u00fc Yerel Galandar Etkinlikleri de ger\u00e7ekle\u015ftirilecek.<\/p>\n<p>Me\u015faleli Kortej Y\u00fcr\u00fcy\u00fc\u015f\u00fc,Atma T\u00fcrk\u00fcler,Y\u00f6resel Gen\u00e7ler taraf\u0131ndan haz\u0131rlanan Kalandar K\u0131yafetleri ile g\u00f6steri sahneye konulacak.<\/p>\n<p>\u00a024 OCAK 2026-CUMARTES\u0130<\/p>\n<p>Ayna,Ekin Uzunlar,Merve Yavuz,S\u0131la Kurt,Tanju \u00c7elik,Mesut \u00c7ak\u0131r,Bu\u011frahan Denizo\u011flu,G\u00f6khan Tutum,Ahmet Karaca,Selim Seyis-\u00dcmit Bayraktar-O\u011fuzhan Uzun<\/p>\n<p>25 OCAK 2026 PAZAR<\/p>\n<p>Burak Yeter,Otilia,\u0130smail T\u00fcr\u00fct,Onay \u015eahin,Cengiz Selimo\u011flu,Safa Tato\u011flu,Okan Kaya-Mira\u00e7 Y\u0131lmaz,Hasan Eren,G\u00f6khan Tutum<\/p>\n<p>          <\/div>\n","protected":false},"excerpt":{"rendered":"<p>Aylardan bu yana haz\u0131rl\u0131k \u00e7al\u0131\u015fmalar\u0131 devam eden ve Profesyonel bir ekip taraf\u0131ndan haz\u0131rlanan 1.Uzung\u00f6l K\u0131\u015f Festivalinde M\u00fczik program\u0131 b\u00fcy\u00fck \u00f6l\u00e7\u00fcde netle\u015fti. \u015eenlik kapsam\u0131nda \u00dc\u00e7 g\u00fcn boyunca devam edecek olan \u015eenlik kapsam\u0131nda 26 Sanat\u00e7\u0131 hayranlar\u0131 ile bulu\u015fturulacak Trabzon Valili\u011fi,Trabzon B\u00fcy\u00fck\u015fehir Belediyesi,Trabzon Ticaret ve Sanayi Odas\u0131,Trabzon Esnaf Ve Sanatkarlar Odas\u0131(TESOB),DOKA,\u00c7aykara Kaymakaml\u0131\u011f\u0131,\u00c7aykara Belediyesi,Do\u011fa Koruma Milli Parklar B\u00f6lge M\u00fcd\u00fcrl\u00fc\u011f\u00fc [&hellip;]<\/p>\n","protected":false},"author":1,"featured_media":5488,"comment_status":"open","ping_status":"open","sticky":false,"template":"","format":"standard","meta":{"tdm_status":"","tdm_grid_status":"","footnotes":""},"categories":[40],"tags":[],"class_list":{"0":"post-5487","1":"post","2":"type-post","3":"status-publish","4":"format-standard","5":"has-post-thumbnail","7":"category-caykara"},"_links":{"self":[{"href":"https:\/\/zeleka.com\/index.php?rest_route=\/wp\/v2\/posts\/5487","targetHints":{"allow":["GET"]}}],"collection":[{"href":"https:\/\/zeleka.com\/index.php?rest_route=\/wp\/v2\/posts"}],"about":[{"href":"https:\/\/zeleka.com\/index.php?rest_route=\/wp\/v2\/types\/post"}],"author":[{"embeddable":true,"href":"https:\/\/zeleka.com\/index.php?rest_route=\/wp\/v2\/users\/1"}],"replies":[{"embeddable":true,"href":"https:\/\/zeleka.com\/index.php?rest_route=%2Fwp%2Fv2%2Fcomments&post=5487"}],"version-history":[{"count":0,"href":"https:\/\/zeleka.com\/index.php?rest_route=\/wp\/v2\/posts\/5487\/revisions"}],"wp:featuredmedia":[{"embeddable":true,"href":"https:\/\/zeleka.com\/index.php?rest_route=\/wp\/v2\/media\/5488"}],"wp:attachment":[{"href":"https:\/\/zeleka.com\/index.php?rest_route=%2Fwp%2Fv2%2Fmedia&parent=5487"}],"wp:term":[{"taxonomy":"category","embeddable":true,"href":"https:\/\/zeleka.com\/index.php?rest_route=%2Fwp%2Fv2%2Fcategories&post=5487"},{"taxonomy":"post_tag","embeddable":true,"href":"https:\/\/zeleka.com\/index.php?rest_route=%2Fwp%2Fv2%2Ftags&post=5487"}],"curies":[{"name":"wp","href":"https:\/\/api.w.org\/{rel}","templated":true}]}}