{"id":5485,"date":"2026-01-19T16:29:47","date_gmt":"2026-01-19T13:29:47","guid":{"rendered":"https:\/\/zeleka.com\/?p=5485"},"modified":"2026-01-19T16:29:47","modified_gmt":"2026-01-19T13:29:47","slug":"uzungol-turizm-isletmeleri-derneginde-gorev-degisikligi-yasandi-turkiye-turizm-tanitim-ve-gelistirme-ajansi-tga-yonetim-kuruluna-secilen-dernegin","status":"publish","type":"post","link":"https:\/\/zeleka.com\/?p=5485","title":{"rendered":"<div id=\"detaymetin\">                            <p><span>Uzung\u00f6l Turizm \u0130\u015fletmeleri Derne\u011fi\u2019nde g\u00f6rev de\u011fi\u015fikli\u011fi ya\u015fand\u0131.\u00a0<\/span><\/p><p><span>T\u00fcrkiye Turizm Tan\u0131t\u0131m ve Geli\u015ftirme Ajans\u0131 (TGA) Y\u00f6netim Kurulu\u2019na se\u00e7ilen derne\u011fin kurucu ba\u015fkan\u0131 Metin \u0130nan,"},"content":{"rendered":"<div id=\"detaymetin\">\n<p><span>Uzung\u00f6l Turizm \u0130\u015fletmeleri Derne\u011fi\u2019nde g\u00f6rev de\u011fi\u015fikli\u011fi ya\u015fand\u0131.\u00a0<\/span><\/p>\n<p><span>T\u00fcrkiye Turizm Tan\u0131t\u0131m ve Geli\u015ftirme Ajans\u0131 (TGA) Y\u00f6netim Kurulu\u2019na se\u00e7ilen derne\u011fin kurucu ba\u015fkan\u0131 Metin \u0130nan, b\u00f6lgede y\u00fcr\u00fctt\u00fc\u011f\u00fc yo\u011fun \u00e7al\u0131\u015fmalar nedeniyle ba\u015fkanl\u0131k g\u00f6revinden istifa etti.<\/span><\/p>\n<p><span>Derne\u011fin kurucu ba\u015fkan\u0131 olan Metin \u0130nan\u2019dan bo\u015falan ba\u015fkanl\u0131k g\u00f6revine Mustafa Aky\u00fcz getirildi.<\/span><\/p>\n<figure><img decoding=\"async\" src=\"https:\/\/caykaragundem.com\/resimler\/2026-1\/19\/104211296884567.webp\"><\/figure>\n<p><span>Yeni Ba\u015fkan Mustafa Aky\u00fcz, yapt\u0131\u011f\u0131 a\u00e7\u0131klamada TGA Y\u00f6netim Kurulu \u00fcyeli\u011fine se\u00e7ilen Metin \u0130nan\u2019\u0131 tebrik ederek, derne\u011fe bug\u00fcne kadar sundu\u011fu katk\u0131lar ve ger\u00e7ekle\u015ftirdi\u011fi de\u011ferli \u00e7al\u0131\u015fmalar dolay\u0131s\u0131yla te\u015fekk\u00fcr etti.<\/span><\/p>\n<p><span>Aky\u00fcz a\u00e7\u0131klamas\u0131nda \u015fu ifadelere yer verdi:<\/span><\/p>\n<p><span>\u201cTGA gibi \u00f6nemli bir g\u00f6revde bulunmas\u0131, b\u00f6lgemiz turizmi a\u00e7\u0131s\u0131ndan b\u00fcy\u00fck bir f\u0131rsatt\u0131r. \u00d6n\u00fcm\u00fczde ger\u00e7ekle\u015ftirece\u011fimiz K\u0131\u015f Festivali ile Trabzon ve Uzung\u00f6l turizmini 12 aya yaymay\u0131 hedefliyoruz. Bu s\u00fcre\u00e7te festivale destek veren t\u00fcm kamu kurum ve kurulu\u015flar\u0131na te\u015fekk\u00fcr ediyorum. Trabzon olarak \u00e7ok g\u00fczel bir birliktelik sa\u011flad\u0131k. Festivalimizin b\u00f6lgemiz i\u00e7in hay\u0131rl\u0131 olmas\u0131n\u0131 diliyorum.\u201d<\/span><\/p>\n<figure><img decoding=\"async\" src=\"https:\/\/caykaragundem.com\/resimler\/2026-1\/19\/1161062102035649.webp\"><\/figure>\n<p><span>Uzung\u00f6l Turizm \u0130\u015fletmeleri Derne\u011fi\u2019nin yeni d\u00f6nemde b\u00f6lge turizmini geli\u015ftirmeye y\u00f6nelik \u00e7al\u0131\u015fmalar\u0131n\u0131 s\u00fcrd\u00fcrmesi bekleniyor.<\/span><\/p>\n<p>          <\/div>\n","protected":false},"excerpt":{"rendered":"<p>Uzung\u00f6l Turizm \u0130\u015fletmeleri Derne\u011fi\u2019nde g\u00f6rev de\u011fi\u015fikli\u011fi ya\u015fand\u0131.\u00a0 T\u00fcrkiye Turizm Tan\u0131t\u0131m ve Geli\u015ftirme Ajans\u0131 (TGA) Y\u00f6netim Kurulu\u2019na se\u00e7ilen derne\u011fin kurucu ba\u015fkan\u0131 Metin \u0130nan, b\u00f6lgede y\u00fcr\u00fctt\u00fc\u011f\u00fc yo\u011fun \u00e7al\u0131\u015fmalar nedeniyle ba\u015fkanl\u0131k g\u00f6revinden istifa etti. Derne\u011fin kurucu ba\u015fkan\u0131 olan Metin \u0130nan\u2019dan bo\u015falan ba\u015fkanl\u0131k g\u00f6revine Mustafa Aky\u00fcz getirildi. Yeni Ba\u015fkan Mustafa Aky\u00fcz, yapt\u0131\u011f\u0131 a\u00e7\u0131klamada TGA Y\u00f6netim Kurulu \u00fcyeli\u011fine se\u00e7ilen Metin [&hellip;]<\/p>\n","protected":false},"author":1,"featured_media":5486,"comment_status":"open","ping_status":"open","sticky":false,"template":"","format":"standard","meta":{"tdm_status":"","tdm_grid_status":"","footnotes":""},"categories":[40],"tags":[],"class_list":{"0":"post-5485","1":"post","2":"type-post","3":"status-publish","4":"format-standard","5":"has-post-thumbnail","7":"category-caykara"},"_links":{"self":[{"href":"https:\/\/zeleka.com\/index.php?rest_route=\/wp\/v2\/posts\/5485","targetHints":{"allow":["GET"]}}],"collection":[{"href":"https:\/\/zeleka.com\/index.php?rest_route=\/wp\/v2\/posts"}],"about":[{"href":"https:\/\/zeleka.com\/index.php?rest_route=\/wp\/v2\/types\/post"}],"author":[{"embeddable":true,"href":"https:\/\/zeleka.com\/index.php?rest_route=\/wp\/v2\/users\/1"}],"replies":[{"embeddable":true,"href":"https:\/\/zeleka.com\/index.php?rest_route=%2Fwp%2Fv2%2Fcomments&post=5485"}],"version-history":[{"count":0,"href":"https:\/\/zeleka.com\/index.php?rest_route=\/wp\/v2\/posts\/5485\/revisions"}],"wp:featuredmedia":[{"embeddable":true,"href":"https:\/\/zeleka.com\/index.php?rest_route=\/wp\/v2\/media\/5486"}],"wp:attachment":[{"href":"https:\/\/zeleka.com\/index.php?rest_route=%2Fwp%2Fv2%2Fmedia&parent=5485"}],"wp:term":[{"taxonomy":"category","embeddable":true,"href":"https:\/\/zeleka.com\/index.php?rest_route=%2Fwp%2Fv2%2Fcategories&post=5485"},{"taxonomy":"post_tag","embeddable":true,"href":"https:\/\/zeleka.com\/index.php?rest_route=%2Fwp%2Fv2%2Ftags&post=5485"}],"curies":[{"name":"wp","href":"https:\/\/api.w.org\/{rel}","templated":true}]}}