{"id":5483,"date":"2026-01-17T15:29:47","date_gmt":"2026-01-17T12:29:47","guid":{"rendered":"https:\/\/zeleka.com\/?p=5483"},"modified":"2026-01-17T15:29:47","modified_gmt":"2026-01-17T12:29:47","slug":"ulkemizin-en-onemli-ilim-adamlarindan-caykarali-hemsehrimiz-prof-dr-osman-turan-vefatinin-yildonumunde-trabzon-turk-ocagi-subesi-tarafindan-duzenlenen-anlamli-bir-progra","status":"publish","type":"post","link":"https:\/\/zeleka.com\/?p=5483","title":{"rendered":"<div id=\"detaymetin\">                            <p>\u00dclkemizin en \u00f6nemli ilim adamlar\u0131ndan \u00c7aykaral\u0131 hem\u015fehrimiz Prof. Dr. Osman Turan, vefat\u0131n\u0131n y\u0131ld\u00f6n\u00fcm\u00fcnde Trabzon T\u00fcrk Oca\u011f\u0131 \u015eubesi taraf\u0131ndan d\u00fczenlenen anlaml\u0131 bir programla an\u0131ld\u0131. Sabit Bostan Konfer"},"content":{"rendered":"<div id=\"detaymetin\">\n<p>\u00dclkemizin en \u00f6nemli ilim adamlar\u0131ndan \u00c7aykaral\u0131 hem\u015fehrimiz Prof. Dr. Osman Turan, vefat\u0131n\u0131n y\u0131ld\u00f6n\u00fcm\u00fcnde Trabzon T\u00fcrk Oca\u011f\u0131 \u015eubesi taraf\u0131ndan d\u00fczenlenen anlaml\u0131 bir programla an\u0131ld\u0131. Sabit Bostan Konferans Salonu\u2019nda ger\u00e7ekle\u015ftirilen program, hem ilme hem de vefaya yak\u0131\u015f\u0131r bir atmosferde ge\u00e7ti. Anma program\u0131nda, Ankara Hac\u0131 Bayram Veli \u00dcniversitesi Edebiyat Fak\u00fcltesi Tarih B\u00f6l\u00fcm Ba\u015fkan\u0131 Prof. Dr. Nasrullah Uzman, Osman Turan\u2019\u0131n hayat\u0131, ilmi \u015fahsiyeti ve fikir d\u00fcnyas\u0131 \u00fczerine son derece k\u0131ymetli bir sunum yapt\u0131. Payla\u015f\u0131lan bilgiler, Osman Turan\u2019\u0131 yaln\u0131zca bir tarih\u00e7i olarak de\u011fil; duru\u015fu, ahlak\u0131 ve m\u00fccadelesiyle ger\u00e7ek bir fikir ve karakter insan\u0131 olarak bir kez daha hat\u0131rlatt\u0131. Bu de\u011ferli sunumuyla bizleri hem bilgilendiren hem de duyguland\u0131ran Prof. Dr. Nasrullah Uzman\u2019a \u015f\u00fckranlar\u0131m\u0131 sunuyorum. B\u00f6yle programlar, sadece ge\u00e7mi\u015fi anmak de\u011fil; gelece\u011fe do\u011fru sa\u011flam bir duru\u015fu yeniden hat\u0131rlamak a\u00e7\u0131s\u0131ndan da b\u00fcy\u00fck \u00f6nem ta\u015f\u0131yor.<\/p>\n<figure><img decoding=\"async\" src=\"https:\/\/caykaragundem.com\/resimler\/2026-1\/16\/109341904999395.webp\"><\/figure>\n<p>Osman Turan, Trabzon\u2019un \u00c7aykara il\u00e7esine ba\u011fl\u0131 So\u011fanl\u0131 K\u00f6y\u00fc\u2019nde ba\u015flayan hayat yolculu\u011funu onur ve vakar i\u00e7inde tamamlam\u0131\u015f nadir \u015fahsiyetlerden biridir. 1914 y\u0131l\u0131nda do\u011fan bu Anadolu evlad\u0131, yaln\u0131zca bir bilim insan\u0131 de\u011fil; do\u011frular\u0131n\u0131 hayat\u0131n\u0131n merkezine koymu\u015f bir vicdan adam\u0131yd\u0131. Onun hayat\u0131, alk\u0131\u015flardan \u00e7ok bedellerle, g\u00fcr\u00fclt\u00fcden \u00e7ok sessiz bir direni\u015fle \u00f6r\u00fclm\u00fc\u015ft\u00fcr. Yoklukla ge\u00e7en \u00f6\u011frenim y\u0131llar\u0131, Osman Turan\u2019\u0131 y\u0131ld\u0131rmak yerine ilme daha s\u0131k\u0131 ba\u011flad\u0131. \u00c7al\u0131\u015fkanl\u0131\u011f\u0131 ve kararl\u0131l\u0131\u011f\u0131yla T\u00fcrk tarih\u00e7ili\u011finin en sayg\u0131n isimleri aras\u0131na girdi. \u00d6zellikle Sel\u00e7uklu tarihi \u00fczerine yapt\u0131\u011f\u0131 \u00e7al\u0131\u015fmalar, akademik ba\u015far\u0131n\u0131n \u00f6tesinde, milletin haf\u0131zas\u0131na tutulmu\u015f g\u00fc\u00e7l\u00fc bir \u0131\u015f\u0131k niteli\u011findeydi. O, tarihi sadece anlatmad\u0131; ya\u015fatt\u0131. Ge\u00e7mi\u015fi, bug\u00fcn\u00fc ayakta tutan bir bilin\u00e7 olarak g\u00f6rd\u00fc. Kaleminde bilgi kadar sorumluluk da vard\u0131.<\/p>\n<figure><img decoding=\"async\" src=\"https:\/\/caykaragundem.com\/resimler\/2026-1\/16\/1246491892774976.webp\"><\/figure>\n<p>Osman Turan i\u00e7in ilim, \u015fahsiyetle anlam kazan\u0131rd\u0131. Do\u011fru bildi\u011fini savunmaktan hi\u00e7bir zaman geri durmad\u0131. Makamlar, unvanlar ve ge\u00e7ici menfaatler onun d\u00fcnyas\u0131nda kar\u015f\u0131l\u0131k bulmad\u0131. Hayat\u0131 boyunca kimseye e\u011filmedi, kimseye yaranmad\u0131. A\u00e7 kald\u0131 ama susmad\u0131; yaln\u0131z b\u0131rak\u0131ld\u0131 ama yolundan d\u00f6nmedi. D\u00fcr\u00fcstl\u00fck, onun ta\u015f\u0131d\u0131\u011f\u0131 en a\u011f\u0131r ama en k\u0131ymetli y\u00fck oldu. Siyasi hayat\u0131 da bu dik duru\u015fun s\u0131nand\u0131\u011f\u0131 alanlardan biriydi. Yass\u0131ada\u2019da yarg\u0131land\u0131, hapis yatt\u0131. Su\u00e7suzdu ve beraat etti; ancak ya\u015fad\u0131klar\u0131, yaln\u0131zca onun de\u011fil, bu \u00fclkenin vicdan\u0131nda da derin izler b\u0131rakt\u0131. Haks\u0131zl\u0131\u011fa u\u011frad\u0131 ama kin tutmad\u0131. Bask\u0131lara maruz kald\u0131 ama kalemini ve duru\u015funu kirletmedi. T\u00fcrk Oca\u011f\u0131 Ba\u015fkanl\u0131\u011f\u0131 yapt\u0131\u011f\u0131 d\u00f6nemde de ayn\u0131 \u00e7izgide y\u00fcr\u00fcd\u00fc; mill\u00ee duru\u015fundan ve fikr\u00ee namusundan asla taviz vermedi. Osman Turan\u2019\u0131n hayat\u0131 bize sade ama g\u00fc\u00e7l\u00fc bir hakikati hat\u0131rlat\u0131r: As\u0131l b\u00fcy\u00fckl\u00fck, y\u00fcksek sesle konu\u015fmakta de\u011fil; do\u011fru yerde, sessizce durabilmektedir. As\u0131l miras, geride b\u0131rak\u0131lan maddi de\u011ferler de\u011fil; dimdik bir duru\u015ftur. 17 Ocak 1978\u2019de \u0130stanbul\u2019da vefat eden Osman Turan, 64 y\u0131ll\u0131k \u00f6mr\u00fcne ilmi eserler, \u00f6rnek bir karakter ve unutulmayacak bir duru\u015f s\u0131\u011fd\u0131rd\u0131. Bug\u00fcn onun gibi e\u011filmeyen, taviz vermeyen insanlara ne kadar \u00e7ok ihtiya\u00e7 duydu\u011fumuzu daha iyi anl\u0131yoruz. \u00c7\u00fcnk\u00fc b\u00f6yle insanlar azald\u0131k\u00e7a, do\u011frular daha kolay yaln\u0131z kal\u0131yor. Prof. Dr. Osman Turan\u2019\u0131 rahmet ve minnetle an\u0131yorum. Geride b\u0131rakt\u0131\u011f\u0131 en b\u00fcy\u00fck miras, e\u011filmeden de ya\u015fanabilece\u011fini g\u00f6steren hayat\u0131d\u0131r. Bu anlaml\u0131 program\u0131n d\u00fczenlenmesinde eme\u011fi ge\u00e7en Trabzon T\u00fcrk Oca\u011f\u0131 \u015eube Ba\u015fkan\u0131 Prof. Dr. Hikmet \u00d6ks\u00fcz\u2019e de te\u015fekk\u00fcrlerimi sunuyorum\u2026<\/p>\n<figure><img decoding=\"async\" src=\"https:\/\/caykaragundem.com\/resimler\/2026-1\/16\/87856243387344.webp\"><\/figure>\n<figure><img decoding=\"async\" src=\"https:\/\/caykaragundem.com\/resimler\/2026-1\/16\/108574734560539.webp\"><\/figure>\n<p>          <\/div>\n","protected":false},"excerpt":{"rendered":"<p>\u00dclkemizin en \u00f6nemli ilim adamlar\u0131ndan \u00c7aykaral\u0131 hem\u015fehrimiz Prof. Dr. Osman Turan, vefat\u0131n\u0131n y\u0131ld\u00f6n\u00fcm\u00fcnde Trabzon T\u00fcrk Oca\u011f\u0131 \u015eubesi taraf\u0131ndan d\u00fczenlenen anlaml\u0131 bir programla an\u0131ld\u0131. Sabit Bostan Konferans Salonu\u2019nda ger\u00e7ekle\u015ftirilen program, hem ilme hem de vefaya yak\u0131\u015f\u0131r bir atmosferde ge\u00e7ti. Anma program\u0131nda, Ankara Hac\u0131 Bayram Veli \u00dcniversitesi Edebiyat Fak\u00fcltesi Tarih B\u00f6l\u00fcm Ba\u015fkan\u0131 Prof. Dr. Nasrullah Uzman, Osman [&hellip;]<\/p>\n","protected":false},"author":1,"featured_media":5484,"comment_status":"open","ping_status":"open","sticky":false,"template":"","format":"standard","meta":{"tdm_status":"","tdm_grid_status":"","footnotes":""},"categories":[40],"tags":[],"class_list":{"0":"post-5483","1":"post","2":"type-post","3":"status-publish","4":"format-standard","5":"has-post-thumbnail","7":"category-caykara"},"_links":{"self":[{"href":"https:\/\/zeleka.com\/index.php?rest_route=\/wp\/v2\/posts\/5483","targetHints":{"allow":["GET"]}}],"collection":[{"href":"https:\/\/zeleka.com\/index.php?rest_route=\/wp\/v2\/posts"}],"about":[{"href":"https:\/\/zeleka.com\/index.php?rest_route=\/wp\/v2\/types\/post"}],"author":[{"embeddable":true,"href":"https:\/\/zeleka.com\/index.php?rest_route=\/wp\/v2\/users\/1"}],"replies":[{"embeddable":true,"href":"https:\/\/zeleka.com\/index.php?rest_route=%2Fwp%2Fv2%2Fcomments&post=5483"}],"version-history":[{"count":0,"href":"https:\/\/zeleka.com\/index.php?rest_route=\/wp\/v2\/posts\/5483\/revisions"}],"wp:featuredmedia":[{"embeddable":true,"href":"https:\/\/zeleka.com\/index.php?rest_route=\/wp\/v2\/media\/5484"}],"wp:attachment":[{"href":"https:\/\/zeleka.com\/index.php?rest_route=%2Fwp%2Fv2%2Fmedia&parent=5483"}],"wp:term":[{"taxonomy":"category","embeddable":true,"href":"https:\/\/zeleka.com\/index.php?rest_route=%2Fwp%2Fv2%2Fcategories&post=5483"},{"taxonomy":"post_tag","embeddable":true,"href":"https:\/\/zeleka.com\/index.php?rest_route=%2Fwp%2Fv2%2Ftags&post=5483"}],"curies":[{"name":"wp","href":"https:\/\/api.w.org\/{rel}","templated":true}]}}