{"id":5471,"date":"2026-01-16T15:30:12","date_gmt":"2026-01-16T12:30:12","guid":{"rendered":"https:\/\/zeleka.com\/?p=5471"},"modified":"2026-01-16T18:39:27","modified_gmt":"2026-01-16T15:39:27","slug":"ogretmen-hilmi-kanik-tarafindan-kaleme-alinan-uzungolun-tarihi-sorumlulugu-isimli-yazimizi-sizlerle-paylasiyoruzkaradeniz-ve-ulke-turizmini","status":"publish","type":"post","link":"https:\/\/zeleka.com\/?p=5471","title":{"rendered":"\u201cUzung\u00f6l\u2019\u00fcn Tarihi Sorumlulu\u011fu\u201d\u00a0"},"content":{"rendered":"<div id=\"detaymetin\">\n<p style=\"text-align: center;\"><strong>\u00d6\u011fretmen Hilmi Kan\u0131k taraf\u0131ndan kaleme al\u0131nan \u201cUzung\u00f6l\u2019\u00fcn Tarihi Sorumlulu\u011fu\u201d\u00a0 isimli yaz\u0131m\u0131z\u0131 sizlerle payla\u015f\u0131yoruz<\/strong><\/p>\n<p>Karadeniz ve \u00dclke Turizminin en \u00f6nemli Merkezlerinden Uzung\u00f6l 2026 Y\u0131l\u0131n\u0131n ilk g\u00fcnlerinde \u00e7ok b\u00fcy\u00fck bir heyecan ya\u015f\u0131yor.<\/p>\n<figure><img decoding=\"async\" src=\"https:\/\/caykaragundem.com\/resimler\/2026-1\/14\/1078951726253475.webp\" \/><\/figure>\n<p>Herkes i\u015fin bir ucundan tutmu\u015f<\/p>\n<p>Bir yanda Trabzon Valili\u011fi\u2026.<\/p>\n<p>Bir Yanda Trabzon B\u00fcy\u00fck\u015fehir Belediyesi\u2026.<\/p>\n<p>Bir yanda Trabzon Ticaret ve Sanayi Odas\u0131\u2026<\/p>\n<p>Bir yanda Trabzon Esnaf Odas\u0131\u2026.<\/p>\n<p>Bir yanda \u00c7aykara Kaymakaml\u0131\u011f\u0131\u2026<\/p>\n<p>Bir yanda \u00c7aykara Belediyesi\u2026.<\/p>\n<p>Uzung\u00f6l Muhtar\u0131m\u0131z Sevgili Selman Dilek\u2026<\/p>\n<figure><img decoding=\"async\" src=\"https:\/\/caykaragundem.com\/resimler\/2026-1\/14\/79704872265906.webp\" \/><\/figure>\n<p>O gen\u00e7 ya\u015f\u0131na ra\u011fmen boyundan \u00e7ok b\u00fcy\u00fck i\u015flere kalk\u0131\u015f\u0131yor\u2026<\/p>\n<p>Derdi Uzung\u00f6l\u2019\u00fc de\u011fi\u015fime ta\u015f\u0131mak\u2026.<\/p>\n<p>Uzung\u00f6l Turizmciler Derne\u011fi Ba\u015fkan\u0131 Sevgili Mehmet Kele\u015f\u2026.<\/p>\n<p>Tek derdi,tek sevdas\u0131 Uzung\u00f6l ve Uzung\u00f6l\u2019e hizmet ta\u015f\u0131mak\u2026.<\/p>\n<p>Uzung\u00f6l B\u0130RL\u0130K A.\u015e. Y\u00f6netim Kurulu Ba\u015fkan\u0131 Sevgili Mustafa Kemal Zengin\u2026<\/p>\n<p>Tam bir Uzung\u00f6l A\u015f\u0131\u011f\u0131\u2026Tam bir Uzung\u00f6l Sevdal\u0131s\u0131<\/p>\n<p>Bu ekip ve onlar\u0131n beraberindeki ekip\u2026.<\/p>\n<p>Hepsinin tek bir derdi var\u2026.<\/p>\n<p>Karadeniz ve \u00dclke Turizminin en \u00f6nemli Merkezi olan Uzung\u00f6l\u2019e K\u0131\u015f Turizmini kazand\u0131rmak\u2026.<\/p>\n<figure><img decoding=\"async\" src=\"https:\/\/caykaragundem.com\/resimler\/2026-1\/14\/128185294736373.webp\" \/><\/figure>\n<p>Uzung\u00f6l Turizmini 12 aya yaymak<\/p>\n<p>1.Uzung\u00f6l K\u0131\u015f Festivali Ekibi\u2026.<\/p>\n<p>Kaymakam\u0131m\u0131z Say\u0131n Ali Sapmaz ve\u00a0 Belediye Ba\u015fkan\u0131m\u0131z Say\u0131n Hanefi Tok y\u00f6netiminde<\/p>\n<p>Bu ekip ile birlikte<\/p>\n<p>Yo\u011fun bir tempo ile \u00e7al\u0131\u015f\u0131yorlar.<\/p>\n<p>Yap\u0131lan yo\u011fun \u00e7al\u0131\u015fmalar\u0131 yazsam sayfalar yetmez.<\/p>\n<p>Onun i\u00e7in \u00f6zet ge\u00e7iyorum.<\/p>\n<p>Trabzon Ticaret ve Sanayi Odas\u0131 TESOB E\u011fitim M\u00fcd\u00fcr\u00fc ve Hibe Projeleri Uzman\u0131 Sevgili Erhan ERO\u011eLU\u2026<\/p>\n<p>Elinde ka\u011f\u0131t kalem\u2026..<\/p>\n<p>Sabahtan ak\u015fama kadar\u2026.<\/p>\n<p>En ince ayr\u0131nt\u0131s\u0131n\u0131 dahi hesap ederek\u2026<\/p>\n<p>Uzung\u00f6l Festivalini planl\u0131yor.<\/p>\n<p>\u0130stiyor ki her \u015fey m\u00fckemmel olsun ve Uzung\u00f6l\u2019\u00fc K\u0131\u015f Turizmine kazand\u0131ral\u0131m\u2026.<\/p>\n<p>Trabzonumuzun ve Karadeniz B\u00f6lgesinin en \u00f6nemli sunucular\u0131ndan\u2026<\/p>\n<p>Sevgili Aslan Kar\u2026.<\/p>\n<p>Ya\u011fmur,\u00e7amur,kar,tipi demeden\u2026.<\/p>\n<p>Her g\u00fcn Uzung\u00f6l\u2019de\u2026.<\/p>\n<p>Her g\u00fcn Uzung\u00f6l \u00e7al\u0131\u015f\u0131yor\u2026.<\/p>\n<p>\u00c7ocuklu\u011fundan beri tan\u0131d\u0131\u011f\u0131m ve \u00e7ok sevdi\u011fim,\u00e7ok de\u011fer verdi\u011fim\u2026..<\/p>\n<p>Sevgili Yavuz \u0130nan\u2026.<\/p>\n<p>Ben onu bu kadar co\u015fkulu bu kadar istekli ve arzulu hi\u00e7 g\u00f6rmedim.<\/p>\n<p>Enerjisine temposuna hayran olmamak m\u00fcmk\u00fcn de\u011fil.<\/p>\n<p>\u0130nan\u0131n a\u011fabi diyor Sevgili Yavuz\u2026<\/p>\n<p>Uzung\u00f6l dolup ta\u015facak.<\/p>\n<p>Bundan kimsenin \u015f\u00fcphesi olmas\u0131n.<\/p>\n<p>Ge\u00e7en g\u00fcn \u00c7aykara Kaymakam\u0131m\u0131z Say\u0131n Ali Sapmak Ba\u015fkanl\u0131\u011f\u0131ndaki Festival Organizasyon toplant\u0131s\u0131ndayd\u0131k.<\/p>\n<figure><img decoding=\"async\" src=\"https:\/\/caykaragundem.com\/resimler\/2026-1\/14\/81741573013465.webp\" \/><\/figure>\n<p>T\u00fcm Birim ve daire amirleri ile birlikte<\/p>\n<p>Her \u015fey en ince ayr\u0131nt\u0131s\u0131na kadar planland\u0131.<\/p>\n<p>Trafi\u011finden tutun da otopark\u0131na kadar\u2026<\/p>\n<p>112 Sa\u011fl\u0131k ekibine kadar<\/p>\n<p>60 Ya\u015f\u0131nday\u0131m<\/p>\n<p>R\u0130NG Sisteminin ne oldu\u011funu o toplant\u0131da \u00f6\u011frendim.<\/p>\n<p>T\u00fcm planlamalar yap\u0131lm\u0131\u015f\u2026<\/p>\n<p>Her \u015fey haz\u0131r<\/p>\n<p>Birbirinden de\u011ferli tam 25 Sanat\u00e7\u0131 Uzung\u00f6l\u2019de olacak.<\/p>\n<p>Uzung\u00f6l dolup dolup ta\u015facak\u2026<\/p>\n<p>Buraya kadar her \u015fey g\u00fczel\u2026.<\/p>\n<p>Peki ya bundan sonras\u0131\u2026.<\/p>\n<p>23-24-25 Ocak 2026\u2019da\u2026.<\/p>\n<p>Binlerce insan Uzung\u00f6l\u2019e ak\u0131n edecek\u2026.<\/p>\n<p>Peki ya bizler\u2026.<\/p>\n<p>Uzung\u00f6l\u2019l\u00fcler olarak\u2026.<\/p>\n<p>Elimizi ta\u015f\u0131n alt\u0131na koymazsak<\/p>\n<p>Evlerimizizi,otellerimizi,pansiyonlar\u0131m\u0131z\u0131,d\u00fckkanlar\u0131m\u0131z\u0131,i\u015f merkezlerimizi a\u00e7mazsak\u2026.<\/p>\n<p>O zaman ne olacak biliyor musunuz..<\/p>\n<p>Uzung\u00f6l\u2019e gelen o binlerce insan\u2026<\/p>\n<p>Uzung\u00f6l\u2019e gittik rezil olduk pi\u015fman olduk diyecekler ve \u00f6m\u00fcrleri boyunca bir daha Uzung\u00f6l\u2019e u\u011frama dahi u\u011framayacaklar.<\/p>\n<p>Bir de bunun tersini d\u00fc\u015f\u00fcnelim<\/p>\n<p>Hepimiz i\u015fyerlerimizi a\u00e7arsak.<\/p>\n<p>Gelen misafirlerimizi en iyi \u015fekilde a\u011f\u0131rlarsak\u2026<\/p>\n<p>O zaman o insanlar\u2026.<\/p>\n<p>\u00d6n\u00fcm\u00fczdeki sene dostlar\u0131n\u0131 arkada\u015flar\u0131n\u0131 da alarak<\/p>\n<p>Uzung\u00f6l\u2019\u00fcn yolunu tutacaklar\u2026<\/p>\n<p>Bu \u015fekilde Uzung\u00f6l\u2019de K\u0131\u015f Turizmi santim san tim yava\u015f yava\u015f b\u00fcy\u00fcmeye ba\u015flayacak\u2026.<\/p>\n<p>Ve de bir g\u00fcn gelecek ki\u2026.<\/p>\n<p>Tarih Sayfalar\u0131\u2026.<\/p>\n<p>Valimiz Say\u0131n Aziz Y\u0131ld\u0131r\u0131m\u2019\u0131<\/p>\n<p>Trabzon B\u00fcy\u00fck\u015fehir Belediye Ba\u015fkan\u0131m\u0131z Say\u0131n Ahmet Metin Gen\u00e7\u2019i<\/p>\n<p>Kaymakam\u0131m\u0131z Say\u0131n Ali Sapmaz\u2019\u0131<\/p>\n<p>Belediye Ba\u015fkan\u0131m\u0131z Say\u0131n Hanefi Tok\u2019u<\/p>\n<p>Ve bu organizasyonda eme\u011fi ge\u00e7en herkesi<\/p>\n<p><strong>UZUNG\u00d6L\u2019DE KI\u015e TUR\u0130ZM\u0130N\u0130 BA\u015eLATAN \u0130NSANLAR<\/strong><\/p>\n<p>Olarak alt\u0131n harfler ile yazacak\u2026.<\/p>\n<p>Sevgili Erhan Ero\u011flu<\/p>\n<p>Alt\u0131n Organizat\u00f6r olarak tarih sayfas\u0131ndaki yerini alacak.<\/p>\n<p>Sevgili Aslan Kar\u2026.<\/p>\n<p>O muhte\u015fem sunumu ile\u2026<\/p>\n<p>T\u00fcm Karadeniz onunla gurur duyacak\u2026.<\/p>\n<p>Mehmet Kele\u015f,Selman Dilek ve di\u011fer STK Ba\u015fkanlar\u0131m\u0131z\u2026.<\/p>\n<p>T\u0131pk\u0131 Sevgili Dursun Ali \u0130nan Gibi<\/p>\n<p>Uzung\u00f6l tarihinin alt\u0131n sayfas\u0131ndaki yerlerini alm\u0131\u015f olacaklar.<\/p>\n<p>ANCAKKKKKKKK<\/p>\n<p>T\u00fcm bunlar\u0131n olabilmesi i\u00e7in\u2026.<\/p>\n<p>Uzung\u00f6l olarak\u2026.<\/p>\n<p>Hepimizin \u00fczerine d\u00fc\u015fen en \u00f6nemli g\u00f6rev<\/p>\n<p>Hepimiz elimizi ta\u015f\u0131n alt\u0131na koyaca\u011f\u0131z.<\/p>\n<p>Kimin elinden ne geliyorsa yapacak\u2026.<\/p>\n<p>Oteli olan otelini,i\u015fyeri olan i,\u015fyerini pansiyonunu a\u00e7acak\u2026<\/p>\n<p>HAYDEN UZUNG\u00d6L\u2026.<\/p>\n<p>G\u00f6rev ba\u015f\u0131na\u2026.<\/p>\n<p>Verilen bunca emek ve m\u00fccadelenin<\/p>\n<p>Kar\u015f\u0131l\u0131\u011f\u0131n\u0131 sahada g\u00f6relim<\/p>\n<p>23-24-25 Ocak 2026\u2019da\u2026.<\/p>\n<p>Tek bir eksik bile olmadan\u2026.<\/p>\n<p>Uzung\u00f6l \u00e7at\u0131s\u0131 alt\u0131nda<\/p>\n<p>Bir araya gelerek<\/p>\n<p>Uzung\u00f6l Tarihinin en b\u00fcy\u00fck bayram co\u015fkusunu<\/p>\n<p>Hep birlikte ya\u015fayal\u0131m ve ya\u015fatal\u0131m\u2026.<\/p>\n<p>Tarih iki \u015feyi yazacak<\/p>\n<p>Uzung\u00f6l Tarihine Hizmet Edenler\u2026.<\/p>\n<p>Ve Uzung\u00f6l Tarihinde Sorumluluk Almayanlar diye<\/p>\n<p>Sizler istedi\u011finiz sayfada<\/p>\n<p>Yerinizi ay\u0131rt\u0131n.<\/p>\n<p>&nbsp;<\/p>\n<\/div>\n","protected":false},"excerpt":{"rendered":"<p>\u00d6\u011fretmen Hilmi Kan\u0131k taraf\u0131ndan kaleme al\u0131nan \u201cUzung\u00f6l\u2019\u00fcn Tarihi Sorumlulu\u011fu\u201d\u00a0 isimli yaz\u0131m\u0131z\u0131 sizlerle payla\u015f\u0131yoruz Karadeniz ve \u00dclke Turizminin en \u00f6nemli Merkezlerinden Uzung\u00f6l 2026 Y\u0131l\u0131n\u0131n ilk g\u00fcnlerinde \u00e7ok b\u00fcy\u00fck bir heyecan ya\u015f\u0131yor. Herkes i\u015fin bir ucundan tutmu\u015f Bir yanda Trabzon Valili\u011fi\u2026. Bir Yanda Trabzon B\u00fcy\u00fck\u015fehir Belediyesi\u2026. Bir yanda Trabzon Ticaret ve Sanayi Odas\u0131\u2026 Bir yanda Trabzon Esnaf [&hellip;]<\/p>\n","protected":false},"author":1,"featured_media":5472,"comment_status":"open","ping_status":"open","sticky":false,"template":"","format":"standard","meta":{"tdm_status":"","tdm_grid_status":"","footnotes":""},"categories":[40],"tags":[],"class_list":{"0":"post-5471","1":"post","2":"type-post","3":"status-publish","4":"format-standard","5":"has-post-thumbnail","7":"category-caykara"},"_links":{"self":[{"href":"https:\/\/zeleka.com\/index.php?rest_route=\/wp\/v2\/posts\/5471","targetHints":{"allow":["GET"]}}],"collection":[{"href":"https:\/\/zeleka.com\/index.php?rest_route=\/wp\/v2\/posts"}],"about":[{"href":"https:\/\/zeleka.com\/index.php?rest_route=\/wp\/v2\/types\/post"}],"author":[{"embeddable":true,"href":"https:\/\/zeleka.com\/index.php?rest_route=\/wp\/v2\/users\/1"}],"replies":[{"embeddable":true,"href":"https:\/\/zeleka.com\/index.php?rest_route=%2Fwp%2Fv2%2Fcomments&post=5471"}],"version-history":[{"count":2,"href":"https:\/\/zeleka.com\/index.php?rest_route=\/wp\/v2\/posts\/5471\/revisions"}],"predecessor-version":[{"id":5482,"href":"https:\/\/zeleka.com\/index.php?rest_route=\/wp\/v2\/posts\/5471\/revisions\/5482"}],"wp:featuredmedia":[{"embeddable":true,"href":"https:\/\/zeleka.com\/index.php?rest_route=\/wp\/v2\/media\/5472"}],"wp:attachment":[{"href":"https:\/\/zeleka.com\/index.php?rest_route=%2Fwp%2Fv2%2Fmedia&parent=5471"}],"wp:term":[{"taxonomy":"category","embeddable":true,"href":"https:\/\/zeleka.com\/index.php?rest_route=%2Fwp%2Fv2%2Fcategories&post=5471"},{"taxonomy":"post_tag","embeddable":true,"href":"https:\/\/zeleka.com\/index.php?rest_route=%2Fwp%2Fv2%2Ftags&post=5471"}],"curies":[{"name":"wp","href":"https:\/\/api.w.org\/{rel}","templated":true}]}}