{"id":5469,"date":"2026-01-16T15:30:13","date_gmt":"2026-01-16T12:30:13","guid":{"rendered":"https:\/\/zeleka.com\/?p=5469"},"modified":"2026-01-16T18:35:37","modified_gmt":"2026-01-16T15:35:37","slug":"5469","status":"publish","type":"post","link":"https:\/\/zeleka.com\/?p=5469","title":{"rendered":"DUYURU"},"content":{"rendered":"<div id=\"sayfacontent\" data-gs-width=\"36\">\n<div data-modulsure=\"18\" data-gs-x=\"0\" data-gs-y=\"4\" data-gs-width=\"24\" data-gs-height=\"100\" data-gs-autoh=\"1\" data-zeminrenk=\"-1\" data-spotrenk=\"0\" data-baslikrenk=\"0\" data-seritrenk=\"-1\" data-hoverrenk=\"-1\" data-font1=\"1\" data-baslikkalinlik=\"4\" data-spotkalinlik=\"2\" data-baslikbold=\"4\" data-spotbold=\"3\" data-cogaltx=\"0\" data-cogalty=\"0\" data-border=\"0\" data-borderrenk=\"0\" data-baslikls=\"0\" data-basliklh=\"0\" data-spotls=\"0\" data-spotlh=\"0\" data-sticky=\"0\">\n<div>\n<nav><a href=\"http:\/\/caykaragundem.com\/haber\/kategori\/caykara-15.html\">\u00c7AYKARA<\/a><\/nav>\n<div>\n<p><time>Tarih: 14.01.2026 21:15:00 <\/time> <time> 0 Yorum <\/time><\/p>\n<\/div>\n<div>\n<p><img decoding=\"async\" src=\"http:\/\/caykaragundem.com\/resimler\/2026-1\/14\/85778349122309.webp\" alt=\"\u00c7aykara\u2019da Ta\u015f\u0131mal\u0131 E\u011fitime 1 G\u00fcn Ara Verildi\" \/><\/p>\n<h2>\u00c7aykara Kaymakaml\u0131\u011f\u0131 taraf\u0131ndan yap\u0131lan a\u00e7\u0131klamaya g\u00f6re, il\u00e7ede etkisini s\u00fcrd\u00fcren yo\u011fun kar ya\u011f\u0131\u015f\u0131, buzlanma ve olumsuz hava ko\u015fullar\u0131 nedeniyle e\u011fitime ara verildi.<\/h2>\n<div id=\"detaymetin\">\n<p>Kaymakaml\u0131k\u00e7a yap\u0131lan duyuruda, 15 Ocak Per\u015fembe g\u00fcn\u00fc \u00c7aykara il\u00e7esinin tamam\u0131nda sadece ta\u015f\u0131mal\u0131 e\u011fitim kapsam\u0131ndaki \u00f6\u011frenciler i\u00e7in e\u011fitim ve \u00f6\u011fretime 1 g\u00fcn s\u00fcreyle ara verildi\u011fi bildirildi.<\/p>\n<p>Yetkililer, olumsuz hava ko\u015fullar\u0131n\u0131n olu\u015fturabilece\u011fi risklere kar\u015f\u0131 al\u0131nan bu karar\u0131n \u00f6\u011frencilerin g\u00fcvenli\u011fi amac\u0131yla uyguland\u0131\u011f\u0131n\u0131 belirtildi.<\/p>\n<p>&nbsp;<\/p>\n<\/div>\n<\/div>\n<\/div>\n<p>&nbsp;<\/p>\n<\/div>\n<div data-modulsure=\"0\" data-gs-x=\"24\" data-gs-y=\"50\" data-gs-width=\"12\" data-gs-height=\"4\" data-gs-autoh=\"2\" data-zeminrenk=\"10\" data-spotrenk=\"-1\" data-baslikrenk=\"0\" data-seritrenk=\"-1\" data-hoverrenk=\"-1\" data-font1=\"0\" data-baslikkalinlik=\"0\" data-spotkalinlik=\"0\" data-baslikbold=\"0\" data-spotbold=\"0\" data-cogaltx=\"0\" data-cogalty=\"0\" data-border=\"0\" data-borderrenk=\"-1\" data-baslikls=\"0\" data-basliklh=\"0\" data-spotls=\"0\" data-spotlh=\"0\" data-sticky=\"0\">\n<header>\n<h2>\u0130lginizi \u00c7ekebilir<\/h2>\n<hr \/>\n<\/header>\n<\/div>\n<\/div>\n","protected":false},"excerpt":{"rendered":"<p>\u00c7AYKARA Tarih: 14.01.2026 21:15:00 0 Yorum \u00c7aykara Kaymakaml\u0131\u011f\u0131 taraf\u0131ndan yap\u0131lan a\u00e7\u0131klamaya g\u00f6re, il\u00e7ede etkisini s\u00fcrd\u00fcren yo\u011fun kar ya\u011f\u0131\u015f\u0131, buzlanma ve olumsuz hava ko\u015fullar\u0131 nedeniyle e\u011fitime ara verildi. Kaymakaml\u0131k\u00e7a yap\u0131lan duyuruda, 15 Ocak Per\u015fembe g\u00fcn\u00fc \u00c7aykara il\u00e7esinin tamam\u0131nda sadece ta\u015f\u0131mal\u0131 e\u011fitim kapsam\u0131ndaki \u00f6\u011frenciler i\u00e7in e\u011fitim ve \u00f6\u011fretime 1 g\u00fcn s\u00fcreyle ara verildi\u011fi bildirildi. Yetkililer, olumsuz hava [&hellip;]<\/p>\n","protected":false},"author":1,"featured_media":5470,"comment_status":"open","ping_status":"open","sticky":false,"template":"","format":"standard","meta":{"tdm_status":"","tdm_grid_status":"","footnotes":""},"categories":[40,39],"tags":[],"class_list":{"0":"post-5469","1":"post","2":"type-post","3":"status-publish","4":"format-standard","5":"has-post-thumbnail","7":"category-caykara","8":"category-haberler"},"_links":{"self":[{"href":"https:\/\/zeleka.com\/index.php?rest_route=\/wp\/v2\/posts\/5469","targetHints":{"allow":["GET"]}}],"collection":[{"href":"https:\/\/zeleka.com\/index.php?rest_route=\/wp\/v2\/posts"}],"about":[{"href":"https:\/\/zeleka.com\/index.php?rest_route=\/wp\/v2\/types\/post"}],"author":[{"embeddable":true,"href":"https:\/\/zeleka.com\/index.php?rest_route=\/wp\/v2\/users\/1"}],"replies":[{"embeddable":true,"href":"https:\/\/zeleka.com\/index.php?rest_route=%2Fwp%2Fv2%2Fcomments&post=5469"}],"version-history":[{"count":2,"href":"https:\/\/zeleka.com\/index.php?rest_route=\/wp\/v2\/posts\/5469\/revisions"}],"predecessor-version":[{"id":5480,"href":"https:\/\/zeleka.com\/index.php?rest_route=\/wp\/v2\/posts\/5469\/revisions\/5480"}],"wp:featuredmedia":[{"embeddable":true,"href":"https:\/\/zeleka.com\/index.php?rest_route=\/wp\/v2\/media\/5470"}],"wp:attachment":[{"href":"https:\/\/zeleka.com\/index.php?rest_route=%2Fwp%2Fv2%2Fmedia&parent=5469"}],"wp:term":[{"taxonomy":"category","embeddable":true,"href":"https:\/\/zeleka.com\/index.php?rest_route=%2Fwp%2Fv2%2Fcategories&post=5469"},{"taxonomy":"post_tag","embeddable":true,"href":"https:\/\/zeleka.com\/index.php?rest_route=%2Fwp%2Fv2%2Ftags&post=5469"}],"curies":[{"name":"wp","href":"https:\/\/api.w.org\/{rel}","templated":true}]}}