{"id":5467,"date":"2026-01-14T15:29:05","date_gmt":"2026-01-14T12:29:05","guid":{"rendered":"https:\/\/zeleka.com\/?p=5467"},"modified":"2026-01-14T15:29:05","modified_gmt":"2026-01-14T12:29:05","slug":"trabzonda-faaliyet-gosteren-caykara-dernekpazari-kultur-ve-dayanisma-dernegi-cay-der-sosyal-ve-kulturel-etkinliklerine-hiz-kesmeden-devam-ediyor-son-do","status":"publish","type":"post","link":"https:\/\/zeleka.com\/?p=5467","title":{"rendered":"<div id=\"detaymetin\">                            <p>Trabzon\u2019da faaliyet g\u00f6steren \u00c7aykara\u2013Dernekpazar\u0131 K\u00fclt\u00fcr ve Dayan\u0131\u015fma Derne\u011fi (\u00c7AY-DER), sosyal ve k\u00fclt\u00fcrel etkinliklerine h\u0131z kesmeden devam ediyor. Son d\u00f6nemde ger\u00e7ekle\u015ftirdi\u011fi dayan\u0131\u015fma ve k\u00fclt\u00fcr odak"},"content":{"rendered":"<div id=\"detaymetin\">\n<p>Trabzon\u2019da faaliyet g\u00f6steren \u00c7aykara\u2013Dernekpazar\u0131 K\u00fclt\u00fcr ve Dayan\u0131\u015fma Derne\u011fi (\u00c7AY-DER), sosyal ve k\u00fclt\u00fcrel etkinliklerine h\u0131z kesmeden devam ediyor. Son d\u00f6nemde ger\u00e7ekle\u015ftirdi\u011fi dayan\u0131\u015fma ve k\u00fclt\u00fcr odakl\u0131 \u00e7al\u0131\u015fmalarla dikkat \u00e7eken dernek, bu kez minik hem\u015fehrileri i\u00e7in \u00f6zel bir etkinlik d\u00fczenliyor.<\/p>\n<p>\u00c7AY-DER, ilk kez 4\u20137 ya\u015f grubu \u00e7ocuklara y\u00f6nelik planlad\u0131\u011f\u0131 etkinlik kapsam\u0131nda, \u00e7\u00f6z\u00fcm ortaklar\u0131ndan ve indirim anla\u015fmas\u0131 bulunan \u00c7evik \u00c7ocuk Anaokulu ile i\u015f birli\u011fi yap\u0131yor. Ortakla\u015fa d\u00fczenlenecek etkinlikte, dernek \u00fcyesi ve hem\u015fehrilerin \u00e7ocuklar\u0131 i\u00e7in kukla boyama etkinli\u011fi ger\u00e7ekle\u015ftirilecek, ayr\u0131ca \u00e7ocuklara kitap hediye edilecek.<\/p>\n<p>\u00c7ocuklar\u0131n hem e\u011flenmesini hem de sanatsal ve zihinsel geli\u015fimlerine katk\u0131 sa\u011flamay\u0131 ama\u00e7layan etkinli\u011fin, aileler taraf\u0131ndan da yo\u011fun ilgi g\u00f6rmesi bekleniyor. \u00c7AY-DER yetkilileri, bu t\u00fcr organizasyonlarla \u00e7ocuklar\u0131n sosyal hayata daha aktif kat\u0131l\u0131m\u0131n\u0131 te\u015fvik etmeyi hedeflediklerini belirtti. Etkinli\u011fe kat\u0131lmak isteyen hem\u015fehrilerin, organizasyon planlamas\u0131n\u0131n sa\u011fl\u0131kl\u0131 yap\u0131labilmesi ad\u0131na dernek m\u00fcd\u00fcrl\u00fc\u011f\u00fcne isim bildirmeleri gerekti\u011fi bildirildi. \u00c7AY-DER, \u00f6n\u00fcm\u00fczdeki s\u00fcre\u00e7te de farkl\u0131 ya\u015f gruplar\u0131na y\u00f6nelik sosyal, k\u00fclt\u00fcrel ve e\u011fitici faaliyetlerini s\u00fcrd\u00fcrmeyi planl\u0131yor.<\/p>\n<p>Dernek M\u00fcd\u00fcr\u00fc Alptekin G\u00f6khan \u015eahin, etkinlikle ilgili yapt\u0131\u011f\u0131 a\u00e7\u0131klamada, \u201cDernek olarak sadece bug\u00fcn\u00fc de\u011fil, gelece\u011fimizi de d\u00fc\u015f\u00fcnmek zorunda oldu\u011fumuza inan\u0131yoruz. Bu nedenle \u00e7ocuklar\u0131m\u0131z\u0131 merkeze alan sosyal ve k\u00fclt\u00fcrel etkinlikleri \u00e7ok \u00f6nemsiyoruz. \u0130lk kez 4\u20137 ya\u015f grubu \u00e7ocuklar\u0131m\u0131za y\u00f6nelik d\u00fczenleyece\u011fimiz bu etkinlikte, onlar\u0131n hem e\u011flenmesini hem de kitapla, sanatla bulu\u015fmas\u0131n\u0131 ama\u00e7lad\u0131k,\u201d dedi.<\/p>\n<p>\u015eahin,\u201d \u00c7\u00f6z\u00fcm orta\u011f\u0131m\u0131z \u00c7evik \u00c7ocuk Anaokulu ile birlikte ger\u00e7ekle\u015ftirece\u011fimiz kukla boyama ve kitap hediye etkinli\u011fi, \u00e7ocuklar\u0131m\u0131z\u0131n hayal d\u00fcnyas\u0131na katk\u0131 sunarken, ailelerimizle olan dayan\u0131\u015fmam\u0131z\u0131 da g\u00fc\u00e7lendirecek. T\u00fcm hem\u015fehrilerimizi \u00e7ocuklar\u0131yla birlikte bu anlaml\u0131 etkinli\u011fe kat\u0131lmaya davet ediyoruz. \u00c7AY-DER olarak sosyal sorumluluk bilinciyle, birlik ve beraberli\u011fimizi peki\u015ftiren \u00e7al\u0131\u015fmalar\u0131m\u0131za bundan sonra da kararl\u0131l\u0131kla devam edece\u011fiz.\u201d A\u00e7\u0131klamas\u0131n\u0131 yapt\u0131.\u00a0<\/p>\n<figure><img decoding=\"async\" src=\"https:\/\/caykaragundem.com\/resimler\/2026-1\/13\/102581499679055.webp\"><\/figure>\n<figure><\/figure>\n<p>          <\/div>\n","protected":false},"excerpt":{"rendered":"<p>Trabzon\u2019da faaliyet g\u00f6steren \u00c7aykara\u2013Dernekpazar\u0131 K\u00fclt\u00fcr ve Dayan\u0131\u015fma Derne\u011fi (\u00c7AY-DER), sosyal ve k\u00fclt\u00fcrel etkinliklerine h\u0131z kesmeden devam ediyor. Son d\u00f6nemde ger\u00e7ekle\u015ftirdi\u011fi dayan\u0131\u015fma ve k\u00fclt\u00fcr odakl\u0131 \u00e7al\u0131\u015fmalarla dikkat \u00e7eken dernek, bu kez minik hem\u015fehrileri i\u00e7in \u00f6zel bir etkinlik d\u00fczenliyor. \u00c7AY-DER, ilk kez 4\u20137 ya\u015f grubu \u00e7ocuklara y\u00f6nelik planlad\u0131\u011f\u0131 etkinlik kapsam\u0131nda, \u00e7\u00f6z\u00fcm ortaklar\u0131ndan ve indirim anla\u015fmas\u0131 bulunan \u00c7evik [&hellip;]<\/p>\n","protected":false},"author":1,"featured_media":5468,"comment_status":"open","ping_status":"open","sticky":false,"template":"","format":"standard","meta":{"tdm_status":"","tdm_grid_status":"","footnotes":""},"categories":[40],"tags":[],"class_list":{"0":"post-5467","1":"post","2":"type-post","3":"status-publish","4":"format-standard","5":"has-post-thumbnail","7":"category-caykara"},"_links":{"self":[{"href":"https:\/\/zeleka.com\/index.php?rest_route=\/wp\/v2\/posts\/5467","targetHints":{"allow":["GET"]}}],"collection":[{"href":"https:\/\/zeleka.com\/index.php?rest_route=\/wp\/v2\/posts"}],"about":[{"href":"https:\/\/zeleka.com\/index.php?rest_route=\/wp\/v2\/types\/post"}],"author":[{"embeddable":true,"href":"https:\/\/zeleka.com\/index.php?rest_route=\/wp\/v2\/users\/1"}],"replies":[{"embeddable":true,"href":"https:\/\/zeleka.com\/index.php?rest_route=%2Fwp%2Fv2%2Fcomments&post=5467"}],"version-history":[{"count":0,"href":"https:\/\/zeleka.com\/index.php?rest_route=\/wp\/v2\/posts\/5467\/revisions"}],"wp:featuredmedia":[{"embeddable":true,"href":"https:\/\/zeleka.com\/index.php?rest_route=\/wp\/v2\/media\/5468"}],"wp:attachment":[{"href":"https:\/\/zeleka.com\/index.php?rest_route=%2Fwp%2Fv2%2Fmedia&parent=5467"}],"wp:term":[{"taxonomy":"category","embeddable":true,"href":"https:\/\/zeleka.com\/index.php?rest_route=%2Fwp%2Fv2%2Fcategories&post=5467"},{"taxonomy":"post_tag","embeddable":true,"href":"https:\/\/zeleka.com\/index.php?rest_route=%2Fwp%2Fv2%2Ftags&post=5467"}],"curies":[{"name":"wp","href":"https:\/\/api.w.org\/{rel}","templated":true}]}}