{"id":5465,"date":"2026-01-14T15:29:06","date_gmt":"2026-01-14T12:29:06","guid":{"rendered":"https:\/\/zeleka.com\/?p=5465"},"modified":"2026-01-14T15:29:06","modified_gmt":"2026-01-14T12:29:06","slug":"karadeniz-ve-ulke-turizminin-en-onemli-merkezlerinden-uzungolde-sarikamis-sehitlerini-anma-etkinligi-gerceklestirildi-12-ocak-2026-tarihinde-gerceklestirilen-etkin","status":"publish","type":"post","link":"https:\/\/zeleka.com\/?p=5465","title":{"rendered":"<div id=\"detaymetin\">                            <p>Karadeniz ve \u00dclke Turizminin en \u00f6nemli Merkezlerinden Uzung\u00f6l\u2019de Sar\u0131kam\u0131\u015f \u015eehitlerini Anma Etkinli\u011fi ger\u00e7ekle\u015ftirildi.<\/p><p>12 Ocak 2026 Tarihinde ger\u00e7ekle\u015ftirilen etkinli\u011fe \u00c7aykara Kaymakam\u0131 Ali Sapma"},"content":{"rendered":"<div id=\"detaymetin\">\n<p>Karadeniz ve \u00dclke Turizminin en \u00f6nemli Merkezlerinden Uzung\u00f6l\u2019de Sar\u0131kam\u0131\u015f \u015eehitlerini Anma Etkinli\u011fi ger\u00e7ekle\u015ftirildi.<\/p>\n<p>12 Ocak 2026 Tarihinde ger\u00e7ekle\u015ftirilen etkinli\u011fe \u00c7aykara Kaymakam\u0131 Ali Sapmaz,\u00c7aykara \u0130l\u00e7e Jandarma Komutan\u0131 \u00dcste\u011fmen Emre Can Narin,\u00c7aykara \u0130l\u00e7e Emniyet Amiri Komiser Alparslan Albayrak,Uzung\u00f6l Muhtar\u0131 Selman Dilek,Uzung\u00f6l Turizmciler Derne\u011fi Ba\u015fkan\u0131 Mehmet Kele\u015f,Uzung\u00f6l \u015eehit Mehmet Ayg\u00fcn E\u011fitim Kurumlar\u0131 M\u00fcd\u00fcr\u00fc \u0130dris Hac\u0131mahmuto\u011flu \u00f6\u011fretmen ve \u00f6\u011frenciler kat\u0131l\u0131m sa\u011flad\u0131lar.<\/p>\n<figure><img decoding=\"async\" src=\"https:\/\/caykaragundem.com\/resimler\/2026-1\/13\/4783586688035.webp\"><\/figure>\n<p>Ger\u00e7ekle\u015ftirilen etkinlik kapsam\u0131nda \u00d6\u011frenciler taraf\u0131ndan \u00e7e\u015fitli afi\u015f ve bro\u015f\u00fcrler haz\u0131rlanarak Sar\u0131kam\u0131\u015f \u015eehitleri ile ilgili olarak fark\u0131ndal\u0131k olu\u015fturuldu.<\/p>\n<p>Ger\u00e7ekle\u015ftirilen program kapsam\u0131nda y\u00fcr\u00fcy\u00fc\u015f etkinli\u011finin yan\u0131 s\u0131ra \u00f6\u011frenciler taraf\u0131ndan Sar\u0131kam\u0131\u015f \u015eehitleri \u00a0ile ilgili \u015fiir ve konu\u015fmalar ger\u00e7ekle\u015ftirilirken \u00c7aykara Kaymakam\u0131 Ali Sapmaz taraf\u0131ndan ise Sar\u0131kam\u0131\u015f \u015eehitlerini Anma G\u00fcn\u00fc dolay\u0131s\u0131 ile \u00f6\u011frencilere y\u00f6nelik bir konu\u015fma ger\u00e7ekle\u015ftirildi.<\/p>\n<figure><img decoding=\"async\" src=\"https:\/\/caykaragundem.com\/resimler\/2026-1\/13\/645211732426756.webp\"><\/figure>\n<p>Uzung\u00f6l\u2019l\u00fc Gen\u00e7 Turizm \u0130\u015fletmecisi ve \u015eair Mehmet \u0130nan taraf\u0131ndan kaleme al\u0131nan ve Uzung\u00f6l\u2019den 1.D\u00fcnya Sava\u015f\u0131na kat\u0131lan ve Sar\u0131kam\u0131\u015f\u2019ta \u015fehit olan Hamit \u0130nan\u2019\u0131n hikayesinin yer ald\u0131\u011f\u0131 \u015fiir programda be\u011fenilerek dinlendi.<\/p>\n<p>          <\/div>\n","protected":false},"excerpt":{"rendered":"<p>Karadeniz ve \u00dclke Turizminin en \u00f6nemli Merkezlerinden Uzung\u00f6l\u2019de Sar\u0131kam\u0131\u015f \u015eehitlerini Anma Etkinli\u011fi ger\u00e7ekle\u015ftirildi. 12 Ocak 2026 Tarihinde ger\u00e7ekle\u015ftirilen etkinli\u011fe \u00c7aykara Kaymakam\u0131 Ali Sapmaz,\u00c7aykara \u0130l\u00e7e Jandarma Komutan\u0131 \u00dcste\u011fmen Emre Can Narin,\u00c7aykara \u0130l\u00e7e Emniyet Amiri Komiser Alparslan Albayrak,Uzung\u00f6l Muhtar\u0131 Selman Dilek,Uzung\u00f6l Turizmciler Derne\u011fi Ba\u015fkan\u0131 Mehmet Kele\u015f,Uzung\u00f6l \u015eehit Mehmet Ayg\u00fcn E\u011fitim Kurumlar\u0131 M\u00fcd\u00fcr\u00fc \u0130dris Hac\u0131mahmuto\u011flu \u00f6\u011fretmen ve \u00f6\u011frenciler [&hellip;]<\/p>\n","protected":false},"author":1,"featured_media":5466,"comment_status":"open","ping_status":"open","sticky":false,"template":"","format":"standard","meta":{"tdm_status":"","tdm_grid_status":"","footnotes":""},"categories":[40],"tags":[],"class_list":{"0":"post-5465","1":"post","2":"type-post","3":"status-publish","4":"format-standard","5":"has-post-thumbnail","7":"category-caykara"},"_links":{"self":[{"href":"https:\/\/zeleka.com\/index.php?rest_route=\/wp\/v2\/posts\/5465","targetHints":{"allow":["GET"]}}],"collection":[{"href":"https:\/\/zeleka.com\/index.php?rest_route=\/wp\/v2\/posts"}],"about":[{"href":"https:\/\/zeleka.com\/index.php?rest_route=\/wp\/v2\/types\/post"}],"author":[{"embeddable":true,"href":"https:\/\/zeleka.com\/index.php?rest_route=\/wp\/v2\/users\/1"}],"replies":[{"embeddable":true,"href":"https:\/\/zeleka.com\/index.php?rest_route=%2Fwp%2Fv2%2Fcomments&post=5465"}],"version-history":[{"count":0,"href":"https:\/\/zeleka.com\/index.php?rest_route=\/wp\/v2\/posts\/5465\/revisions"}],"wp:featuredmedia":[{"embeddable":true,"href":"https:\/\/zeleka.com\/index.php?rest_route=\/wp\/v2\/media\/5466"}],"wp:attachment":[{"href":"https:\/\/zeleka.com\/index.php?rest_route=%2Fwp%2Fv2%2Fmedia&parent=5465"}],"wp:term":[{"taxonomy":"category","embeddable":true,"href":"https:\/\/zeleka.com\/index.php?rest_route=%2Fwp%2Fv2%2Fcategories&post=5465"},{"taxonomy":"post_tag","embeddable":true,"href":"https:\/\/zeleka.com\/index.php?rest_route=%2Fwp%2Fv2%2Ftags&post=5465"}],"curies":[{"name":"wp","href":"https:\/\/api.w.org\/{rel}","templated":true}]}}