{"id":5463,"date":"2026-01-14T15:29:07","date_gmt":"2026-01-14T12:29:07","guid":{"rendered":"https:\/\/zeleka.com\/?p=5463"},"modified":"2026-01-14T15:29:07","modified_gmt":"2026-01-14T12:29:07","slug":"uzungol-kis-festivali-icin-hazirliklar-tam-gaz-ulasim-ve-guvenlik-masaya-yatirildi-trabzonun-dunyaca-unlu-turizm-merkezi-uzungolde-gerceklestirilec","status":"publish","type":"post","link":"https:\/\/zeleka.com\/?p=5463","title":{"rendered":"<div id=\"detaymetin\">                            <p>Uzung\u00f6l K\u0131\u015f Festivali \u0130\u00e7in Haz\u0131rl\u0131klar Tam Gaz: Ula\u015f\u0131m ve G\u00fcvenlik Masaya Yat\u0131r\u0131ld\u0131<\/p><p>\u00a0 Trabzon\u2019un d\u00fcnyaca \u00fcnl\u00fc turizm merkezi Uzung\u00f6l\u2019de ger\u00e7ekle\u015ftirilecek olan geleneksel K\u0131\u015f Festivali i\u00e7in geri sa"},"content":{"rendered":"<div id=\"detaymetin\">\n<p>Uzung\u00f6l K\u0131\u015f Festivali \u0130\u00e7in Haz\u0131rl\u0131klar Tam Gaz: Ula\u015f\u0131m ve G\u00fcvenlik Masaya Yat\u0131r\u0131ld\u0131<\/p>\n<p>\u00a0 Trabzon\u2019un d\u00fcnyaca \u00fcnl\u00fc turizm merkezi Uzung\u00f6l\u2019de ger\u00e7ekle\u015ftirilecek olan geleneksel K\u0131\u015f Festivali i\u00e7in geri say\u0131m ba\u015flad\u0131. \u00c7aykara Kaymakam\u0131 Ali Sapmaz ba\u015fkanl\u0131\u011f\u0131nda toplanan festival komitesi, organizasyonun sorunsuz ilerlemesi i\u00e7in kritik kararlar ald\u0131.<\/p>\n<figure><img decoding=\"async\" src=\"https:\/\/caykaragundem.com\/resimler\/2026-1\/14\/562441199565498.webp\"><\/figure>\n<p>Ula\u015f\u0131mda &#8220;Ring&#8221; Kolayl\u0131\u011f\u0131 ve \u00dccretsiz Otopark<\/p>\n<p>\u00a0Kaymakaml\u0131k binas\u0131 toplant\u0131 salonunda ger\u00e7ekle\u015ftirilen g\u00f6r\u00fc\u015fmelerin ana g\u00fcndem maddesi, festival s\u00fcresince ya\u015fanabilecek trafik yo\u011funlu\u011fu oldu. Kat\u0131l\u0131mc\u0131lar\u0131n ma\u011fduriyet ya\u015famamas\u0131 ad\u0131na \u015fu kararlar \u00f6ne \u00e7\u0131kt\u0131:<\/p>\n<p>\u00a0\u00dccretsiz Otopark: Misafirlerin ara\u00e7lar\u0131n\u0131 rahat\u00e7a park edebilmeleri i\u00e7in belirlenen alanlar \u00fccretsiz olarak hizmete a\u00e7\u0131lacak.<\/p>\n<figure><img decoding=\"async\" src=\"https:\/\/caykaragundem.com\/resimler\/2026-1\/14\/241782121505326.webp\"><\/figure>\n<p>\u00a0Ring Sistemi: Trafik y\u00fck\u00fcn\u00fc azaltmak amac\u0131yla otoparklar ile festival alan\u0131 aras\u0131nda d\u00fczenli ring seferleri d\u00fczenlenecek.<\/p>\n<p>G\u00fcvenlik ve Konaklama En \u00dcst Seviyede<\/p>\n<p>Toplant\u0131da sadece ula\u015f\u0131m de\u011fil, ziyaret\u00e7ilerin huzuru ve konforu da ele al\u0131nd\u0131. Komite, festival boyunca al\u0131nacak g\u00fcvenlik \u00f6nlemlerini detayland\u0131r\u0131rken, k\u0131\u015f \u015fartlar\u0131nda konaklama kapasitesinin verimli kullan\u0131m\u0131 ve misafir a\u011f\u0131rlama standartlar\u0131 \u00fczerinde durdu.<\/p>\n<figure><img decoding=\"async\" src=\"https:\/\/caykaragundem.com\/resimler\/2026-1\/14\/51841315117544.webp\"><\/figure>\n<p>\u00a0&#8220;Amac\u0131m\u0131z Sorunsuz Bir Organizasyon&#8221;<\/p>\n<p>\u00a0Toplant\u0131ya ba\u015fkanl\u0131k eden \u00c7aykara Kaymakam\u0131 Ali Sapmaz, Uzung\u00f6l\u2019\u00fcn k\u0131\u015f turizmindeki potansiyeline dikkat \u00e7ekerek, t\u00fcm kurumlar\u0131n koordineli bir \u015fekilde \u00e7al\u0131\u015ft\u0131\u011f\u0131n\u0131 ve misafirleri en iyi \u015fekilde a\u011f\u0131rlamaya haz\u0131rland\u0131klar\u0131n\u0131 belirtti.<\/p>\n<p>          <\/div>\n","protected":false},"excerpt":{"rendered":"<p>Uzung\u00f6l K\u0131\u015f Festivali \u0130\u00e7in Haz\u0131rl\u0131klar Tam Gaz: Ula\u015f\u0131m ve G\u00fcvenlik Masaya Yat\u0131r\u0131ld\u0131 \u00a0 Trabzon\u2019un d\u00fcnyaca \u00fcnl\u00fc turizm merkezi Uzung\u00f6l\u2019de ger\u00e7ekle\u015ftirilecek olan geleneksel K\u0131\u015f Festivali i\u00e7in geri say\u0131m ba\u015flad\u0131. \u00c7aykara Kaymakam\u0131 Ali Sapmaz ba\u015fkanl\u0131\u011f\u0131nda toplanan festival komitesi, organizasyonun sorunsuz ilerlemesi i\u00e7in kritik kararlar ald\u0131. Ula\u015f\u0131mda &#8220;Ring&#8221; Kolayl\u0131\u011f\u0131 ve \u00dccretsiz Otopark \u00a0Kaymakaml\u0131k binas\u0131 toplant\u0131 salonunda ger\u00e7ekle\u015ftirilen g\u00f6r\u00fc\u015fmelerin [&hellip;]<\/p>\n","protected":false},"author":1,"featured_media":5464,"comment_status":"open","ping_status":"open","sticky":false,"template":"","format":"standard","meta":{"tdm_status":"","tdm_grid_status":"","footnotes":""},"categories":[40],"tags":[],"class_list":{"0":"post-5463","1":"post","2":"type-post","3":"status-publish","4":"format-standard","5":"has-post-thumbnail","7":"category-caykara"},"_links":{"self":[{"href":"https:\/\/zeleka.com\/index.php?rest_route=\/wp\/v2\/posts\/5463","targetHints":{"allow":["GET"]}}],"collection":[{"href":"https:\/\/zeleka.com\/index.php?rest_route=\/wp\/v2\/posts"}],"about":[{"href":"https:\/\/zeleka.com\/index.php?rest_route=\/wp\/v2\/types\/post"}],"author":[{"embeddable":true,"href":"https:\/\/zeleka.com\/index.php?rest_route=\/wp\/v2\/users\/1"}],"replies":[{"embeddable":true,"href":"https:\/\/zeleka.com\/index.php?rest_route=%2Fwp%2Fv2%2Fcomments&post=5463"}],"version-history":[{"count":0,"href":"https:\/\/zeleka.com\/index.php?rest_route=\/wp\/v2\/posts\/5463\/revisions"}],"wp:featuredmedia":[{"embeddable":true,"href":"https:\/\/zeleka.com\/index.php?rest_route=\/wp\/v2\/media\/5464"}],"wp:attachment":[{"href":"https:\/\/zeleka.com\/index.php?rest_route=%2Fwp%2Fv2%2Fmedia&parent=5463"}],"wp:term":[{"taxonomy":"category","embeddable":true,"href":"https:\/\/zeleka.com\/index.php?rest_route=%2Fwp%2Fv2%2Fcategories&post=5463"},{"taxonomy":"post_tag","embeddable":true,"href":"https:\/\/zeleka.com\/index.php?rest_route=%2Fwp%2Fv2%2Ftags&post=5463"}],"curies":[{"name":"wp","href":"https:\/\/api.w.org\/{rel}","templated":true}]}}