{"id":5461,"date":"2026-01-13T15:29:11","date_gmt":"2026-01-13T12:29:11","guid":{"rendered":"https:\/\/zeleka.com\/?p=5461"},"modified":"2026-01-13T15:29:11","modified_gmt":"2026-01-13T12:29:11","slug":"istanbul-anadolu-yakasi-uzungol-ve-cevre-koyleri-egitim-kultur-dayanisma-dernegi-tarafindan-duzenlenen-program-dun-aksam-yogun-katilimla-gerceklestirildi-etkinlik-oncesind","status":"publish","type":"post","link":"https:\/\/zeleka.com\/?p=5461","title":{"rendered":"<div id=\"detaymetin\">                            <p>\u0130stanbul Anadolu Yakas\u0131 Uzung\u00f6l ve \u00c7evre K\u00f6yleri E\u011fitim K\u00fclt\u00fcr Dayan\u0131\u015fma Derne\u011fi taraf\u0131ndan d\u00fczenlenen program, d\u00fcn ak\u015fam yo\u011fun kat\u0131l\u0131mla ger\u00e7ekle\u015ftirildi.<\/p><p>Etkinlik \u00f6ncesinde geleneksel lezzetlerin"},"content":{"rendered":"<div id=\"detaymetin\">\n<p>\u0130stanbul Anadolu Yakas\u0131 Uzung\u00f6l ve \u00c7evre K\u00f6yleri E\u011fitim K\u00fclt\u00fcr Dayan\u0131\u015fma Derne\u011fi taraf\u0131ndan d\u00fczenlenen program, d\u00fcn ak\u015fam yo\u011fun kat\u0131l\u0131mla ger\u00e7ekle\u015ftirildi.<\/p>\n<p>Etkinlik \u00f6ncesinde geleneksel lezzetlerin yer ald\u0131\u011f\u0131 hamsili yemek organizasyonu d\u00fczenlendi. Program, Dernek Ba\u015fkan\u0131 Cevdet \u015eahin\u2019in a\u00e7\u0131l\u0131\u015f konu\u015fmas\u0131yla ba\u015flad\u0131. \u015eahin konu\u015fmas\u0131nda, uzaktan ve yak\u0131ndan programa kat\u0131lan t\u00fcm misafirlere te\u015fekk\u00fcr ederek bu t\u00fcr etkinliklerin birlik, beraberlik, dayan\u0131\u015fma ve kayna\u015fma a\u00e7\u0131s\u0131ndan b\u00fcy\u00fck \u00f6nem ta\u015f\u0131d\u0131\u011f\u0131n\u0131 vurgulad\u0131.<\/p>\n<p>Derne\u011fin Onursal Ba\u015fkan\u0131, i\u015f insan\u0131 Muzaffer Karatay da kat\u0131l\u0131mc\u0131lara te\u015fekk\u00fcr ederek s\u00f6z alan misafirlerin g\u00f6r\u00fc\u015f ve d\u00fc\u015f\u00fcncelerini dinledi. Karatay, bu t\u00fcr bulu\u015fmalar\u0131n k\u00fclt\u00fcrel ba\u011flar\u0131 g\u00fc\u00e7lendirdi\u011fini ifade etti.<\/p>\n<p>Program\u0131n en dikkat \u00e7eken b\u00f6l\u00fcmlerinden biri ise Kalandar g\u00f6sterisi oldu. Dernek Ba\u015fkan Yard\u0131mc\u0131s\u0131 \u0130rfan \u00d6zt\u00fcrk ile Gen\u00e7lik Kollar\u0131 \u00fcyelerinden olu\u015fan Kalandar G\u00f6steri Ekibi, geleneksel unsurlar\u0131n i\u015flendi\u011fi tiyatro g\u00f6sterisini sahneledi. \u00d6zel k\u0131yafetleriyle ge\u00e7mi\u015ften g\u00fcn\u00fcm\u00fcze Kalandar k\u00fclt\u00fcr\u00fcn\u00fc yans\u0131tan ekip, izleyenlere keyifli anlar ya\u015fat\u0131rken salonda renkli g\u00f6r\u00fcnt\u00fcler olu\u015ftu.<\/p>\n<p>Gecede m\u00fczikli anlar da ya\u015fand\u0131. \u0130smail Aslan, saz\u0131 e\u015fli\u011finde seslendirdi\u011fi y\u00f6resel t\u00fcrk\u00fclerle programa ayr\u0131 bir renk katt\u0131. T\u00fcrk\u00fclerin ard\u0131ndan horon halkalar\u0131 kuruldu ve kat\u0131l\u0131mc\u0131lar Kalandar co\u015fkusunu hep birlikte ya\u015fad\u0131.<\/p>\n<p>Programa sivil toplum, spor, siyaset, akademi ve i\u015f d\u00fcnyas\u0131ndan \u00e7ok say\u0131da isim kat\u0131ld\u0131. Kat\u0131l\u0131mc\u0131lar aras\u0131nda \u015fu isimler yer ald\u0131:<br \/>\u2022 Anadolu Yakas\u0131 Uzung\u00f6l ve \u00c7evre K\u00f6yleri E\u011fitim K\u00fclt\u00fcr Dayan\u0131\u015fma Dernek Ba\u015fkan\u0131 Cevdet \u015eahin, Y\u00f6netimden, \u0130rfan \u00d6zt\u00fcrk, Fuat Ayg\u00fcn, Mustafa \u015fahin,<br \/>Murat Genel ve \u00d6mer Sekmen.<\/p>\n<p>\u2022 Pendik Trabzonlular Derne\u011fi Ba\u015fkan\u0131 Kemal Ayg\u00fcn<\/p>\n<p>\u2022 Bursa Uzung\u00f6l Derne\u011fi Ba\u015fkan\u0131 O\u011fuzhan Sezgin, Ba\u015fkan Yard\u0131mc\u0131s\u0131 Mustafa \u00c7elik, Bilgi \u0130\u015flem ve Medya Sorumlusu Hakan Sezgin ve Y\u00f6netim Kurulu \u00dcyesi Yusuf Onat<br \/>\u2022 Uzung\u00f6l \u00c7evre Koruma K\u00fclt\u00fcr ve Turizm Derne\u011fi Ba\u015fkan\u0131 Abdullah \u00d6zen<br \/>\u2022 \u00c7aykaraspor Kul\u00fcp Ba\u015fkan\u0131 Mustafa Ko\u00e7in<br \/>\u2022 Trabzon Dernekleri Federasyonu y\u00f6netiminden ve Trabzon \u00c7aykaral\u0131lar Derne\u011fi Ba\u015fkan Yard\u0131mc\u0131s\u0131 Fahri G\u00fcnl\u00fc ve Mustafa Kocaman<br \/>\u2022 Pendik Trabzonlular Derne\u011fi Y\u00f6netim Kurulu \u00dcyesi Fatih Kaya<br \/>\u2022 Kartal Belediyesi Meclis \u00dcyesi Adem Y\u0131ld\u0131z<br \/>\u2022 Y\u00f6re kaval ustas\u0131 Kerim Ayd\u0131n<br \/>\u2022 \u0130lim insan\u0131 ve yazar Yakup \u00d6zt\u00fcrk<br \/>\u2022 \u0130\u015f insanlar\u0131 Sebahattin \u0130nan ve Zeki Kan\u0131k<\/p>\n<p>Kalandar gelene\u011finin ya\u015fat\u0131ld\u0131\u011f\u0131 program, toplu hat\u0131ra foto\u011fraf\u0131 \u00e7ekimiyle sona erdi. Kat\u0131l\u0131mc\u0131lar, bu t\u00fcr etkinliklerin k\u00fclt\u00fcrel de\u011ferlerin ya\u015fat\u0131lmas\u0131 ve gelecek ku\u015faklara aktar\u0131lmas\u0131 a\u00e7\u0131s\u0131ndan b\u00fcy\u00fck \u00f6nem ta\u015f\u0131d\u0131\u011f\u0131n\u0131 ifade etti.<\/p>\n<p>          <\/div>\n","protected":false},"excerpt":{"rendered":"<p>\u0130stanbul Anadolu Yakas\u0131 Uzung\u00f6l ve \u00c7evre K\u00f6yleri E\u011fitim K\u00fclt\u00fcr Dayan\u0131\u015fma Derne\u011fi taraf\u0131ndan d\u00fczenlenen program, d\u00fcn ak\u015fam yo\u011fun kat\u0131l\u0131mla ger\u00e7ekle\u015ftirildi. Etkinlik \u00f6ncesinde geleneksel lezzetlerin yer ald\u0131\u011f\u0131 hamsili yemek organizasyonu d\u00fczenlendi. Program, Dernek Ba\u015fkan\u0131 Cevdet \u015eahin\u2019in a\u00e7\u0131l\u0131\u015f konu\u015fmas\u0131yla ba\u015flad\u0131. \u015eahin konu\u015fmas\u0131nda, uzaktan ve yak\u0131ndan programa kat\u0131lan t\u00fcm misafirlere te\u015fekk\u00fcr ederek bu t\u00fcr etkinliklerin birlik, beraberlik, dayan\u0131\u015fma ve [&hellip;]<\/p>\n","protected":false},"author":1,"featured_media":5462,"comment_status":"open","ping_status":"open","sticky":false,"template":"","format":"standard","meta":{"tdm_status":"","tdm_grid_status":"","footnotes":""},"categories":[40],"tags":[],"class_list":{"0":"post-5461","1":"post","2":"type-post","3":"status-publish","4":"format-standard","5":"has-post-thumbnail","7":"category-caykara"},"_links":{"self":[{"href":"https:\/\/zeleka.com\/index.php?rest_route=\/wp\/v2\/posts\/5461","targetHints":{"allow":["GET"]}}],"collection":[{"href":"https:\/\/zeleka.com\/index.php?rest_route=\/wp\/v2\/posts"}],"about":[{"href":"https:\/\/zeleka.com\/index.php?rest_route=\/wp\/v2\/types\/post"}],"author":[{"embeddable":true,"href":"https:\/\/zeleka.com\/index.php?rest_route=\/wp\/v2\/users\/1"}],"replies":[{"embeddable":true,"href":"https:\/\/zeleka.com\/index.php?rest_route=%2Fwp%2Fv2%2Fcomments&post=5461"}],"version-history":[{"count":0,"href":"https:\/\/zeleka.com\/index.php?rest_route=\/wp\/v2\/posts\/5461\/revisions"}],"wp:featuredmedia":[{"embeddable":true,"href":"https:\/\/zeleka.com\/index.php?rest_route=\/wp\/v2\/media\/5462"}],"wp:attachment":[{"href":"https:\/\/zeleka.com\/index.php?rest_route=%2Fwp%2Fv2%2Fmedia&parent=5461"}],"wp:term":[{"taxonomy":"category","embeddable":true,"href":"https:\/\/zeleka.com\/index.php?rest_route=%2Fwp%2Fv2%2Fcategories&post=5461"},{"taxonomy":"post_tag","embeddable":true,"href":"https:\/\/zeleka.com\/index.php?rest_route=%2Fwp%2Fv2%2Ftags&post=5461"}],"curies":[{"name":"wp","href":"https:\/\/api.w.org\/{rel}","templated":true}]}}