{"id":5459,"date":"2026-01-13T15:29:12","date_gmt":"2026-01-13T12:29:12","guid":{"rendered":"https:\/\/zeleka.com\/?p=5459"},"modified":"2026-01-13T15:29:12","modified_gmt":"2026-01-13T12:29:12","slug":"fahri-duzenli-2","status":"publish","type":"post","link":"https:\/\/zeleka.com\/?p=5459","title":{"rendered":"<div id=\"detaymetin\">                            <p>Fahri D\u00fczenli\u00a0 \u00a0 \u00a0 \u00a0 \u00a0 \u00a0 \u00a0 \u00a0 \u00a0 \u00a0 \u00a0 \u00a0 \u00a0 \u00a0 \u00a0 \u00a0 \u00a0 \u00a0 \u00a0 \u00a0 \u00a0 \u00a0 \u00a0 \u00a0 \u00a0 \u00a0 \u00a0 \u00a0 \u00a0 \u00a0 \u00a0 FATMA (AL) ER EMANET\u0130 HAKKA TESL\u0130M ETT\u0130.<\/p><p>\u00a0 \u00a0 \u00a0 Dernekpazar\u0131 \u0130l\u00e7esi G\u00fcney Mahallesinden Merhum Mustafa Al \u0131n K\u0131z\u0131, Merhum Y"},"content":{"rendered":"<div id=\"detaymetin\">\n<p>Fahri D\u00fczenli\u00a0 \u00a0 \u00a0 \u00a0 \u00a0 \u00a0 \u00a0 \u00a0 \u00a0 \u00a0 \u00a0 \u00a0 \u00a0 \u00a0 \u00a0 \u00a0 \u00a0 \u00a0 \u00a0 \u00a0 \u00a0 \u00a0 \u00a0 \u00a0 \u00a0 \u00a0 \u00a0 \u00a0 \u00a0 \u00a0 \u00a0 FATMA (AL) ER EMANET\u0130 HAKKA TESL\u0130M ETT\u0130.<\/p>\n<p>\u00a0 \u00a0 \u00a0 Dernekpazar\u0131 \u0130l\u00e7esi G\u00fcney Mahallesinden Merhum Mustafa Al \u0131n K\u0131z\u0131, Merhum Ya\u015far Er in e\u015fi, Fatma (AL) Er, amans\u0131z hastal\u0131\u011fa yenik d\u00fc\u015ferek vefat etti.<\/p>\n<figure><img decoding=\"async\" src=\"https:\/\/caykaragundem.com\/resimler\/2026-1\/13\/466566036007.webp\"><\/figure>\n<p>\u00a0 \u00a0 \u00a0 O\u011flu, \u0130limiz Deniz Kuvvetleri Komutan\u0131 ,Albay \u0130brahim Hakk\u0131 ER in ac\u0131s\u0131n\u0131 payla\u015fmak \u00fczere \u0130l\u00e7emiz Dernekpazar\u0131n\u2019a\u00a0 gelen\u00a0 Vali, Trabzon Deniz Komutanl\u0131\u011f\u0131 ve Sahil G\u00fcvenlik Do\u011fu Karadeniz Grup Komutanl\u0131\u011f\u0131 Personeli, \u0130l M\u00fcft\u00fcs\u00fc, Kamu Kurumlar\u0131 temsilcileri, \u0130l d\u0131\u015f\u0131ndan ve \u00e7evre il\u00e7elerden i\u015ftirak eden yo\u011fun cemaatle 12.01.2026\u00a0 g\u00fcn\u00fc \u00f6\u011flen namaz\u0131 sonras\u0131 Merkez Camii arkas\u0131nda, \u0130l M\u00fcft\u00fcs\u00fc taraf\u0131ndan k\u0131ld\u0131r\u0131lan\u00a0 cenaze namaz\u0131 akabinde, G\u00fcney Mahallesindeki aile kabristan\u0131na defnedildi. Merhumeye Allah dan rahmet ailesine de sab\u0131r dilerim.<\/p>\n<figure><img decoding=\"async\" src=\"https:\/\/caykaragundem.com\/resimler\/2026-1\/13\/616751060902521.webp\"><\/figure>\n<p>O\u011fullar\u0131<\/p>\n<p>\u00a0 \u00a0 \u00a0 \u00a0 \u00a0H\u00fcseyin ER<\/p>\n<p>\u00a0 \u00a0 \u00a0 \u00a0 \u0130brahim Hakk\u0131\u00a0 \u00a0ER (Trabzon Deniz Kuvvetleri Komutan\u0131)<\/p>\n<p>\u00a0 \u00a0 \u00a0 \u00a0 Karde\u015fi :\u00a0 \u00a0Metin AL<\/p>\n<p>          <\/div>\n","protected":false},"excerpt":{"rendered":"<p>Fahri D\u00fczenli\u00a0 \u00a0 \u00a0 \u00a0 \u00a0 \u00a0 \u00a0 \u00a0 \u00a0 \u00a0 \u00a0 \u00a0 \u00a0 \u00a0 \u00a0 \u00a0 \u00a0 \u00a0 \u00a0 \u00a0 \u00a0 \u00a0 \u00a0 \u00a0 \u00a0 \u00a0 \u00a0 \u00a0 \u00a0 \u00a0 \u00a0 FATMA (AL) ER EMANET\u0130 HAKKA TESL\u0130M ETT\u0130. \u00a0 \u00a0 \u00a0 Dernekpazar\u0131 \u0130l\u00e7esi G\u00fcney Mahallesinden Merhum Mustafa Al \u0131n K\u0131z\u0131, Merhum Ya\u015far Er in [&hellip;]<\/p>\n","protected":false},"author":1,"featured_media":5460,"comment_status":"open","ping_status":"open","sticky":false,"template":"","format":"standard","meta":{"tdm_status":"","tdm_grid_status":"","footnotes":""},"categories":[40],"tags":[],"class_list":{"0":"post-5459","1":"post","2":"type-post","3":"status-publish","4":"format-standard","5":"has-post-thumbnail","7":"category-caykara"},"_links":{"self":[{"href":"https:\/\/zeleka.com\/index.php?rest_route=\/wp\/v2\/posts\/5459","targetHints":{"allow":["GET"]}}],"collection":[{"href":"https:\/\/zeleka.com\/index.php?rest_route=\/wp\/v2\/posts"}],"about":[{"href":"https:\/\/zeleka.com\/index.php?rest_route=\/wp\/v2\/types\/post"}],"author":[{"embeddable":true,"href":"https:\/\/zeleka.com\/index.php?rest_route=\/wp\/v2\/users\/1"}],"replies":[{"embeddable":true,"href":"https:\/\/zeleka.com\/index.php?rest_route=%2Fwp%2Fv2%2Fcomments&post=5459"}],"version-history":[{"count":0,"href":"https:\/\/zeleka.com\/index.php?rest_route=\/wp\/v2\/posts\/5459\/revisions"}],"wp:featuredmedia":[{"embeddable":true,"href":"https:\/\/zeleka.com\/index.php?rest_route=\/wp\/v2\/media\/5460"}],"wp:attachment":[{"href":"https:\/\/zeleka.com\/index.php?rest_route=%2Fwp%2Fv2%2Fmedia&parent=5459"}],"wp:term":[{"taxonomy":"category","embeddable":true,"href":"https:\/\/zeleka.com\/index.php?rest_route=%2Fwp%2Fv2%2Fcategories&post=5459"},{"taxonomy":"post_tag","embeddable":true,"href":"https:\/\/zeleka.com\/index.php?rest_route=%2Fwp%2Fv2%2Ftags&post=5459"}],"curies":[{"name":"wp","href":"https:\/\/api.w.org\/{rel}","templated":true}]}}