{"id":5456,"date":"2026-01-10T14:30:45","date_gmt":"2026-01-10T11:30:45","guid":{"rendered":"https:\/\/zeleka.com\/?p=5456"},"modified":"2026-01-10T14:30:45","modified_gmt":"2026-01-10T11:30:45","slug":"trabzonda-tedavi-gordugu-hastanede-yasam-savasini-kaybeden-azize-unal-uzungolde-son-yolculuguna-ugurlandi-uzungol-merkez-hocali-mahallesi-sakinlerinden-az","status":"publish","type":"post","link":"https:\/\/zeleka.com\/?p=5456","title":{"rendered":"<div id=\"detaymetin\">                            <p>Trabzon\u2019da tedavi g\u00f6rd\u00fc\u011f\u00fc hastanede ya\u015fam sava\u015f\u0131n\u0131 kaybeden Azize \u00dcnal Uzung\u00f6l\u2019de son yolculu\u011funa u\u011furland\u0131.<br>Uzung\u00f6l Merkez Hocal\u0131 Mahallesi sakinlerinden Azize \u00dcnal yakaland\u0131\u011f\u0131 amans\u0131z hastal\u0131\u011fa yeni"},"content":{"rendered":"<div id=\"detaymetin\">\n<p>Trabzon\u2019da tedavi g\u00f6rd\u00fc\u011f\u00fc hastanede ya\u015fam sava\u015f\u0131n\u0131 kaybeden Azize \u00dcnal Uzung\u00f6l\u2019de son yolculu\u011funa u\u011furland\u0131.<br \/>Uzung\u00f6l Merkez Hocal\u0131 Mahallesi sakinlerinden Azize \u00dcnal yakaland\u0131\u011f\u0131 amans\u0131z hastal\u0131\u011fa yenik d\u00fc\u015ferek tedavi g\u00f6rd\u00fc\u011f\u00fc hastanede ya\u015fam sava\u015f\u0131n\u0131 kaybetmi\u015fti<br \/>Uzun zamandan bu yana amans\u0131z hastal\u0131k ile m\u00fccadele eden ve yatalak hasta olarak zaman zaman evinde zaman zaman hastanede tedavi g\u00f6ren Azize \u00dcnal Trabzon\u2019da tedavi g\u00f6rd\u00fc\u011f\u00fc hastanede ya\u015fam sava\u015f\u0131n\u0131 kaybederek Uzung\u00f6l\u2019\u00fc g\u00f6z ya\u015flar\u0131na bo\u011fdu.<\/p>\n<p><img decoding=\"async\" src=\"https:\/\/caykaragundem.com\/resimler\/2026-1\/9\/6790386166801.webp\"><br \/>1960\u2019l\u0131 y\u0131llarda Uzung\u00f6l\u2019den Almanya\u2019ya giden ve o tarihtan bu yana ailesi i\u015fle birlikte Almanya\u2019da ya\u015fayan Mustafa \u00dcnal\u2019\u0131n e\u015fi olan Azize \u00dcnal toplum taraf\u0131ndan \u00e7ok sevilen bir insan olarak tan\u0131n\u0131yordu.<br \/>Merhume Azize \u00dcnal,Mustafa \u00dcnal\u2019\u0131n e\u015fi,Ahmet ve Mehmet \u00dcnal\u2019\u0131n anneleri,\u0130brahim \u00dcnal\u2019\u0131n abisinin han\u0131m\u0131yd\u0131.<\/p>\n<p><img decoding=\"async\" src=\"https:\/\/caykaragundem.com\/resimler\/2026-1\/9\/3973759968894.webp\"><br \/>Merhume Azize \u00dcnal,09 Ocak 2026 Cuma G\u00fcn\u00fc Cuma namaz\u0131na m\u00fcteakip Uzung\u00f6l Merkez Camiinde k\u0131l\u0131nan cenaze namaz\u0131n\u0131n ard\u0131ndan Monoy\u0131r Asri mezarl\u0131\u011f\u0131nda son yolculu\u011funa u\u011furland\u0131.<br \/>Merhume Azize \u00dcnal\u2019\u0131n cenaze namaz\u0131na \u00c7aykara Kaymakam\u0131 Ali Sapmaz,\u00c7aykara Belediye Ba\u015fkan\u0131 Hanefi Tok,\u00c7aykara \u0130l\u00e7e Jandarma Komutan\u0131 \u00dcste\u011fmen Emre Can Narin,\u00c7aykara Gen\u00e7lik ve Spor \u0130l\u00e7e M\u00fcd\u00fcr\u00fc Yusuf Kurt,Uzung\u00f6l Muhtar\u0131 Selman Dilek ve \u00e7ok kalabal\u0131k bir vatanda\u015f toplulu\u011fu kat\u0131l\u0131m sa\u011flad\u0131.<br \/>\u00c7aykara G\u00fcndem Gazetesi olarak Merhume Azize \u00dcnal\u2019a Allah\u2019tan rahmet,kederli ailesine ba\u015f sa\u011fl\u0131\u011f\u0131 dileklerimizi iletiyoruz.<\/p>\n<p><img decoding=\"async\" src=\"https:\/\/caykaragundem.com\/resimler\/2026-1\/9\/632031810722307.webp\"><br \/>\u0130LET\u0130\u015e\u0130M:<br \/>Mustafa \u00dcNAL-E\u015fi-0535 859 97 16<br \/>Ahmet \u00dcNAL-O\u011flu-0538 619 86 69<br \/>Mehmet \u00dcNAL-O\u011flu-0537 336 83 77<br \/>\u0130brahim \u00dcNAL-Kay\u0131n\u0131-0533 698 04 94<\/p>\n<p>          <\/div>\n","protected":false},"excerpt":{"rendered":"<p>Trabzon\u2019da tedavi g\u00f6rd\u00fc\u011f\u00fc hastanede ya\u015fam sava\u015f\u0131n\u0131 kaybeden Azize \u00dcnal Uzung\u00f6l\u2019de son yolculu\u011funa u\u011furland\u0131.Uzung\u00f6l Merkez Hocal\u0131 Mahallesi sakinlerinden Azize \u00dcnal yakaland\u0131\u011f\u0131 amans\u0131z hastal\u0131\u011fa yenik d\u00fc\u015ferek tedavi g\u00f6rd\u00fc\u011f\u00fc hastanede ya\u015fam sava\u015f\u0131n\u0131 kaybetmi\u015ftiUzun zamandan bu yana amans\u0131z hastal\u0131k ile m\u00fccadele eden ve yatalak hasta olarak zaman zaman evinde zaman zaman hastanede tedavi g\u00f6ren Azize \u00dcnal Trabzon\u2019da tedavi g\u00f6rd\u00fc\u011f\u00fc [&hellip;]<\/p>\n","protected":false},"author":1,"featured_media":5457,"comment_status":"open","ping_status":"open","sticky":false,"template":"","format":"standard","meta":{"tdm_status":"","tdm_grid_status":"","footnotes":""},"categories":[40],"tags":[],"class_list":{"0":"post-5456","1":"post","2":"type-post","3":"status-publish","4":"format-standard","5":"has-post-thumbnail","7":"category-caykara"},"_links":{"self":[{"href":"https:\/\/zeleka.com\/index.php?rest_route=\/wp\/v2\/posts\/5456","targetHints":{"allow":["GET"]}}],"collection":[{"href":"https:\/\/zeleka.com\/index.php?rest_route=\/wp\/v2\/posts"}],"about":[{"href":"https:\/\/zeleka.com\/index.php?rest_route=\/wp\/v2\/types\/post"}],"author":[{"embeddable":true,"href":"https:\/\/zeleka.com\/index.php?rest_route=\/wp\/v2\/users\/1"}],"replies":[{"embeddable":true,"href":"https:\/\/zeleka.com\/index.php?rest_route=%2Fwp%2Fv2%2Fcomments&post=5456"}],"version-history":[{"count":0,"href":"https:\/\/zeleka.com\/index.php?rest_route=\/wp\/v2\/posts\/5456\/revisions"}],"wp:featuredmedia":[{"embeddable":true,"href":"https:\/\/zeleka.com\/index.php?rest_route=\/wp\/v2\/media\/5457"}],"wp:attachment":[{"href":"https:\/\/zeleka.com\/index.php?rest_route=%2Fwp%2Fv2%2Fmedia&parent=5456"}],"wp:term":[{"taxonomy":"category","embeddable":true,"href":"https:\/\/zeleka.com\/index.php?rest_route=%2Fwp%2Fv2%2Fcategories&post=5456"},{"taxonomy":"post_tag","embeddable":true,"href":"https:\/\/zeleka.com\/index.php?rest_route=%2Fwp%2Fv2%2Ftags&post=5456"}],"curies":[{"name":"wp","href":"https:\/\/api.w.org\/{rel}","templated":true}]}}