{"id":5454,"date":"2026-01-09T13:33:41","date_gmt":"2026-01-09T10:33:41","guid":{"rendered":"https:\/\/zeleka.com\/?p=5454"},"modified":"2026-01-09T13:33:41","modified_gmt":"2026-01-09T10:33:41","slug":"aslen-ilcemiz-uzungol-mahallesinden-olup-adapazari-akyazida-ikamet-eden-uzungollu-hemsehrimiz-ibrahim-hakki-es-vefat-etti-beyin-timuru-rahatsizligi","status":"publish","type":"post","link":"https:\/\/zeleka.com\/?p=5454","title":{"rendered":"<div id=\"detaymetin\">                            <p>Aslen \u0130l\u00e7emiz Uzung\u00f6l Mahallesinden olup Adapazar\u0131 Akyaz\u0131\u2019da ikamet eden Uzung\u00f6l&#8217;l\u00fc hem\u015fehrimiz\u00a0\u0130brahim Hakk\u0131 E\u015e\u2019 Vefat etti.<\/p><p>Beyin Tim\u00fcr\u00fc rahats\u0131zl\u0131\u011f\u0131 bulunan \u0130brahim Hakk\u0131 E\u015f yakla\u015f\u0131k 2 y\u0131ldan bu"},"content":{"rendered":"<div id=\"detaymetin\">\n<p>Aslen \u0130l\u00e7emiz Uzung\u00f6l Mahallesinden olup Adapazar\u0131 Akyaz\u0131\u2019da ikamet eden Uzung\u00f6l&#8217;l\u00fc hem\u015fehrimiz\u00a0\u0130brahim Hakk\u0131 E\u015e\u2019 Vefat etti.<\/p>\n<p>Beyin Tim\u00fcr\u00fc rahats\u0131zl\u0131\u011f\u0131 bulunan \u0130brahim Hakk\u0131 E\u015f yakla\u015f\u0131k 2 y\u0131ldan bu yana Beyin Tim\u00fcr\u00fc hastal\u0131\u011f\u0131ndan dolay\u0131 tedavi g\u00f6r\u00fcyordu.<\/p>\n<figure><\/figure>\n<p>Bu g\u00fcn tedavi g\u00f6rd\u00fc\u011f\u00fc hastanede ya\u015fam m\u00fccadelesini kaybederek Uzung\u00f6l\u2019\u00fc g\u00f6z ya\u015flar\u0131na bo\u011fdu.<\/p>\n<p>Uzung\u00f6l\u2019de herkes taraf\u0131ndan \u00e7ok sevilen ve sayg\u0131 duyulan \u0130brahim Hakk\u0131 E\u015f\u2019in ani \u00f6l\u00fcm\u00fc b\u00fcy\u00fck bir \u00fcz\u00fcnt\u00fc ile kar\u015f\u0131land\u0131.<\/p>\n<p>Merhum \u0130brahim Hakk\u0131 E\u015f,Uzung\u00f6l Filak Mahallesinin sevilen isimlerinden Battal E\u015f\u2019in karde\u015fi,\u0130smail ve Ahmet E\u015f\u2019in babalar\u0131yd\u0131<\/p>\n<p>Merhum \u0130brahim Hakk\u0131 E\u015f, 09 Ocak 2026 Cuma g\u00fcn\u00fc\u00a0 (Yar\u0131n) Cuma Namaz\u0131n\u0131 m\u00fcteakip Adapazar\u0131 Akyaz\u0131 Ya\u011fc\u0131lar camiinde k\u0131l\u0131n\u0131p, Ya\u011fc\u0131lar merkez mezarl\u0131\u011f\u0131na defnedilecektir.<\/p>\n<p>\u00c7aykara G\u00fcndem Gazetesi olarak aram\u0131zdan zamans\u0131z ayr\u0131lan Merhum \u0130brahim Hakk\u0131 E\u015f\u2019e Allah\u2019tan rahmet,kederli ailesine ba\u015f sa\u011fl\u0131\u011f\u0131 dileklerimizi iletiyoruz.<\/p>\n<p><strong>\u0130LET\u0130\u015e\u0130M<\/strong><\/p>\n<p><strong>Battal E\u015e-Karde\u015fi-0537 560 82 76<\/strong><\/p>\n<p><strong>\u0130smail E\u015e-O\u011flu-0 535 333 15 89<\/strong><\/p>\n<p><strong>Ahmet E\u015e-O\u011flu-0 532 450 75 97<\/strong><\/p>\n<p>          <\/div>\n","protected":false},"excerpt":{"rendered":"<p>Aslen \u0130l\u00e7emiz Uzung\u00f6l Mahallesinden olup Adapazar\u0131 Akyaz\u0131\u2019da ikamet eden Uzung\u00f6l&#8217;l\u00fc hem\u015fehrimiz\u00a0\u0130brahim Hakk\u0131 E\u015e\u2019 Vefat etti. Beyin Tim\u00fcr\u00fc rahats\u0131zl\u0131\u011f\u0131 bulunan \u0130brahim Hakk\u0131 E\u015f yakla\u015f\u0131k 2 y\u0131ldan bu yana Beyin Tim\u00fcr\u00fc hastal\u0131\u011f\u0131ndan dolay\u0131 tedavi g\u00f6r\u00fcyordu. Bu g\u00fcn tedavi g\u00f6rd\u00fc\u011f\u00fc hastanede ya\u015fam m\u00fccadelesini kaybederek Uzung\u00f6l\u2019\u00fc g\u00f6z ya\u015flar\u0131na bo\u011fdu. Uzung\u00f6l\u2019de herkes taraf\u0131ndan \u00e7ok sevilen ve sayg\u0131 duyulan \u0130brahim Hakk\u0131 [&hellip;]<\/p>\n","protected":false},"author":1,"featured_media":5455,"comment_status":"open","ping_status":"open","sticky":false,"template":"","format":"standard","meta":{"tdm_status":"","tdm_grid_status":"","footnotes":""},"categories":[40],"tags":[],"class_list":{"0":"post-5454","1":"post","2":"type-post","3":"status-publish","4":"format-standard","5":"has-post-thumbnail","7":"category-caykara"},"_links":{"self":[{"href":"https:\/\/zeleka.com\/index.php?rest_route=\/wp\/v2\/posts\/5454","targetHints":{"allow":["GET"]}}],"collection":[{"href":"https:\/\/zeleka.com\/index.php?rest_route=\/wp\/v2\/posts"}],"about":[{"href":"https:\/\/zeleka.com\/index.php?rest_route=\/wp\/v2\/types\/post"}],"author":[{"embeddable":true,"href":"https:\/\/zeleka.com\/index.php?rest_route=\/wp\/v2\/users\/1"}],"replies":[{"embeddable":true,"href":"https:\/\/zeleka.com\/index.php?rest_route=%2Fwp%2Fv2%2Fcomments&post=5454"}],"version-history":[{"count":0,"href":"https:\/\/zeleka.com\/index.php?rest_route=\/wp\/v2\/posts\/5454\/revisions"}],"wp:featuredmedia":[{"embeddable":true,"href":"https:\/\/zeleka.com\/index.php?rest_route=\/wp\/v2\/media\/5455"}],"wp:attachment":[{"href":"https:\/\/zeleka.com\/index.php?rest_route=%2Fwp%2Fv2%2Fmedia&parent=5454"}],"wp:term":[{"taxonomy":"category","embeddable":true,"href":"https:\/\/zeleka.com\/index.php?rest_route=%2Fwp%2Fv2%2Fcategories&post=5454"},{"taxonomy":"post_tag","embeddable":true,"href":"https:\/\/zeleka.com\/index.php?rest_route=%2Fwp%2Fv2%2Ftags&post=5454"}],"curies":[{"name":"wp","href":"https:\/\/api.w.org\/{rel}","templated":true}]}}