{"id":5450,"date":"2026-01-09T13:33:43","date_gmt":"2026-01-09T10:33:43","guid":{"rendered":"https:\/\/zeleka.com\/?p=5450"},"modified":"2026-01-09T13:33:43","modified_gmt":"2026-01-09T10:33:43","slug":"uzungol-merkez-hocali-mahallesi-sakinlerinden-azize-unal-yakalandigi-amansiz-hastaliga-yenik-duserek-tedavi-gordugu-hastanede-yasam-savasini-kaybetti-uzun-zamandan-bu-yana","status":"publish","type":"post","link":"https:\/\/zeleka.com\/?p=5450","title":{"rendered":"<div id=\"detaymetin\">                            <p>Uzung\u00f6l Merkez Hocal\u0131 Mahallesi sakinlerinden Azize \u00dcnal yakaland\u0131\u011f\u0131 amans\u0131z hastal\u0131\u011fa yenik d\u00fc\u015ferek tedavi g\u00f6rd\u00fc\u011f\u00fc hastanede ya\u015fam sava\u015f\u0131n\u0131 kaybetti.<\/p><p>Uzun zamandan bu yana amans\u0131z hastal\u0131k ile m\u00fcc"},"content":{"rendered":"<div id=\"detaymetin\">\n<p>Uzung\u00f6l Merkez Hocal\u0131 Mahallesi sakinlerinden Azize \u00dcnal yakaland\u0131\u011f\u0131 amans\u0131z hastal\u0131\u011fa yenik d\u00fc\u015ferek tedavi g\u00f6rd\u00fc\u011f\u00fc hastanede ya\u015fam sava\u015f\u0131n\u0131 kaybetti.<\/p>\n<p>Uzun zamandan bu yana amans\u0131z hastal\u0131k ile m\u00fccadele eden ve yatalak hasta olarak zaman zaman evinde zaman zaman hastanede tedavi g\u00f6ren Azize \u00dcnal Trabzon\u2019da tedavi g\u00f6rd\u00fc\u011f\u00fc hastanede ya\u015fam sava\u015f\u0131n\u0131 kaybederek Uzung\u00f6l\u2019\u00fc g\u00f6z ya\u015flar\u0131na bo\u011fdu.<\/p>\n<p>1960\u2019l\u0131 y\u0131llarda Uzung\u00f6l\u2019den Almanya\u2019ya giden ve o tarihtan bu yana ailesi i\u015fle birlikte Almanya\u2019da ya\u015fayan Mustafa \u00dcnal\u2019\u0131n e\u015fi olan Azize \u00dcnal toplum taraf\u0131ndan \u00e7ok sevilen bir insan olarak tan\u0131n\u0131yordu.<\/p>\n<p>Merhume Azize \u00dcnal,Mustafa \u00dcnal\u2019\u0131n e\u015fi,Ahmet ve Mehmet \u00dcnal\u2019\u0131n anneleri,\u0130brahim \u00dcnal\u2019\u0131n abisinin han\u0131m\u0131yd\u0131.<\/p>\n<p>Merhume Azize \u00dcnal,09 Ocak 2026 Cuma G\u00fcn\u00fc Cuma namaz\u0131na m\u00fcteakip Uzung\u00f6l Merkez Camiinde k\u0131l\u0131nacak olan cenaze namaz\u0131n\u0131n ard\u0131ndan Monoy\u0131r Asri Mezarl\u0131\u011f\u0131nda son yolculu\u011funa u\u011furlanacak.<\/p>\n<p>\u00c7aykara G\u00fcndem Gazetesi olarak Merhume Azize \u00dcnal\u2019a Allah\u2019tan rahmet,kederli ailesine ba\u015f sa\u011fl\u0131\u011f\u0131 dileklerimizi iletiyoruz.<\/p>\n<p><strong>\u0130LET\u0130\u015e\u0130M:<\/strong><\/p>\n<p><strong>Mustafa \u00dcNAL-E\u015fi-0535 <\/strong><a href=\"http:\/\/caykaragundem.com\/tel:859 97 16\"><strong>859 97 16<\/strong><\/a><\/p>\n<p><strong>Ahmet \u00dcNAL-O\u011flu-0538 <\/strong><a href=\"http:\/\/caykaragundem.com\/tel:619 86 69\"><strong>619 86 69<\/strong><\/a><\/p>\n<p><strong>Mehmet \u00dcNAL-O\u011flu-0537 <\/strong><a href=\"http:\/\/caykaragundem.com\/tel:336 83 77\"><strong>336 83 77<\/strong><\/a><\/p>\n<p><strong>\u0130brahim \u00dcNAL-Kay\u0131n\u0131-0533 <\/strong><a href=\"http:\/\/caykaragundem.com\/tel:698 04 94\"><strong>698 04 94<\/strong><\/a><\/p>\n<p>          <\/div>\n","protected":false},"excerpt":{"rendered":"<p>Uzung\u00f6l Merkez Hocal\u0131 Mahallesi sakinlerinden Azize \u00dcnal yakaland\u0131\u011f\u0131 amans\u0131z hastal\u0131\u011fa yenik d\u00fc\u015ferek tedavi g\u00f6rd\u00fc\u011f\u00fc hastanede ya\u015fam sava\u015f\u0131n\u0131 kaybetti. Uzun zamandan bu yana amans\u0131z hastal\u0131k ile m\u00fccadele eden ve yatalak hasta olarak zaman zaman evinde zaman zaman hastanede tedavi g\u00f6ren Azize \u00dcnal Trabzon\u2019da tedavi g\u00f6rd\u00fc\u011f\u00fc hastanede ya\u015fam sava\u015f\u0131n\u0131 kaybederek Uzung\u00f6l\u2019\u00fc g\u00f6z ya\u015flar\u0131na bo\u011fdu. 1960\u2019l\u0131 y\u0131llarda Uzung\u00f6l\u2019den [&hellip;]<\/p>\n","protected":false},"author":1,"featured_media":5451,"comment_status":"open","ping_status":"open","sticky":false,"template":"","format":"standard","meta":{"tdm_status":"","tdm_grid_status":"","footnotes":""},"categories":[40],"tags":[],"class_list":{"0":"post-5450","1":"post","2":"type-post","3":"status-publish","4":"format-standard","5":"has-post-thumbnail","7":"category-caykara"},"_links":{"self":[{"href":"https:\/\/zeleka.com\/index.php?rest_route=\/wp\/v2\/posts\/5450","targetHints":{"allow":["GET"]}}],"collection":[{"href":"https:\/\/zeleka.com\/index.php?rest_route=\/wp\/v2\/posts"}],"about":[{"href":"https:\/\/zeleka.com\/index.php?rest_route=\/wp\/v2\/types\/post"}],"author":[{"embeddable":true,"href":"https:\/\/zeleka.com\/index.php?rest_route=\/wp\/v2\/users\/1"}],"replies":[{"embeddable":true,"href":"https:\/\/zeleka.com\/index.php?rest_route=%2Fwp%2Fv2%2Fcomments&post=5450"}],"version-history":[{"count":0,"href":"https:\/\/zeleka.com\/index.php?rest_route=\/wp\/v2\/posts\/5450\/revisions"}],"wp:featuredmedia":[{"embeddable":true,"href":"https:\/\/zeleka.com\/index.php?rest_route=\/wp\/v2\/media\/5451"}],"wp:attachment":[{"href":"https:\/\/zeleka.com\/index.php?rest_route=%2Fwp%2Fv2%2Fmedia&parent=5450"}],"wp:term":[{"taxonomy":"category","embeddable":true,"href":"https:\/\/zeleka.com\/index.php?rest_route=%2Fwp%2Fv2%2Fcategories&post=5450"},{"taxonomy":"post_tag","embeddable":true,"href":"https:\/\/zeleka.com\/index.php?rest_route=%2Fwp%2Fv2%2Ftags&post=5450"}],"curies":[{"name":"wp","href":"https:\/\/api.w.org\/{rel}","templated":true}]}}