{"id":5448,"date":"2026-01-09T13:33:44","date_gmt":"2026-01-09T10:33:44","guid":{"rendered":"https:\/\/zeleka.com\/?p=5448"},"modified":"2026-01-09T13:33:44","modified_gmt":"2026-01-09T10:33:44","slug":"iki-dagin-arasina-sikismis-gokyuzune-biraz-daha-yakin-bir-masal-gibidir-uzungol-caykara-ilcesine-bagli-bu-essiz-doga-parcasi-soganli","status":"publish","type":"post","link":"https:\/\/zeleka.com\/?p=5448","title":{"rendered":"<div id=\"detaymetin\">                            <p>\u00a0 \u00a0 \u00a0 \u00a0 \u0130ki da\u011f\u0131n aras\u0131na s\u0131k\u0131\u015fm\u0131\u015f, g\u00f6ky\u00fcz\u00fcne biraz daha yak\u0131n bir masal gibidir Uzung\u00f6l\u2026 \u00c7aykara il\u00e7esine ba\u011fl\u0131 bu e\u015fsiz do\u011fa par\u00e7as\u0131, So\u011fanl\u0131 ve Ka\u00e7kar Da\u011flar\u0131\u2019n\u0131n kucakla\u015ft\u0131\u011f\u0131 noktada, deniz seviyesin"},"content":{"rendered":"<div id=\"detaymetin\">\n<p>\u00a0 \u00a0 \u00a0 \u00a0 \u0130ki da\u011f\u0131n aras\u0131na s\u0131k\u0131\u015fm\u0131\u015f, g\u00f6ky\u00fcz\u00fcne biraz daha yak\u0131n bir masal gibidir Uzung\u00f6l\u2026 \u00c7aykara il\u00e7esine ba\u011fl\u0131 bu e\u015fsiz do\u011fa par\u00e7as\u0131, So\u011fanl\u0131 ve Ka\u00e7kar Da\u011flar\u0131\u2019n\u0131n kucakla\u015ft\u0131\u011f\u0131 noktada, deniz seviyesinden yakla\u015f\u0131k 1100 metre y\u00fcksekte insan\u0131n i\u00e7ini ferahlatan bir huzur sunar. Rivayete g\u00f6re 1610\u20131620 y\u0131llar\u0131 aras\u0131nda, da\u011f yama\u00e7lar\u0131ndan kopup d\u00fc\u015fen kayalar\u0131n Hald\u0131zen Deresi\u2019nin \u00f6n\u00fcn\u00fc kapatmas\u0131yla olu\u015fmu\u015ftur bu g\u00f6l. Yani Uzung\u00f6l, tabiat\u0131n sab\u0131rla yazd\u0131\u011f\u0131 bir kaderin sonucudur. Etraf\u0131n\u0131 saran yemye\u015fil ormanlar\u0131, sisle \u00f6rt\u00fclen tepeleri ve dingin sular\u0131nda yank\u0131lanan sessizli\u011fiyle Uzung\u00f6l, yaln\u0131zca bir turizm destinasyonu de\u011fil; insan ruhuna iyi gelen bir s\u0131\u011f\u0131nakt\u0131r. Yukar\u0131lar\u0131nda, Demirkap\u0131 (Hald\u0131zen) K\u00f6y\u00fc\u2019n\u00fcn y\u00fcksek kesimlerinde yer alan Yedig\u00f6ller b\u00f6lgesi ve yaylalar ise do\u011fayla b\u00fct\u00fcnle\u015fmenin en saf h\u00e2lini sunar. Bu y\u00fczden olsa gerek, Orman Bakanl\u0131\u011f\u0131 1989 y\u0131l\u0131nda buray\u0131 Tabiat Park\u0131 ilan etmi\u015f, K\u00fclt\u00fcr ve Turizm Bakanl\u0131\u011f\u0131 ise Uzung\u00f6l\u2019\u00fc Turizm Merkezi olarak belirlemi\u015ftir. Uzung\u00f6l\u2019\u00fcn engebeli arazisi ve s\u0131k ormanlar\u0131, yaln\u0131zca g\u00f6rsel bir \u015f\u00f6len de\u011fil; ayn\u0131 zamanda zengin bir yaban hayat\u0131n\u0131n da evidir. Ay\u0131dan kurda, yaban ke\u00e7isinden tilkiye, Kafkas da\u011f horozuna kadar pek \u00e7ok canl\u0131 bu da\u011flarda ya\u015fam s\u00fcrer. \u0130\u015fte bu do\u011fal zenginlik sebebiyle 7 Ocak 2004 tarihinde Uzung\u00f6l, \u00d6zel \u00c7evre Koruma B\u00f6lgesi ilan edilmi\u015ftir.<\/p>\n<p><strong>\u00a0 \u00a0 \u00a0 \u00a0 \u00a0 UZUNG\u00d6L: Masal m\u0131, \u0130hmal mi?<\/strong><\/p>\n<p>\u00a0 \u00a0 \u00a0 \u00a0 Ne var ki, k\u00e2\u011f\u0131t \u00fczerindeki bu koruma kararlar\u0131, sahadaki ger\u00e7eklerle ne yaz\u0131k ki \u00f6rt\u00fc\u015fmemi\u015ftir. Turizm merkezi ilan edilen fakat y\u0131llarca imar plan\u0131 bulunmayan Uzung\u00f6l, adeta sahipsiz b\u0131rak\u0131lm\u0131\u015ft\u0131r. 2008\u20132014 y\u0131llar\u0131 aras\u0131nda haz\u0131rlanan imar planlar\u0131 iptal edilmi\u015f; 2018\u2019de \u00e7\u0131kar\u0131lan imar bar\u0131\u015f\u0131yla ise daha \u00f6nce ka\u00e7ak yap\u0131lan yap\u0131lar affedilerek do\u011fan\u0131n tahribat\u0131n\u0131n \u00f6n\u00fc a\u00e7\u0131lm\u0131\u015ft\u0131r. Koruma Ama\u00e7l\u0131 \u0130mar Plan\u0131\u2019na a\u00e7\u0131lan davalar sonucu planlar\u0131n birer birer iptal edilmesi, Uzung\u00f6l\u2019\u00fc plans\u0131zl\u0131\u011f\u0131n pen\u00e7esine itmi\u015ftir. Bug\u00fcn Uzung\u00f6l\u2019\u00fcn siluetini bozan beton yap\u0131lar, darac\u0131k sokaklar, alternatif yollar\u0131 olmayan bir trafik ke\u015fmeke\u015fi ve yetersiz park alanlar\u0131 bu ihmallerin ac\u0131 sonucudur. \u00d6zellikle yaz aylar\u0131nda milyonlarca turistin ak\u0131n etti\u011fi bu cennet k\u00f6\u015fede, temizlik sorunu h\u00e2l\u00e2 \u00e7\u00f6z\u00fclebilmi\u015f de\u011fildir. Trabzon B\u00fcy\u00fck\u015fehir Belediyesi ve \u00c7aykara Belediyesi\u2019nin \u00e7abalar\u0131 ise, bana g\u00f6re, bu y\u00fck\u00fcn alt\u0131nda yetersiz kalmaktad\u0131r.\u00a0 Oysa Uzung\u00f6l, yaln\u0131zca bir b\u00f6lgenin de\u011fil, \u00fclkemizin en \u00f6nemli turizm merkezlerinden biridir. \u00c7aykara y\u00f6resine sa\u011flad\u0131\u011f\u0131 ekonomik katk\u0131 tart\u0131\u015fmas\u0131zd\u0131r. Buna ra\u011fmen, y\u0131lda milyonlarca arac\u0131n kulland\u0131\u011f\u0131 Of\u2013\u00c7aykara turizm yolunun 15 y\u0131ld\u0131r bitirilememi\u015f olmas\u0131, \u00fczerinde d\u00fc\u015f\u00fcn\u00fclmesi gereken ciddi bir sorundur. B\u00f6yle bir yol, b\u00f6yle bir turizm merkezine yak\u0131\u015fmamaktad\u0131r. Uzung\u00f6l\u2019\u00fc korumak; sadece devletin ya da belediyelerin de\u011fil, hepimizin g\u00f6revidir. Do\u011fay\u0131 korumak ba\u015fta bizler olmak \u00fczere t\u00fcm kurumlar\u0131n ortak sorumlulu\u011fu olmal\u0131d\u0131r. Ancak bunun i\u00e7in \u00f6nce birlik gerekir. Bana g\u00f6re, Uzung\u00f6l halk\u0131 bu konuda yeterince birlik ve beraberlik i\u00e7inde de\u011fildir ve bu durum Uzung\u00f6l\u2019e b\u00fcy\u00fck zarar vermektedir. \u00d6zellikle b\u00f6lgede faaliyet g\u00f6steren sivil toplum kurulu\u015flar\u0131n\u0131n, ki\u015fisel ayr\u0131l\u0131klar\u0131 bir kenara b\u0131rakarak uyum i\u00e7inde hareket etmeleri; Uzung\u00f6l\u2019\u00fcn haklar\u0131n\u0131 savunurken yanl\u0131\u015flara kar\u015f\u0131 dimdik durmalar\u0131 \u015fartt\u0131r.\u00a0<\/p>\n<p>\u00a0 \u00a0 \u00a0 \u00a0 Uzung\u00f6l\u2019de TOK\u0130 taraf\u0131ndan yap\u0131lan baz\u0131 d\u00fczenlemeler elbette ink\u00e2r edilemez. Ancak ne yaz\u0131k ki bu d\u00fczenlemeler, Uzung\u00f6l gibi d\u00fcnya \u00e7ap\u0131nda tan\u0131nan bir turizm merkezi i\u00e7in yeterli olmaktan \u00e7ok uzakt\u0131r. Yap\u0131lanlar, g\u00fcn\u00fc kurtarmaya y\u00f6nelik ad\u0131mlar\u0131n \u00f6tesine ge\u00e7ememi\u015f; kal\u0131c\u0131, b\u00fct\u00fcnc\u00fcl ve vizyoner bir planlama ortaya konulamam\u0131\u015ft\u0131r. Oysa Uzung\u00f6l, s\u0131radan bir yerle\u015fim alan\u0131 de\u011fil; do\u011fas\u0131yla, tarihiyle ve ta\u015f\u0131d\u0131\u011f\u0131 potansiyelle \u00f6zel bir ilgi ve hassasiyet gerektiren e\u015fsiz bir mirast\u0131r. Bu yetersizli\u011fin en somut g\u00f6stergelerinden biri de \u00c7aykara\u2013Uzung\u00f6l aras\u0131ndaki yoldur. Yaz aylar\u0131nda kilometrelerce uzayan ara\u00e7 kuyruklar\u0131, turistin daha g\u00f6l\u00fc g\u00f6rmeden yorulmas\u0131na, b\u00f6lge halk\u0131n\u0131n ise g\u00fcnl\u00fck hayat\u0131n\u0131n adeta fel\u00e7 olmas\u0131na neden olmaktad\u0131r. Bu yol, art\u0131k sadece bir ula\u015f\u0131m hatt\u0131 de\u011fil; \u00c7aykara\u2019n\u0131n ve Uzung\u00f6l\u2019\u00fcn kader yoludur. Bir an \u00f6nce yeniden ele al\u0131nmal\u0131, alternatif g\u00fczerg\u00e2hlar olu\u015fturulmal\u0131 ve yaz aylar\u0131nda ya\u015fanan bu \u00e7ile mutlaka sona erdirilmelidir.\u00a0 Ancak mesele yaln\u0131zca yol, bina ya da altyap\u0131 meselesi de\u011fildir. As\u0131l sorun, bak\u0131\u015f a\u00e7\u0131m\u0131zdad\u0131r. \u00c7aykara\u2019da bulunan di\u011fer mahallelerin Uzung\u00f6l\u2019e kar\u015f\u0131 zaman zaman \u00f6nyarg\u0131l\u0131 bir tutum sergiledi\u011fini \u00fcz\u00fclerek g\u00f6r\u00fcyoruz. Oysa unutulmamal\u0131d\u0131r ki Uzung\u00f6l\u2019\u00fcn varl\u0131\u011f\u0131, yaln\u0131zca Uzung\u00f6l\u2019de ya\u015fayanlara de\u011fil; t\u00fcm \u00c7aykara\u2019ya ekonomik, sosyal ve k\u00fclt\u00fcrel katk\u0131 sunmaktad\u0131r. Turizmin getirdi\u011fi ekonomik g\u00fc\u00e7, bir mahalleye de\u011fil, bir il\u00e7enin tamam\u0131na nefes ald\u0131rmaktad\u0131r. Bu ger\u00e7e\u011fi iyi sorgulamak ve do\u011fru anlamak zorunday\u0131z. Uzung\u00f6l\u2019\u00fc \u00a0<i>\u201conlar\u0131n meselesi\u201d<\/i> olarak g\u00f6rmek, asl\u0131nda kendi gelece\u011fimize s\u0131rt \u00e7evirmektir. Bug\u00fcn Uzung\u00f6l\u2019e gelen her turist; \u00c7aykara esnaf\u0131na, yaylalara, \u00e7evre mahallelere, hatta Trabzon\u2019un geneline dolayl\u0131 ya da do\u011frudan katk\u0131 sa\u011flamaktad\u0131r. Bu nedenle Uzung\u00f6l\u2019e sahip \u00e7\u0131kmak, yaln\u0131zca bir tercih de\u011fil; ortak bir sorumluluktur. Bir di\u011fer \u00f6nemli mesele ise d\u0131\u015far\u0131dan Uzung\u00f6l hakk\u0131nda olu\u015fturulmaya \u00e7al\u0131\u015f\u0131lan olumsuz alg\u0131lard\u0131r. Yanl\u0131\u015f \u00f6rnekler \u00fczerinden genelleme yap\u0131lmas\u0131na, Uzung\u00f6l\u2019\u00fcn yaln\u0131zca sorunlar\u0131yla an\u0131lmas\u0131na izin vermemeliyiz. Elbette eksikler, hatalar vard\u0131r; ama bunlar\u0131 ink\u00e2r ederek de\u011fil, do\u011fru bir dille anlatarak ve \u00e7\u00f6z\u00fcm \u00fcreterek a\u015fabiliriz. Yanl\u0131\u015flar\u0131 cesaretle dile getirirken, do\u011frular\u0131 da kararl\u0131l\u0131kla savunmal\u0131y\u0131z. Uzung\u00f6l\u2019\u00fc koruman\u0131n yolu, ayr\u0131\u015fmaktan de\u011fil; birlikte hareket etmekten ge\u00e7er. Hep birlikte konu\u015fmal\u0131, tart\u0131\u015fmal\u0131, \u00fcretmeli ve sahip \u00e7\u0131kmal\u0131y\u0131z. \u00c7\u00fcnk\u00fc Uzung\u00f6l, sadece bir g\u00f6l de\u011fil; \u00c7aykara\u2019n\u0131n ortak vicdan\u0131, ortak gelece\u011fi ve ortak umududur. E\u011fer bug\u00fcn bu umudu birlikte ye\u015fertmezsek, yar\u0131n geriye bak\u0131p <i>\u201cke\u015fke\u201d<\/i> demenin hi\u00e7bir anlam\u0131 kalmayacakt\u0131r.<\/p>\n<p>\u00a0 \u00a0 \u00a0 \u00a0 Uzung\u00f6l bir g\u00f6lden ibaret de\u011fildir. O, ge\u00e7mi\u015ften bug\u00fcne ta\u015f\u0131nan bir miras, gelecek nesillere emanet edilmi\u015f bir de\u011ferdir. E\u011fer bug\u00fcn bu emanete sahip \u00e7\u0131kmazsak, yar\u0131n yaln\u0131zca hat\u0131ralar\u0131m\u0131zda kalan bir g\u00fczelli\u011fin ard\u0131ndan a\u011f\u0131t yakmak zorunda kal\u0131r\u0131z. Ve i\u015fte o zaman, do\u011fa sessizli\u011fini korur; ama insan vicdan\u0131 hi\u00e7 susmaz&#8230;\u00a0<\/p>\n<p>          <\/div>\n","protected":false},"excerpt":{"rendered":"<p>\u00a0 \u00a0 \u00a0 \u00a0 \u0130ki da\u011f\u0131n aras\u0131na s\u0131k\u0131\u015fm\u0131\u015f, g\u00f6ky\u00fcz\u00fcne biraz daha yak\u0131n bir masal gibidir Uzung\u00f6l\u2026 \u00c7aykara il\u00e7esine ba\u011fl\u0131 bu e\u015fsiz do\u011fa par\u00e7as\u0131, So\u011fanl\u0131 ve Ka\u00e7kar Da\u011flar\u0131\u2019n\u0131n kucakla\u015ft\u0131\u011f\u0131 noktada, deniz seviyesinden yakla\u015f\u0131k 1100 metre y\u00fcksekte insan\u0131n i\u00e7ini ferahlatan bir huzur sunar. Rivayete g\u00f6re 1610\u20131620 y\u0131llar\u0131 aras\u0131nda, da\u011f yama\u00e7lar\u0131ndan kopup d\u00fc\u015fen kayalar\u0131n Hald\u0131zen Deresi\u2019nin \u00f6n\u00fcn\u00fc kapatmas\u0131yla [&hellip;]<\/p>\n","protected":false},"author":1,"featured_media":5449,"comment_status":"open","ping_status":"open","sticky":false,"template":"","format":"standard","meta":{"tdm_status":"","tdm_grid_status":"","footnotes":""},"categories":[40],"tags":[],"class_list":{"0":"post-5448","1":"post","2":"type-post","3":"status-publish","4":"format-standard","5":"has-post-thumbnail","7":"category-caykara"},"_links":{"self":[{"href":"https:\/\/zeleka.com\/index.php?rest_route=\/wp\/v2\/posts\/5448","targetHints":{"allow":["GET"]}}],"collection":[{"href":"https:\/\/zeleka.com\/index.php?rest_route=\/wp\/v2\/posts"}],"about":[{"href":"https:\/\/zeleka.com\/index.php?rest_route=\/wp\/v2\/types\/post"}],"author":[{"embeddable":true,"href":"https:\/\/zeleka.com\/index.php?rest_route=\/wp\/v2\/users\/1"}],"replies":[{"embeddable":true,"href":"https:\/\/zeleka.com\/index.php?rest_route=%2Fwp%2Fv2%2Fcomments&post=5448"}],"version-history":[{"count":0,"href":"https:\/\/zeleka.com\/index.php?rest_route=\/wp\/v2\/posts\/5448\/revisions"}],"wp:featuredmedia":[{"embeddable":true,"href":"https:\/\/zeleka.com\/index.php?rest_route=\/wp\/v2\/media\/5449"}],"wp:attachment":[{"href":"https:\/\/zeleka.com\/index.php?rest_route=%2Fwp%2Fv2%2Fmedia&parent=5448"}],"wp:term":[{"taxonomy":"category","embeddable":true,"href":"https:\/\/zeleka.com\/index.php?rest_route=%2Fwp%2Fv2%2Fcategories&post=5448"},{"taxonomy":"post_tag","embeddable":true,"href":"https:\/\/zeleka.com\/index.php?rest_route=%2Fwp%2Fv2%2Ftags&post=5448"}],"curies":[{"name":"wp","href":"https:\/\/api.w.org\/{rel}","templated":true}]}}