{"id":5446,"date":"2026-01-08T13:29:09","date_gmt":"2026-01-08T10:29:09","guid":{"rendered":"https:\/\/zeleka.com\/?p=5446"},"modified":"2026-01-08T13:29:09","modified_gmt":"2026-01-08T10:29:09","slug":"ilcemiz-koknar-mahallesinden-ahmet-yilmaz-mersinde-tedavi-gordugu-hastanede-yasam-savasini-kaybederek-caykara-ilcesini-goz-yaslarina-bogdu-amansiz-hastalik-ile-muc","status":"publish","type":"post","link":"https:\/\/zeleka.com\/?p=5446","title":{"rendered":"<div id=\"detaymetin\">                            <p>\u0130l\u00e7emiz K\u00f6knar Mahallesinden Ahmet Y\u0131lmaz Mersin\u2019de tedavi g\u00f6rd\u00fc\u011f\u00fc hastanede ya\u015fam sava\u015f\u0131n\u0131 kaybederek \u00c7aykara \u0130l\u00e7esini g\u00f6z ya\u015flar\u0131na bo\u011fdu.<\/p><p>Amans\u0131z hastal\u0131k ile m\u00fccadele eden Ahmet Y\u0131lmaz Mersin\u2019d"},"content":{"rendered":"<div id=\"detaymetin\">\n<p>\u0130l\u00e7emiz K\u00f6knar Mahallesinden Ahmet Y\u0131lmaz Mersin\u2019de tedavi g\u00f6rd\u00fc\u011f\u00fc hastanede ya\u015fam sava\u015f\u0131n\u0131 kaybederek \u00c7aykara \u0130l\u00e7esini g\u00f6z ya\u015flar\u0131na bo\u011fdu.<\/p>\n<p>Amans\u0131z hastal\u0131k ile m\u00fccadele eden Ahmet Y\u0131lmaz Mersin\u2019de tedavi g\u00f6rd\u00fc\u011f\u00fc hastanede ya\u015fam sava\u015f\u0131n\u0131 kaybetti.<\/p>\n<figure><img decoding=\"async\" src=\"https:\/\/caykaragundem.com\/resimler\/2026-1\/7\/115653773910745.webp\"><\/figure>\n<p>Aslen \u00c7aykara \u0130l\u00e7esi K\u00f6knar Mahallesinden olan 26.04.1965 Do\u011fumlu \u015eerif O\u011flu Ahmet Y\u0131lmaz Toplum taraf\u0131ndan \u00e7ok sevilen ve sayg\u0131 duyulan \u00f6rnek bir insan olarak tan\u0131n\u0131yordu.<\/p>\n<p>\u00d6rnek toplum insan\u0131 olmas\u0131n\u0131n yan\u0131 s\u0131ra insanlar ile kurmu\u015f oldu\u011fu m\u00fckemmel ileti\u015fim,etraf\u0131nda bulunan insanlar ile kurmu\u015f oldu\u011fu kal\u0131c\u0131 dostluk ve etkili arkada\u015fl\u0131k,toplumun her i\u015fine ko\u015fan ve insanlara faydal\u0131 olabilmek i\u00e7in \u00e7ok yo\u011fun tempo harcayan bir insan olarak tan\u0131n\u0131yordu.<\/p>\n<p>K\u00f6knar Mahallesi Muhtar\u0131 Cemile Alhan gazetemize yapt\u0131\u011f\u0131 a\u00e7\u0131klamada \u015fu ifadelere yer yerdi.<\/p>\n<p>\u201cK\u00f6knar Mahallesi olarak \u00e7ok ama \u00e7ok \u00f6nemli bir de\u011ferimizi kaybetmi\u015f olman\u0131n derin \u00fcz\u00fcnt\u00fcs\u00fcn\u00fc ya\u015famaktay\u0131z.Ahmet Y\u0131lmaz karde\u015fimiz toplum taraf\u0131ndan \u00e7ok sevilen ve sayg\u0131 duyulan \u00f6rnek bir insan olarak tan\u0131n\u0131yordu.<\/p>\n<p>Bir s\u00fcreden bu yana amans\u0131z kanser hastal\u0131\u011f\u0131 ile m\u00fccadele eden Ahmet Karde\u015fimiz ne yaz\u0131k ki \u00c7aykara \u0130l\u00e7emizi g\u00f6z ya\u015flar\u0131na bo\u011farak aram\u0131zdan ayr\u0131ld\u0131.<\/p>\n<p>Merhum Ahmet Y\u0131lmaz\u2019\u0131n cenazesi Mersin\u2019den \u00c7aykara K\u00f6knar Mahallesine getiriliyor.<\/p>\n<p>08.01.2026 Per\u015fembe g\u00fcn\u00fc \u00f6\u011fle namaz\u0131na m\u00fcteakip K\u00f6knar Merkez Camiinde k\u0131l\u0131nacak olan cenaze namaz\u0131n\u0131n ard\u0131ndan ayn\u0131 yerde bulunan aile kabristanl\u0131\u011f\u0131nda son yolculu\u011funa u\u011furlanacak.<\/p>\n<p>\u00c7aykara G\u00fcndem Gazetesi olarak merhum Ahmet Y\u0131lmaz karde\u015fimize Allah\u2019tan rahmet,kederli ailesine ba\u015f sa\u011fl\u0131\u011f\u0131 dileklerimizi iletiyoruz.<\/p>\n<p><strong>\u0130LET\u0130\u015e\u0130M:<\/strong><\/p>\n<p><strong>Ufuk Y\u0131lmaz-0 532 0596133<\/strong><\/p>\n<p><strong>Utku Y\u0131lmaz-0 543 6156133<\/strong><\/p>\n<p><strong>Ayd\u0131n Y\u0131lmaz-0 532 3963087<\/strong><\/p>\n<p><strong>Niyazi Mazlum-0 535 3475034<\/strong><\/p>\n<p>          <\/div>\n","protected":false},"excerpt":{"rendered":"<p>\u0130l\u00e7emiz K\u00f6knar Mahallesinden Ahmet Y\u0131lmaz Mersin\u2019de tedavi g\u00f6rd\u00fc\u011f\u00fc hastanede ya\u015fam sava\u015f\u0131n\u0131 kaybederek \u00c7aykara \u0130l\u00e7esini g\u00f6z ya\u015flar\u0131na bo\u011fdu. Amans\u0131z hastal\u0131k ile m\u00fccadele eden Ahmet Y\u0131lmaz Mersin\u2019de tedavi g\u00f6rd\u00fc\u011f\u00fc hastanede ya\u015fam sava\u015f\u0131n\u0131 kaybetti. Aslen \u00c7aykara \u0130l\u00e7esi K\u00f6knar Mahallesinden olan 26.04.1965 Do\u011fumlu \u015eerif O\u011flu Ahmet Y\u0131lmaz Toplum taraf\u0131ndan \u00e7ok sevilen ve sayg\u0131 duyulan \u00f6rnek bir insan olarak tan\u0131n\u0131yordu. [&hellip;]<\/p>\n","protected":false},"author":1,"featured_media":5447,"comment_status":"open","ping_status":"open","sticky":false,"template":"","format":"standard","meta":{"tdm_status":"","tdm_grid_status":"","footnotes":""},"categories":[40],"tags":[],"class_list":{"0":"post-5446","1":"post","2":"type-post","3":"status-publish","4":"format-standard","5":"has-post-thumbnail","7":"category-caykara"},"_links":{"self":[{"href":"https:\/\/zeleka.com\/index.php?rest_route=\/wp\/v2\/posts\/5446","targetHints":{"allow":["GET"]}}],"collection":[{"href":"https:\/\/zeleka.com\/index.php?rest_route=\/wp\/v2\/posts"}],"about":[{"href":"https:\/\/zeleka.com\/index.php?rest_route=\/wp\/v2\/types\/post"}],"author":[{"embeddable":true,"href":"https:\/\/zeleka.com\/index.php?rest_route=\/wp\/v2\/users\/1"}],"replies":[{"embeddable":true,"href":"https:\/\/zeleka.com\/index.php?rest_route=%2Fwp%2Fv2%2Fcomments&post=5446"}],"version-history":[{"count":0,"href":"https:\/\/zeleka.com\/index.php?rest_route=\/wp\/v2\/posts\/5446\/revisions"}],"wp:featuredmedia":[{"embeddable":true,"href":"https:\/\/zeleka.com\/index.php?rest_route=\/wp\/v2\/media\/5447"}],"wp:attachment":[{"href":"https:\/\/zeleka.com\/index.php?rest_route=%2Fwp%2Fv2%2Fmedia&parent=5446"}],"wp:term":[{"taxonomy":"category","embeddable":true,"href":"https:\/\/zeleka.com\/index.php?rest_route=%2Fwp%2Fv2%2Fcategories&post=5446"},{"taxonomy":"post_tag","embeddable":true,"href":"https:\/\/zeleka.com\/index.php?rest_route=%2Fwp%2Fv2%2Ftags&post=5446"}],"curies":[{"name":"wp","href":"https:\/\/api.w.org\/{rel}","templated":true}]}}