{"id":5444,"date":"2026-01-08T13:29:10","date_gmt":"2026-01-08T10:29:10","guid":{"rendered":"https:\/\/zeleka.com\/?p=5444"},"modified":"2026-01-08T13:29:10","modified_gmt":"2026-01-08T10:29:10","slug":"trabzonun-caykara-ilcesinde-kaymakam-ali-sapmaz-ve-belediye-baskjani-hanefi-tok-aksam-etutleri-kapsaminda-ogrenciler-icin-organize-edilen-mangal-organizas","status":"publish","type":"post","link":"https:\/\/zeleka.com\/?p=5444","title":{"rendered":"<div id=\"detaymetin\">                            <p>Trabzon\u2019un \u00c7aykara \u0130l\u00e7esinde Kaymakam Ali Sapmaz ve Belediye Ba\u015fkjan\u0131 Hanefi Tok Ak\u015fam ET\u00dcT\u2019leri kapsam\u0131nda \u00f6\u011frenciler i\u00e7in organize edilen Mangal Organizassyonunda \u00f6\u011frenciler ile bir araya geldi.<\/p><p>"},"content":{"rendered":"<div id=\"detaymetin\">\n<p>Trabzon\u2019un \u00c7aykara \u0130l\u00e7esinde Kaymakam Ali Sapmaz ve Belediye Ba\u015fkjan\u0131 Hanefi Tok Ak\u015fam ET\u00dcT\u2019leri kapsam\u0131nda \u00f6\u011frenciler i\u00e7in organize edilen Mangal Organizassyonunda \u00f6\u011frenciler ile bir araya geldi.<\/p>\n<p>\u00c7aykara Anadolu Lisesi ile \u00c7aykara Zeki Bilge Ortaokulu\u2019ndan ET\u00dcT \u00e7al\u0131\u015fmalar\u0131na kat\u0131lan \u00a0\u00f6\u011frencileri i\u00e7in 7 Ocak 2026 \u00c7ar\u015famba ak\u015fam\u0131 \u00c7aykara \u0130l\u00e7e Milli E\u011fitim M\u00fcd\u00fcr\u00fc Ahmet \u00c7amurali\u2019nin Organizasyonunda mangal etkinli\u011fi ger\u00e7ekle\u015ftirildi.<\/p>\n<p>Mangal etkinli\u011fine \u00c7aykara Kaymakam\u0131 Ali Sapmaz,\u00c7aykara Belediye Ba\u015fkan\u0131 Hanefi Tok,\u00c7aykara \u0130l\u00e7e Milli E\u011fitim M\u00fcd\u00fcr\u00fc Ahmet \u00c7amurali,\u00c7aykara \u0130l\u00e7e Milli E\u011fitim \u00d6zel B\u00fcro M\u00fcd\u00fcr\u00fc Numan Tuncer,\u00c7aykara Anadolu Lisesi M\u00fcd\u00fcr\u00fc Veysel Somuncu,\u00c7aykara Zeki Bilge Ortaokulu M\u00fcd\u00fcr\u00fc Tayfur Demirali ile \u00f6\u011fretmen ve \u00f6\u011frenciler kat\u0131l\u0131m sa\u011flad\u0131lar<\/p>\n<figure><img decoding=\"async\" src=\"https:\/\/caykaragundem.com\/resimler\/2026-1\/7\/1156111390238819.webp\"><\/figure>\n<p>Ger\u00e7ekle\u015ftirilen organizasyonda Kaymakam Sapmaz ve Ba\u015fkan Tok LGS S\u0131nav\u0131 ve LYS S\u0131nav\u0131 haz\u0131rl\u0131k \u00e7al\u0131\u015fmalar\u0131 ile ilgili olarak \u00f6\u011frenciler ile sohbet ederken ayn\u0131 zamanda s\u0131nav haz\u0131rl\u0131klar\u0131 ile ilgili olarak \u00f6\u011frencilere tavsiyelerini de ilettiler.<\/p>\n<p>\u00c7aykara \u0130l\u00e7esinin \u00f6rnek ve farkl\u0131 bir e\u011fitim il\u00e7esi oldu\u011funu ifade eden \u00c7aykara Kaymakam\u0131 Ali Sapmaz,\u00c7aykara \u0130l\u00e7esinde \u00f6\u011frencilerin planl\u0131 ve programl\u0131 bir \u015fekilde haz\u0131rlanarak bir \u00fcst \u00f6\u011frenime en iyi \u015fekilde haz\u0131rland\u0131klar\u0131n\u0131,bunun yan\u0131 s\u0131ra milli ve manevi de\u011ferleri \u00f6z\u00fcmsemeleri ve benimsemeleri i\u00e7in \u00e7e\u015fitli etkinlik ve organizasyonlar\u0131n ger\u00e7ekle\u015fti\u011fini,\u00f6\u011frencilerin sportif,sosyal ve k\u00fclt\u00fcrel anlamda topluma faydal\u0131 \u00f6rnek bireyler olarak yeti\u015febilmeleri i\u00e7in bir \u00e7ok etkinlik ve organizasyonun ger\u00e7ekle\u015ftirildi\u011fini ifade etti.<\/p>\n<figure><img decoding=\"async\" src=\"https:\/\/caykaragundem.com\/resimler\/2026-1\/7\/1281331062088120.webp\"><\/figure>\n<p>\u00d6\u011frencilerin Merkezi Sistem s\u0131navlar\u0131na haz\u0131rlan\u0131rken yorulduklar\u0131n\u0131 an\u0131msatan Kaymakam Sapmaz, ger\u00e7ekle\u015ftirilen mangal ve piknik organizasyonlar\u0131n\u0131n yan\u0131 s\u0131ra sportif,sosyal ve k\u00fclt\u00fcrel faaliyetler ile \u00f6\u011frencilerin s\u0131nav yorgunluklar\u0131n\u0131 \u00fczerlerinden atarak dinlenmelerin e imkan sa\u011flad\u0131klar\u0131n\u0131 ifade etti<\/p>\n<figure><img decoding=\"async\" src=\"https:\/\/caykaragundem.com\/resimler\/2026-1\/7\/804221408317471.webp\"><\/figure>\n<p>          <\/div>\n","protected":false},"excerpt":{"rendered":"<p>Trabzon\u2019un \u00c7aykara \u0130l\u00e7esinde Kaymakam Ali Sapmaz ve Belediye Ba\u015fkjan\u0131 Hanefi Tok Ak\u015fam ET\u00dcT\u2019leri kapsam\u0131nda \u00f6\u011frenciler i\u00e7in organize edilen Mangal Organizassyonunda \u00f6\u011frenciler ile bir araya geldi. \u00c7aykara Anadolu Lisesi ile \u00c7aykara Zeki Bilge Ortaokulu\u2019ndan ET\u00dcT \u00e7al\u0131\u015fmalar\u0131na kat\u0131lan \u00a0\u00f6\u011frencileri i\u00e7in 7 Ocak 2026 \u00c7ar\u015famba ak\u015fam\u0131 \u00c7aykara \u0130l\u00e7e Milli E\u011fitim M\u00fcd\u00fcr\u00fc Ahmet \u00c7amurali\u2019nin Organizasyonunda mangal etkinli\u011fi ger\u00e7ekle\u015ftirildi. Mangal [&hellip;]<\/p>\n","protected":false},"author":1,"featured_media":5445,"comment_status":"open","ping_status":"open","sticky":false,"template":"","format":"standard","meta":{"tdm_status":"","tdm_grid_status":"","footnotes":""},"categories":[40],"tags":[],"class_list":{"0":"post-5444","1":"post","2":"type-post","3":"status-publish","4":"format-standard","5":"has-post-thumbnail","7":"category-caykara"},"_links":{"self":[{"href":"https:\/\/zeleka.com\/index.php?rest_route=\/wp\/v2\/posts\/5444","targetHints":{"allow":["GET"]}}],"collection":[{"href":"https:\/\/zeleka.com\/index.php?rest_route=\/wp\/v2\/posts"}],"about":[{"href":"https:\/\/zeleka.com\/index.php?rest_route=\/wp\/v2\/types\/post"}],"author":[{"embeddable":true,"href":"https:\/\/zeleka.com\/index.php?rest_route=\/wp\/v2\/users\/1"}],"replies":[{"embeddable":true,"href":"https:\/\/zeleka.com\/index.php?rest_route=%2Fwp%2Fv2%2Fcomments&post=5444"}],"version-history":[{"count":0,"href":"https:\/\/zeleka.com\/index.php?rest_route=\/wp\/v2\/posts\/5444\/revisions"}],"wp:featuredmedia":[{"embeddable":true,"href":"https:\/\/zeleka.com\/index.php?rest_route=\/wp\/v2\/media\/5445"}],"wp:attachment":[{"href":"https:\/\/zeleka.com\/index.php?rest_route=%2Fwp%2Fv2%2Fmedia&parent=5444"}],"wp:term":[{"taxonomy":"category","embeddable":true,"href":"https:\/\/zeleka.com\/index.php?rest_route=%2Fwp%2Fv2%2Fcategories&post=5444"},{"taxonomy":"post_tag","embeddable":true,"href":"https:\/\/zeleka.com\/index.php?rest_route=%2Fwp%2Fv2%2Ftags&post=5444"}],"curies":[{"name":"wp","href":"https:\/\/api.w.org\/{rel}","templated":true}]}}