{"id":5442,"date":"2026-01-07T12:31:23","date_gmt":"2026-01-07T09:31:23","guid":{"rendered":"https:\/\/zeleka.com\/?p=5442"},"modified":"2026-01-07T12:31:23","modified_gmt":"2026-01-07T09:31:23","slug":"askon-trabzon-turizm-sektoru-baskani-mustafa-akyuz-uzungolde-duzenlenecek-kis-festivali-kapsaminda-konaklama-fiyatlariyla-ilgili-kamuoyuna-aciklamada-bulund","status":"publish","type":"post","link":"https:\/\/zeleka.com\/?p=5442","title":{"rendered":"<div id=\"detaymetin\">                            <p><span>ASKON \u00a0Trabzon Turizm Sekt\u00f6r\u00fc Ba\u015fkan\u0131 Mustafa Aky\u00fcz, Uzung\u00f6l\u2019de d\u00fczenlenecek K\u0131\u015f Festivali kapsam\u0131nda konaklama fiyatlar\u0131yla ilgili kamuoyuna a\u00e7\u0131klamada bulundu.<\/span><\/p><p><span>Ba\u015fkan Mustafa A"},"content":{"rendered":"<div id=\"detaymetin\">\n<p><span>ASKON \u00a0Trabzon Turizm Sekt\u00f6r\u00fc Ba\u015fkan\u0131 Mustafa Aky\u00fcz, Uzung\u00f6l\u2019de d\u00fczenlenecek K\u0131\u015f Festivali kapsam\u0131nda konaklama fiyatlar\u0131yla ilgili kamuoyuna a\u00e7\u0131klamada bulundu.<\/span><\/p>\n<p><span>Ba\u015fkan Mustafa Aky\u00fcz taraf\u0131ndan ger\u00e7ekle\u015ftirilen Bas\u0131n A\u00e7\u0131klamas\u0131nda \u015fu ifadelere yer verildi.<\/span><\/p>\n<figure><img decoding=\"async\" src=\"https:\/\/caykaragundem.com\/resimler\/2026-1\/7\/5939380079752.webp\"><\/figure>\n<p><span>Uzung\u00f6l esnaf\u0131 ile yap\u0131lan isti\u015fare toplant\u0131s\u0131 sonucunda, k\u0131\u015f turizmini canland\u0131rmak ve festival s\u00fcrecinde b\u00f6lgeye gelecek misafirlerin uygun ko\u015fullarda konaklamas\u0131n\u0131 sa\u011flamak amac\u0131yla otel fiyatlar\u0131n\u0131n sabit tutulmas\u0131 kararla\u015ft\u0131r\u0131ld\u0131.<\/span><\/p>\n<p><span>Al\u0131nan karar do\u011frultusunda Uzung\u00f6l\u2019de festival s\u00fcresince uygulanacak konaklama fiyatlar\u0131 \u015fu \u015fekilde belirlendi:<\/span><\/p>\n<p><span>2 ki\u015filik oda \u2013 kahvalt\u0131 dahil: 3.500 TL<\/span><br \/><span>2 ki\u015filik oda \u2013 kahvalt\u0131 hari\u00e7: 2.500 TL<\/span><\/p>\n<p><span>Mustafa Aky\u00fcz a\u00e7\u0131klamas\u0131nda, \u201cUzung\u00f6l esnaf\u0131 olarak k\u0131\u015f turizmine katk\u0131 sunmak, b\u00f6lge ekonomisini canland\u0131rmak ve misafirlerimizi en iyi \u015fekilde a\u011f\u0131rlamak ad\u0131na fiyat istikrar\u0131 sa\u011flad\u0131k. Bu \u00f6nemli organizasyona ciddi bir kat\u0131l\u0131m bekliyoruz\u201d ifadelerini kulland\u0131.<\/span><\/p>\n<p><span>Aky\u00fcz ayr\u0131ca, festivalin hayata ge\u00e7irilmesinde eme\u011fi ge\u00e7en ba\u015fta kamu kurumlar\u0131 olmak \u00fczere, derneklere, Uzung\u00f6l esnaf\u0131na ve Uzung\u00f6l halk\u0131na te\u015fekk\u00fcr ederek, organizasyonun b\u00f6lge turizmine \u00f6nemli katk\u0131lar sunaca\u011f\u0131n\u0131 vurgulad\u0131.<\/span><\/p>\n<p><span><strong>Aile Dostu Festival<\/strong><\/span><\/p>\n<p><span>\u00c7ocuklu ailelerin de unutulmad\u0131\u011f\u0131 festivalde, 0-6 ya\u015f aras\u0131 minik misafirler \u00fccretsiz a\u011f\u0131rlan\u0131rken; 6-12 ya\u015f grubu i\u00e7in uygun ek \u00fccret avantajlar\u0131 sunuluyor. Festival y\u00f6netimi, yo\u011fun talep beklendi\u011fini belirterek kat\u0131l\u0131mc\u0131lar\u0131n \u00f6n rezervasyon yapt\u0131rmalar\u0131 konusunda hat\u0131rlatmada bulundu.<\/span><\/p>\n<p><span><strong>Turizme K\u0131\u015f Dopingi<\/strong><\/span><\/p>\n<p><span>B\u00f6lge esnaf\u0131 ve turizmciler, festivalin Uzung\u00f6l\u2019\u00fcn k\u0131\u015f potansiyelini d\u00fcnyaya tan\u0131tmak i\u00e7in b\u00fcy\u00fck bir f\u0131rsat oldu\u011funu vurguluyor. Festival s\u00fcresince yerel sanat\u00e7\u0131lar\u0131n performanslar\u0131, horon g\u00f6sterileri ve k\u0131\u015fa \u00f6zel outdoor etkinliklerin Uzung\u00f6l sahilinde renkli g\u00f6r\u00fcnt\u00fcler olu\u015fturmas\u0131 bekleniyor.<\/span><\/p>\n<p>          <\/div>\n","protected":false},"excerpt":{"rendered":"<p>ASKON \u00a0Trabzon Turizm Sekt\u00f6r\u00fc Ba\u015fkan\u0131 Mustafa Aky\u00fcz, Uzung\u00f6l\u2019de d\u00fczenlenecek K\u0131\u015f Festivali kapsam\u0131nda konaklama fiyatlar\u0131yla ilgili kamuoyuna a\u00e7\u0131klamada bulundu. Ba\u015fkan Mustafa Aky\u00fcz taraf\u0131ndan ger\u00e7ekle\u015ftirilen Bas\u0131n A\u00e7\u0131klamas\u0131nda \u015fu ifadelere yer verildi. Uzung\u00f6l esnaf\u0131 ile yap\u0131lan isti\u015fare toplant\u0131s\u0131 sonucunda, k\u0131\u015f turizmini canland\u0131rmak ve festival s\u00fcrecinde b\u00f6lgeye gelecek misafirlerin uygun ko\u015fullarda konaklamas\u0131n\u0131 sa\u011flamak amac\u0131yla otel fiyatlar\u0131n\u0131n sabit tutulmas\u0131 kararla\u015ft\u0131r\u0131ld\u0131. [&hellip;]<\/p>\n","protected":false},"author":1,"featured_media":5443,"comment_status":"open","ping_status":"open","sticky":false,"template":"","format":"standard","meta":{"tdm_status":"","tdm_grid_status":"","footnotes":""},"categories":[40],"tags":[],"class_list":{"0":"post-5442","1":"post","2":"type-post","3":"status-publish","4":"format-standard","5":"has-post-thumbnail","7":"category-caykara"},"_links":{"self":[{"href":"https:\/\/zeleka.com\/index.php?rest_route=\/wp\/v2\/posts\/5442","targetHints":{"allow":["GET"]}}],"collection":[{"href":"https:\/\/zeleka.com\/index.php?rest_route=\/wp\/v2\/posts"}],"about":[{"href":"https:\/\/zeleka.com\/index.php?rest_route=\/wp\/v2\/types\/post"}],"author":[{"embeddable":true,"href":"https:\/\/zeleka.com\/index.php?rest_route=\/wp\/v2\/users\/1"}],"replies":[{"embeddable":true,"href":"https:\/\/zeleka.com\/index.php?rest_route=%2Fwp%2Fv2%2Fcomments&post=5442"}],"version-history":[{"count":0,"href":"https:\/\/zeleka.com\/index.php?rest_route=\/wp\/v2\/posts\/5442\/revisions"}],"wp:featuredmedia":[{"embeddable":true,"href":"https:\/\/zeleka.com\/index.php?rest_route=\/wp\/v2\/media\/5443"}],"wp:attachment":[{"href":"https:\/\/zeleka.com\/index.php?rest_route=%2Fwp%2Fv2%2Fmedia&parent=5442"}],"wp:term":[{"taxonomy":"category","embeddable":true,"href":"https:\/\/zeleka.com\/index.php?rest_route=%2Fwp%2Fv2%2Fcategories&post=5442"},{"taxonomy":"post_tag","embeddable":true,"href":"https:\/\/zeleka.com\/index.php?rest_route=%2Fwp%2Fv2%2Ftags&post=5442"}],"curies":[{"name":"wp","href":"https:\/\/api.w.org\/{rel}","templated":true}]}}